{"id":8261,"date":"2018-03-29T17:26:17","date_gmt":"2018-03-29T20:26:17","guid":{"rendered":"https:\/\/quasarcomunicacion.com.ar\/web\/?p=8261"},"modified":"2018-03-29T17:26:17","modified_gmt":"2018-03-29T20:26:17","slug":"traful-food-wine-tendra-su-lanzamiento-en-alto-traful","status":"publish","type":"post","link":"https:\/\/quasarcomunicacion.com.ar\/web\/traful-food-wine-tendra-su-lanzamiento-en-alto-traful\/","title":{"rendered":"Traful Food &#038; Wine tendr\u00e1 su lanzamiento en Alto Traful"},"content":{"rendered":"<p style=\"text-align: left;\" align=\"center\"><span style=\"font-family: Verdana; font-size: small;\">El pr\u00f3ximo s\u00e1bado 7 de abril por primera vez Villa Traful, en el coraz\u00f3n de los 7 Lagos neuquinos, ser\u00e1 el punto de partida de un Festival Gastron\u00f3mico \u00fanico en la Regi\u00f3n: El Traful Food &amp; Wine 2018. Y <\/span><b style=\"font-family: Verdana; font-size: small;\"> Alto Traful Apart Hotel<\/b><span style=\"font-family: Verdana; font-size: small;\"> es el lugar elegido para que Pablo Buzzo y Daniel Ur\u00eda sean anfitriones de un selecto ensamble de cocineros.<!--more--><\/span><\/p>\n<p>\u00a0<a href=\"https:\/\/quasarcomunicacion.com.ar\/web\/wp-content\/uploads\/2018\/03\/chefs.gif\"><img class=\"aligncenter\" alt=\"chefs\" src=\"https:\/\/quasarcomunicacion.com.ar\/web\/wp-content\/uploads\/2018\/03\/chefs.gif\" \/><\/a><\/p>\n<p><span style=\"font-family: Verdana; font-size: small;\">En esta oportunidad, Pablo Buzzo (Torino Bar &amp; Bistr\u00f3) y Daniel Ur\u00eda (Compa\u00f1\u00eda de Chocolates) ser\u00e1n los responsables de componer un men\u00fa pleno de identidad y sabores de la Patagonia para un grupo selecto de invitados especiales.<\/span><\/p>\n<p><span style=\"font-family: Verdana; font-size: small;\">Alrededor de 60 personas ser\u00e1n los testigos y part\u00edcipes del nacimiento del <b>Festival Traful Food &amp; Wine 2018 <\/b>que tendr\u00e1 lugar en Villa Traful durante la segunda parte del a\u00f1o.<\/span><\/p>\n<p><a href=\"https:\/\/quasarcomunicacion.com.ar\/web\/wp-content\/uploads\/2018\/03\/altotraful1.gif\"><img class=\"aligncenter\" alt=\"altotraful1\" src=\"https:\/\/quasarcomunicacion.com.ar\/web\/wp-content\/uploads\/2018\/03\/altotraful1.gif\" \/><\/a><\/p>\n<p><span style=\"font-family: Verdana; font-size: small;\">Tambi\u00e9n ser\u00e1n de la partida medios de prensa del \u00e1mbito regional y nacional que disfrutar\u00e1n de este almuerzo \u00fanico con lo mejor de la cocina patag\u00f3nica. <\/span><\/p>\n<p><span style=\"font-family: Verdana; font-size: small;\">El men\u00fa estar\u00e1 acompa\u00f1ado por Vinos de la Bodega Catena Zapata y finalizar\u00e1 el evento con una recorrida por el hotel y visita al centro c\u00edvico de Villa Traful.<\/span><\/p>\n<p><b><span style=\"font-family: Verdana; font-size: small;\">Acerca de Alto Traful<\/span><\/b><\/p>\n<p><span style=\"font-family: Verdana; font-size: small;\"><b>Alto Traful<\/b>, el secreto mejor escondido de la Patagonia Argentina. Descubr\u00ed Villa Traful, un para\u00edso en el camino de los 7 lagos, con sus paisajes agrestes, su belleza \u00fanica y su tranquilidad incomparable. <\/span><\/p>\n<p><span style=\"font-family: Verdana; font-size: small;\">Dentro de este espacio se construy\u00f3 el sue\u00f1o de <b>Alto Traful Apart Hotel<\/b>, con 27 habitaciones interconectadas pensados para hacer de tu estad\u00eda una experiencia \u00fanica y confortable. Entre los amenities, se destaca la Piscina Climatizada, con jacuzzi, la Sala de Relax y Masajes y el Lounge con vista panor\u00e1mica y deck al aire libre. <\/span><\/p>\n<p><span style=\"font-family: Verdana; font-size: small;\">Esta confluencia de atractivos es lo que hacen de <b>Alto Traful Apart Hotel<\/b> y Villa Traful un destino \u00fanico, combinando paisajes, fauna, flora, deporte, tradici\u00f3n y gastronom\u00eda; todo en un s\u00f3lo lugar.<\/span><\/p>\n<p><span style=\"font-family: Verdana; font-size: small;\"><b>Alto Traful <\/b>ofrece servicios de alojamiento y esparcimiento integral sustentable, privilegiando el confort y la calidez desarrollando un ambiente c\u00e1lido, acogedor, pero de vanguardia. Todo en medio de la naturaleza m\u00e1s pura. <\/span><\/p>\n<p><span style=\"font-family: Verdana; font-size: small;\">Con una superficie total de 2000 m2, el apart hotel cuenta con 60 plazas, distribuidas en 27 habitaciones, las cuales pueden ser combinadas de diversas formas, seg\u00fan la cantidad de hu\u00e9spedes y el tipo de estad\u00eda. As\u00ed podemos encontrar Suites tradicionales, Studios y Lofts ,que combinados pueden albergar a grupos de hasta 8 personas. El concepto de Alto Traful Apart Hotel es brindarles a nuestros hu\u00e9spedes la calidez y la versatilidad del hogar. Entre los amenities, se destaca la Piscina Climatizada, con Jacuzzi, la Sala de Relax y Masajes, el Lounge con vista panor\u00e1mica y el Wine Bar, que cuenta tambi\u00e9n con un deck al aire libre.<\/span><\/p>\n<p><b><span style=\"font-family: Verdana; font-size: small;\">Alto Traful<\/span><\/b><span style=\"font-family: Verdana; font-size: small;\"> es uno de los establecimientos gerenciados por <b>Tandem Hoteles.<\/b><\/span><\/p>\n<p><b><span style=\"font-family: Verdana; font-size: small;\">Acerca de Tandem<\/span><\/b><\/p>\n<p><b> TANDEM<\/b> es una compa\u00f1\u00eda que brinda servicios globales vinculados con el \u00e1rea hotelera y servicios tur\u00edsticos de excepci\u00f3n. Los crea, administra, promueve y coloca en el centro de la acci\u00f3n.<\/p>\n<p>M\u00e1s info <a href=\"http:\/\/www.tandemhoteles.com\/\"> http:\/\/www.tandemhoteles.com\/<\/a><\/p>\n<p align=\"center\"><span style=\"font-family: Verdana; font-size: small;\">Acceso a toda la informaci\u00f3n ingresando en <a href=\"http:\/\/www.quasarcomunicacion.com.ar\/web\/tamdem\"> www.quasarcomunicacion.com.ar\/web\/tamdem<\/a> <\/span><\/p>\n<p align=\"right\"><span style=\"font-size: small;\"><b><i><span style=\"font-family: Arial;\">Por\u00a0 im\u00e1genes, audios o entrevistas no dude en contactarse<\/span><\/i><\/b><\/span><\/p>\n<div align=\"center\"><center><\/p>\n<div align=\"center\"><center><\/p>\n<p align=\"center\"><span style=\"font-size: small;\"><b><i> Contactos de Prensa<\/i><\/b><\/span><\/p>\n<div align=\"left\">\n<table width=\"100%\" border=\"1\" cellpadding=\"2\" align=\"left\">\n<tbody>\n<tr>\n<td align=\"center\" width=\"50%\">\n<p align=\"left\"><span style=\"font-size: medium;\"><strong><span style=\"color: #808080; font-family: Arial; font-size: small;\"> Candela Villanueva &#8211; Asistente de Cuentas<\/p>\n<p><\/span> <\/strong><\/span> <span style=\"font-size: xx-small;\"><span style=\"color: #ff0000;\"> Directo<\/span><b>: <\/b> 0230<\/span><span style=\"font-size: xx-small;\">-4664772<br \/>\n<\/span><span style=\"color: #ff0000; font-size: xx-small;\"> Skype:<\/span><span style=\"font-size: xx-small;\"> quasarcomunicacion<br \/>\n<\/span><span style=\"color: #ff0000; font-size: xx-small;\"> Twitter:<\/span><span style=\"font-size: xx-small;\"> @quasarpilar<br \/>\n<\/span><span style=\"color: #ff0000; font-size: xx-small;\"> Gr<\/span><span style=\"color: #ff0000; font-size: xx-small;\">upo y p\u00e1gina en Facebook: <\/span> <span style=\"color: #808080; font-size: xx-small;\">www.facebook.com\/<\/span><a href=\"mailto:mfipata@gmail.com\"><span style=\"font-size: xx-small;\">Quasar<\/span><\/a><span style=\"font-size: xx-small;\">Comunicacion<br \/>\n<\/span><span style=\"color: #ff0000; font-size: xx-small;\"> Web:<\/span><b><\/b> <a href=\"http:\/\/www.quasarcomunicacion.com.ar\/\"> <span style=\"font-size: xx-small;\">www.quasarcomunicacion.com.ar<\/span><\/a><\/p>\n<p align=\"left\"><span style=\"font-size: xx-small;\"> <span style=\"color: #ff0000;\">Mail<\/span><b>:<\/b><\/span><span style=\"font-size: xx-small;\"> <a href=\"mailto:fernanda@quasarcomunicacion.com.ar\"> candela<\/a><a href=\"mailto:fernanda@quasarcomunicacion.com.ar\">@quasarcomunicacion.com.ar<\/a><\/span><\/p>\n<\/td>\n<td align=\"center\" width=\"50%\">\n<p align=\"right\"><span style=\"font-size: medium;\"><strong> <span style=\"color: #808080; font-family: Arial; font-size: small;\"> Lic. Mar\u00eda Fernanda Ipata &#8211; Directora<br \/>\n<\/span> <\/strong><\/span> <span style=\"font-size: xx-small;\"><span style=\"color: #ff0000;\"><br \/>\nDirecto<\/span><b>: <\/b> 0230<\/span><span style=\"font-size: xx-small;\">-4664772<\/span><span style=\"font-size: xx-small;\"><br \/>\n<\/span><span style=\"font-size: xx-small;\"> <span style=\"color: #ff0000;\">M\u00f3vil:<\/span><b> <\/b> 0230<\/span><span style=\"font-size: xx-small;\">-15-4584535<br \/>\n<\/span><span style=\"color: #ff0000; font-size: xx-small;\"> Skype:<\/span><span style=\"font-size: xx-small;\"> quasarcomunicacion<br \/>\n<\/span><span style=\"color: #ff0000; font-size: xx-small;\"> Twitter:<\/span><span style=\"font-size: xx-small;\"> @quasarpilar<br \/>\n<\/span><span style=\"color: #ff0000; font-size: xx-small;\"> Gr<\/span><span style=\"color: #ff0000; font-size: xx-small;\">upo y p\u00e1gina en Facebook: <\/span> <span style=\"color: #808080; font-size: xx-small;\">www.facebook.com\/<\/span><a href=\"mailto:mfipata@gmail.com\"><span style=\"font-size: xx-small;\">Quasar<\/span><\/a><span style=\"font-size: xx-small;\">Comunicacion<br \/>\n<\/span><span style=\"font-size: xx-small;\"> <span style=\"color: #ff0000;\">LinkedIn<\/span><b>:\u00a0 <\/b><\/span> <span style=\"font-size: xx-small;\"><b> <a href=\"http:\/\/www.linkedin.com\/in\/mfipata\"> http:\/\/www.linkedin.com\/in\/mfipata<\/a><\/b><\/span><span style=\"font-size: xx-small;\"><br \/>\n<\/span><span style=\"color: #ff0000; font-size: xx-small;\"> Web:<\/span><b><\/b> <a href=\"http:\/\/www.quasarcomunicacion.com.ar\/\"> <span style=\"font-size: xx-small;\">www.quasarcomunicacion.com.ar<\/span><\/a><span style=\"font-size: xx-small;\"><br \/>\n<\/span><span style=\"font-size: xx-small;\"> <span style=\"color: #ff0000;\"> Mail<\/span><b>:<\/b><\/span><span style=\"font-size: xx-small;\"><a href=\"mailto:fernanda@quasarcomunicacion.com.ar\"> fernanda@quasarcomunicacion.com.ar<\/a><\/span><\/p>\n<\/td>\n<\/tr>\n<\/tbody>\n<\/table>\n<\/div>\n<p><\/center><\/div>\n<p><\/center><\/div>\n","protected":false},"excerpt":{"rendered":"<p>El pr\u00f3ximo s\u00e1bado 7 de abril por primera vez Villa Traful, en el coraz\u00f3n de los 7 Lagos neuquinos, ser\u00e1 [&hellip;]<\/p>\n","protected":false},"author":2,"featured_media":8259,"comment_status":"open","ping_status":"open","sticky":false,"template":"","format":"standard","meta":[],"categories":[2],"tags":[],"_links":{"self":[{"href":"https:\/\/quasarcomunicacion.com.ar\/web\/wp-json\/wp\/v2\/posts\/8261"}],"collection":[{"href":"https:\/\/quasarcomunicacion.com.ar\/web\/wp-json\/wp\/v2\/posts"}],"about":[{"href":"https:\/\/quasarcomunicacion.com.ar\/web\/wp-json\/wp\/v2\/types\/post"}],"author":[{"embeddable":true,"href":"https:\/\/quasarcomunicacion.com.ar\/web\/wp-json\/wp\/v2\/users\/2"}],"replies":[{"embeddable":true,"href":"https:\/\/quasarcomunicacion.com.ar\/web\/wp-json\/wp\/v2\/comments?post=8261"}],"version-history":[{"count":0,"href":"https:\/\/quasarcomunicacion.com.ar\/web\/wp-json\/wp\/v2\/posts\/8261\/revisions"}],"wp:featuredmedia":[{"embeddable":true,"href":"https:\/\/quasarcomunicacion.com.ar\/web\/wp-json\/wp\/v2\/media\/8259"}],"wp:attachment":[{"href":"https:\/\/quasarcomunicacion.com.ar\/web\/wp-json\/wp\/v2\/media?parent=8261"}],"wp:term":[{"taxonomy":"category","embeddable":true,"href":"https:\/\/quasarcomunicacion.com.ar\/web\/wp-json\/wp\/v2\/categories?post=8261"},{"taxonomy":"post_tag","embeddable":true,"href":"https:\/\/quasarcomunicacion.com.ar\/web\/wp-json\/wp\/v2\/tags?post=8261"}],"curies":[{"name":"wp","href":"https:\/\/api.w.org\/{rel}","templated":true}]}}