{"id":823,"date":"2012-09-21T12:59:29","date_gmt":"2012-09-21T12:59:29","guid":{"rendered":"http:\/\/quasarcomunicacion.wordpress.com\/?p=823"},"modified":"2012-09-21T12:59:29","modified_gmt":"2012-09-21T12:59:29","slug":"nueva-fecha-miercoles-26-de-septiembre-seminario-gratuito-de-marketing-ferial","status":"publish","type":"post","link":"https:\/\/quasarcomunicacion.com.ar\/web\/nueva-fecha-miercoles-26-de-septiembre-seminario-gratuito-de-marketing-ferial\/","title":{"rendered":"NUEVA FECHA: mi\u00e9rcoles 26 de septiembre &quot;Seminario Gratuito de Marketing Ferial&quot;"},"content":{"rendered":"<p style=\"text-align:left;\" align=\"center\">\u00a0<span style=\"font-family:Verdana;font-size:small;\"><strong>Pilar de Feria<\/strong>\u00a0junto a\u00a0<strong>Qu\u00e1sar Comunicaci\u00f3n<\/strong>\u00a0organizan un nuevo encuentro, esta vez sobre\u00a0<strong>\u00abMarketing Ferial para Emprendedores\u00bb<\/strong>. La charla se dar\u00e1 el mi\u00e9rcoles 26 de septiembre a las 19 hs en el local 110 del primer piso del shopping Pilar Point. Los interesados pueden inscribirse o recibir m\u00e1s informaci\u00f3n escribiendo a\u00a0<a href=\"mailto:info@pilardeferia.com.ar\">info@pilardeferia.com.ar<\/a>\u00a0\u00f3 llamando al 011-15-6742-7635 ID 558*3763<!--more--><\/span><\/p>\n<p><img loading=\"lazy\" src=\"http:\/\/www.quasarcomunicacion.com.ar\/pilardeferia\/2012\/marketing.gif\" alt=\"\" width=\"500\" height=\"375\" \/><br \/>\n<span style=\"font-family:Verdana;font-size:small;\">El evento es organizado por\u00a0<strong>Pilar de Feria<\/strong>\u00a0y ser\u00e1 dado por profesionales de la consultora Qu\u00e1sar Comunicaci\u00f3n.<\/span><br \/>\n<span style=\"font-family:Verdana;font-size:small;\">Durante una hora aproximadamente se hablar\u00e1 sobre la importancia del \u00abMarketing Ferial para Emprendedores\u00bb. Luego, como ya es costumbre en estos encuentros gratuitos, habr\u00e1 espacio para el networking y el intercambio de informaci\u00f3n y contactos.<\/span><br \/>\n<img loading=\"lazy\" src=\"http:\/\/www.quasarcomunicacion.com.ar\/pilardeferia\/2012\/marketingferial1.gif\" alt=\"\" width=\"500\" height=\"418\" \/><br \/>\n<span style=\"font-family:Verdana;font-size:small;\">Se entregar\u00e1 certificado de asistencia a los presentes.<\/span><br \/>\n<span style=\"font-family:Verdana;font-size:small;\">\u00abEl\u00a0marketing ferial\u00a0es, posiblemente, el menos conocido de las disciplinas del marketing. Sin embargo, no cabe ninguna duda de su potencia en cuanto herramienta para la promoci\u00f3n y el marketing de las empresas expositoras\u00bb, aseguran desde Qu\u00e1sar Comunicaci\u00f3n.<\/span><br \/>\n<span style=\"font-family:Verdana;font-size:small;\">Se abordar\u00e1n conceptos que no solo ser\u00e1n aplicables a la participaci\u00f3n en ferias, sino que involucrar\u00e1n la presentaci\u00f3n de productos, el armado de vidrieras, etc.<\/span><br \/>\n<img loading=\"lazy\" src=\"http:\/\/www.quasarcomunicacion.com.ar\/pilardeferia\/2012\/marketing1.gif\" alt=\"\" width=\"500\" height=\"422\" \/><br \/>\n<span style=\"font-family:Verdana;font-size:small;\">\u00abLas exposiciones o ferias son verdaderos Centros de Negocios en los que se encuentra la oferta y la demanda en un espacio concreto, lo que permite la relaci\u00f3n personal, el conocimiento de las reacciones de los clientes, la posibilidad de establecer acuerdos, presentar novedades al p\u00fablico objetivo, nuevos negocios, la posibilidad de conocer lo que hace la competencia, descubrir las nuevas tendencias en el sector, etc.\u00bb, contin\u00faan.<\/span><br \/>\n<img loading=\"lazy\" src=\"http:\/\/www.quasarcomunicacion.com.ar\/pilardeferia\/2012\/marketing2.gif\" alt=\"\" width=\"500\" height=\"375\" \/><br \/>\n<span style=\"font-family:Verdana;font-size:small;\">Adem\u00e1s, se analizar\u00e1n las ventajas del marketing ferial y se brindar\u00e1n herramientas para que el paso por una feria tenga el \u00e9xito buscado.<\/span><br \/>\n<span style=\"font-family:Verdana;font-size:small;\">Durante la charla se pondr\u00e1n sobre la mesa los lineamientos generales para garantizar el \u00e9xito de los expositores que participan de diversas ferias que se organizan en la zona y c\u00f3mo encarar la comunicaci\u00f3n de su emprendimiento, antes, durante y luego de dicho evento.<\/span><br \/>\n<span style=\"font-family:Verdana;font-size:small;\">\u00abLa idea es poder brindar herramientas b\u00e1sicas para que cada expositor le saque el mayor beneficio a una Feria. Se ofrecer\u00e1n recursos para aprovechar antes, durante y despu\u00e9s, de la mejor manera posible, el paso por una feria\u00bb, anticiparon los profesionales.<\/span><br \/>\n<span style=\"font-family:Verdana;font-size:small;\">Tambi\u00e9n se aportar\u00e1n lineamientos sobre la presencia en redes sociales y la comunicaci\u00f3n de sus productos y servicios antes, durante y despu\u00e9s de una Feria.<\/span><br \/>\n<span style=\"font-family:Verdana;font-size:small;\">Adem\u00e1s, se brindar\u00e1 informaci\u00f3n sobre la\u00a0<strong>IV Edici\u00f3n de Pilar de Feria &#8211; D\u00eda de la Madre<\/strong>, que tendr\u00e1 lugar el 13 de octubre en Pilar Point<\/span><br \/>\n<span style=\"font-family:Verdana;font-size:small;\">Esta actividad de capacitaci\u00f3n se da en el marco de la organizaci\u00f3n de<strong>Pilar de Feria &#8211; IV Edici\u00f3n D\u00eda de la Madre<\/strong>, que se realizar\u00e1 el pr\u00f3ximo s\u00e1bado 13 de octubre en Pilar Point) Ya se encuentra abierta la inscripci\u00f3n para los expositores interesados. Informes en\u00a0<a href=\"http:\/\/www.pilardeferia.com.ar\/\">www.pilardeferia.com.ar<\/a>\u00a0o a<a href=\"mailto:info@pilardeferia.com.ar\">info@pilardeferia.com.ar<\/a>\u00a0o al 011-15-6742-7635 ID 558*3763<\/span><br \/>\n<span style=\"font-family:Verdana;font-size:small;\">Tambi\u00e9n podr\u00e1 acceder a m\u00e1s informaci\u00f3n en facebook en<a href=\"http:\/\/www.facebook.com\/pilardeferia\">www.facebook.com\/pilardeferia<\/a>\u00a0o participar del grupo Emprender HOY<\/span><br \/>\n<strong><span style=\"font-family:Verdana;font-size:small;\">Acerca de Pilar de Feria<\/span><\/strong><br \/>\n<span style=\"font-family:Verdana;font-size:xx-small;\"><img loading=\"lazy\" src=\"http:\/\/www.pilardeferia.com.ar\/imagenes\/logo2.gif\" alt=\"\" width=\"300\" height=\"212\" align=\"right\" border=\"0\" \/><\/span><br \/>\n<span style=\"font-family:Verdana;font-size:xx-small;\"><strong>Pilar de Feria<\/strong>\u00a0es un evento permanente y tem\u00e1tico que, seg\u00fan la \u00e9poca del a\u00f1o, posee diversos t\u00f3picos.<\/span><br \/>\n<span style=\"font-family:Verdana;font-size:xx-small;\">La entrada siempre es libre y gratuita para todo el p\u00fablico.<\/span><br \/>\n<span style=\"font-family:Verdana;font-size:xx-small;\">Como signo distintivo, a la muestra de productos y servicios se le agregan eventos y otras propuestas como valor agregado para convertirse en una excelente herramienta de marketing, difusi\u00f3n y venta. Adem\u00e1s, de un recomendable paseo en familia.<\/span><br \/>\n<span style=\"font-family:Verdana;font-size:xx-small;\">Ya se encuentra abierta la inscripci\u00f3n para los expositores interesados en futuras ediciones.<\/span><br \/>\n<strong><span style=\"font-family:Verdana;font-size:small;\">Acerca de Qu\u00e1sar Comunicaci\u00f3n<\/span><\/strong><br \/>\n<img loading=\"lazy\" src=\"https:\/\/quasarcomunicacion.com.ar\/home_r1_c1.gif\" alt=\"\" width=\"180\" height=\"119\" align=\"right\" \/><span style=\"font-family:Verdana;font-size:xx-small;\">Qu\u00e1sar Comunicaci\u00f3n es una empresa especializada en estrategias de comunicaci\u00f3n, comunicaci\u00f3n interna, relaciones p\u00fablicas, organizaci\u00f3n de eventos, Community Manager y difusi\u00f3n period\u00edstica; intr\u00ednsecamente ligada a los medios de informaci\u00f3n.<\/span><br \/>\n<span style=\"font-family:Verdana;font-size:xx-small;\">La informaci\u00f3n de los clientes llega, a trav\u00e9s de Qu\u00e1sar Comunicaci\u00f3n, a los periodistas y medios de comunicaci\u00f3n que a su vez la difundir\u00e1n al p\u00fablico objetivo.<\/span><br \/>\n<span style=\"font-family:Verdana;font-size:xx-small;\">Con la gesti\u00f3n en redes sociales tambi\u00e9n llegan a los consumidores finales y clientes de su empresa.\u00a0<\/span><br \/>\n<span style=\"font-family:Verdana;font-size:xx-small;\">Adem\u00e1s, la consultora posee un gran n\u00famero de suscriptores que se engloba dentro del p\u00fablico general, sin ser periodistas o comunicadores.\u00a0<\/span><br \/>\n<span style=\"font-family:Verdana;font-size:xx-small;\">Qu\u00e1sar Comunicaci\u00f3n ofrece a Empresas y Organizaciones servicios de:<\/span><br \/>\n<span style=\"font-family:Verdana;font-size:xx-small;\">Utilizando innovadoras tecnolog\u00edas, Qu\u00e1sar\u00a0 Comunicaci\u00f3n sabe c\u00f3mo crear inter\u00e9s en segmentos espec\u00edficos y generar resultados a trav\u00e9s del an\u00e1lisis de las necesidades de su instituci\u00f3n, brindando un asesoramiento integral acerca de qu\u00e9 comunicar, a qui\u00e9n comunic\u00e1rselo y c\u00f3mo dirigir exitosamente la informaci\u00f3n a los medios y target objetivo.<\/span><br \/>\n<span style=\"font-family:Verdana;font-size:xx-small;\">\u00a0Contrariamente a lo que com\u00fanmente se cree, contratar a una consultora de estas caracter\u00edsticas es, en relaci\u00f3n costo-beneficio, absolutamente accesible ya que se adaptan los servicios a sus necesidades y a su realidad organizacional, ya sea en proyectos puntuales, in company o near shore.<\/span><\/p>\n<p align=\"center\"><span style=\"font-family:Verdana;font-size:small;\">Acceso a toda la informaci\u00f3n e im\u00e1genes en alta definici\u00f3n ingresando en<br \/>\n<a href=\"http:\/\/www.quasarcomunicacion.com.ar\/pilardeferia\">www.quasarcomunicacion.com.ar\/pilardeferia<\/a><\/span><\/p>\n","protected":false},"excerpt":{"rendered":"<p>\u00a0Pilar de Feria\u00a0junto a\u00a0Qu\u00e1sar Comunicaci\u00f3n\u00a0organizan un nuevo encuentro, esta vez sobre\u00a0\u00abMarketing Ferial para Emprendedores\u00bb. La charla se dar\u00e1 el mi\u00e9rcoles [&hellip;]<\/p>\n","protected":false},"author":2,"featured_media":0,"comment_status":"open","ping_status":"open","sticky":false,"template":"","format":"standard","meta":[],"categories":[2],"tags":[],"_links":{"self":[{"href":"https:\/\/quasarcomunicacion.com.ar\/web\/wp-json\/wp\/v2\/posts\/823"}],"collection":[{"href":"https:\/\/quasarcomunicacion.com.ar\/web\/wp-json\/wp\/v2\/posts"}],"about":[{"href":"https:\/\/quasarcomunicacion.com.ar\/web\/wp-json\/wp\/v2\/types\/post"}],"author":[{"embeddable":true,"href":"https:\/\/quasarcomunicacion.com.ar\/web\/wp-json\/wp\/v2\/users\/2"}],"replies":[{"embeddable":true,"href":"https:\/\/quasarcomunicacion.com.ar\/web\/wp-json\/wp\/v2\/comments?post=823"}],"version-history":[{"count":0,"href":"https:\/\/quasarcomunicacion.com.ar\/web\/wp-json\/wp\/v2\/posts\/823\/revisions"}],"wp:attachment":[{"href":"https:\/\/quasarcomunicacion.com.ar\/web\/wp-json\/wp\/v2\/media?parent=823"}],"wp:term":[{"taxonomy":"category","embeddable":true,"href":"https:\/\/quasarcomunicacion.com.ar\/web\/wp-json\/wp\/v2\/categories?post=823"},{"taxonomy":"post_tag","embeddable":true,"href":"https:\/\/quasarcomunicacion.com.ar\/web\/wp-json\/wp\/v2\/tags?post=823"}],"curies":[{"name":"wp","href":"https:\/\/api.w.org\/{rel}","templated":true}]}}