{"id":8195,"date":"2018-03-06T11:06:50","date_gmt":"2018-03-06T14:06:50","guid":{"rendered":"https:\/\/quasarcomunicacion.com.ar\/web\/?p=8195"},"modified":"2018-03-06T11:06:50","modified_gmt":"2018-03-06T14:06:50","slug":"la-asociacion-civil-comprometidas-se-reunio-con-el-intendente-nicolas-ducote","status":"publish","type":"post","link":"https:\/\/quasarcomunicacion.com.ar\/web\/la-asociacion-civil-comprometidas-se-reunio-con-el-intendente-nicolas-ducote\/","title":{"rendered":"La Asociaci\u00f3n Civil Comprometidas se reuni\u00f3 con el intendente Nicol\u00e1s Ducot\u00e9"},"content":{"rendered":"<p style=\"text-align: left;\" align=\"center\"><span style=\"font-family: Verdana; font-size: small;\">La asociaci\u00f3n civil sin fines de lucro, <\/span><b style=\"font-family: Verdana; font-size: small;\">Comprometidas<\/b><span style=\"font-family: Verdana; font-size: small;\">, mantuvo una extensa reuni\u00f3n de trabajo con el intendente de Pilar, el Lic. Nicol\u00e1s Ducot\u00e9, en el sal\u00f3n V Centenario de la Municipalidad de Pilar.<\/span><\/p>\n<p align=\"left\"><span style=\"font-family: Verdana; font-size: small;\">Durante la reuni\u00f3n, luego de las presentaciones de rigor de cada asistente, intercambiaron proyectos para comenzar a trabajar en conjunto por un Pilar mejor para todos.<!--more--><\/span><\/p>\n<p align=\"left\"><a href=\"https:\/\/quasarcomunicacion.com.ar\/web\/wp-content\/uploads\/2018\/03\/ducote.gif\"><img class=\"aligncenter\" alt=\"ducote\" src=\"https:\/\/quasarcomunicacion.com.ar\/web\/wp-content\/uploads\/2018\/03\/ducote.gif\" \/><\/a><\/p>\n<p align=\"left\"><span style=\"font-family: Verdana; font-size: small;\">El intendente hizo hincapi\u00e9 en 5 \u00e1reas de inter\u00e9s para el Estado Municipal: mujeres j\u00f3venes y el acompa\u00f1amiento durante el embarazo; la futura maternidad que se est\u00e1 construyendo sobre Panamericana; los espacios de primera infancia; la casa del ni\u00f1o que se inaugurar\u00e1 este a\u00f1o y los adolescentes, fundamentalmente mujeres que abandonan sus estudios secundarios.<\/span><\/p>\n<p align=\"left\"><span style=\"font-family: Verdana; font-size: small;\">Sobre estos ejes acordaron trabajar, convencidos de que tal como dijo el intendente Ducot\u00e9 \u00abComprometidas parece ser un socio muy adecuado para encarar trabajos en conjunto en estas \u00e1reas\u00bb.<\/span><\/p>\n<p align=\"left\"><span style=\"font-family: Verdana; font-size: small;\">Desde la ONG el objetivo era que conozcan su tarea m\u00e1s all\u00e1 de lo que difunden por las redes y lograr avanzar en la firma de convenios con el Municipio para lograr el financiamiento que les permita encarar un trabajo mancomunado.<\/span><\/p>\n<p align=\"left\"><span style=\"font-family: Verdana; font-size: small;\">Los ejes en los que viene trabajando la ONG son: emprendedorismo; en el \u00e1mbito social las ocupa principalmente los ni\u00f1os y la mujer; y por \u00faltimo en el aspecto c\u00edvico ciudadano.<\/span><\/p>\n<p align=\"left\"><a href=\"https:\/\/quasarcomunicacion.com.ar\/web\/wp-content\/uploads\/2018\/03\/ducote1.gif\"><img class=\"aligncenter\" alt=\"ducote1\" src=\"https:\/\/quasarcomunicacion.com.ar\/web\/wp-content\/uploads\/2018\/03\/ducote1.gif\" \/><\/a><\/p>\n<p align=\"left\"><span style=\"font-family: Verdana; font-size: small;\">\u00abEstamos encarando muchos proyectos, tenemos los recursos humanos, la capacidad y los profesionales para seguir creciendo\u00bb, dijo la Dra. Bettina Pancino, presidente de Comprometidas.<\/span><\/p>\n<p align=\"left\"><span style=\"font-family: Verdana; font-size: small;\">\u00abLa reuni\u00f3n fue muy positiva, salimos todas muy contentas y con expectativas ante el compromiso del intendente de seguir trabajando sobre los ejes en los que nos venimos desarrollando\u00bb, dijo Pancino a la salida de la reuni\u00f3n. <\/span><\/p>\n<p align=\"left\"><span style=\"font-family: Verdana; font-size: small;\">\u00abNuestra idea es continuar para concretar un compromiso serio y contundente para comenzar a trabajar con el municipio para poder potenciarnos nosotros y seguir ayudando a la gente que es nuestro prop\u00f3sito y lo que venimos haciendo desde hace un a\u00f1o y medio\u00bb, finaliz\u00f3 Pancino.<\/span><\/p>\n<p align=\"left\"><span style=\"font-family: Verdana; font-size: small;\">La <b>Asociaci\u00f3n Civil \u201cComprometidas\u201d<\/b> es una entidad sin fines de lucro que naci\u00f3 en el a\u00f1o 2016 cuando un grupo de amigas se reuni\u00f3 para tomar conocimiento y comprender las necesidades existentes en el municipio de Pilar. La asociaci\u00f3n se enfoca en ayudar especialmente a ni\u00f1os, ni\u00f1as, adolescentes y adultos mayores en situaci\u00f3n de vulnerabilidad. <\/span><\/p>\n<p align=\"left\"><span style=\"font-family: Verdana; font-size: small;\">M\u00e1s info en <a href=\"https:\/\/www.facebook.com\/ComprometidasAC\/\"> https:\/\/www.facebook.com\/ComprometidasAC\/<\/a> o en Twitter e Instagram como @ComprometidasAC o v\u00eda mail <a href=\"mailto:comprometidasasociaci%C3%B3ncivil@gmail.com\">comprometidasasociacioncivil@gmail.com<\/a>.<\/span><\/p>\n<p align=\"left\"><span style=\"font-size: small;\"><b><i><span style=\"font-family: Arial;\">Por otras im\u00e1genes, audios o entrevistas no dude en contactarse<\/span><\/i><\/b><\/span><\/p>\n<p align=\"center\"><span style=\"font-size: small;\"><b><i> Contactos de Prensa<\/i><\/b><\/span><\/p>\n<div align=\"left\">\n<table width=\"100%\" border=\"1\" cellpadding=\"2\" align=\"left\">\n<tbody>\n<tr>\n<td align=\"center\" width=\"50%\">\n<p align=\"left\"><span style=\"font-size: medium;\"><strong><span style=\"color: #808080; font-family: Arial; font-size: small;\"> Candela Villanueva &#8211; Asistente de Cuentas<\/p>\n<p><\/span> <\/strong><\/span> <span style=\"font-size: xx-small;\"><span style=\"color: #ff0000;\"> Directo<\/span><b>: <\/b> 0230<\/span><span style=\"font-size: xx-small;\">-4664772<br \/>\n<\/span><span style=\"color: #ff0000; font-size: xx-small;\"> Skype:<\/span><span style=\"font-size: xx-small;\"> quasarcomunicacion<br \/>\n<\/span><span style=\"color: #ff0000; font-size: xx-small;\"> Twitter:<\/span><span style=\"font-size: xx-small;\"> @quasarpilar<br \/>\n<\/span><span style=\"color: #ff0000; font-size: xx-small;\"> Gr<\/span><span style=\"color: #ff0000; font-size: xx-small;\">upo y p\u00e1gina en Facebook: <\/span> <span style=\"color: #808080; font-size: xx-small;\">www.facebook.com\/<\/span><a href=\"mailto:mfipata@gmail.com\"><span style=\"font-size: xx-small;\">Quasar<\/span><\/a><span style=\"font-size: xx-small;\">Comunicacion<br \/>\n<\/span><span style=\"color: #ff0000; font-size: xx-small;\"> Web:<\/span><b><\/b> <a href=\"http:\/\/www.quasarcomunicacion.com.ar\/\"> <span style=\"font-size: xx-small;\">www.quasarcomunicacion.com.ar<\/span><\/a><\/p>\n<p align=\"left\"><span style=\"font-size: xx-small;\"> <span style=\"color: #ff0000;\">Mail<\/span><b>:<\/b><\/span><span style=\"font-size: xx-small;\"> <a href=\"mailto:fernanda@quasarcomunicacion.com.ar\"> candela<\/a><a href=\"mailto:fernanda@quasarcomunicacion.com.ar\">@quasarcomunicacion.com.ar<\/a><\/span><\/p>\n<\/td>\n<td align=\"center\" width=\"50%\">\n<p align=\"right\"><span style=\"font-size: medium;\"><strong> <span style=\"color: #808080; font-family: Arial; font-size: small;\"> Lic. Mar\u00eda Fernanda Ipata &#8211; Directora<br \/>\n<\/span> <\/strong><\/span> <span style=\"font-size: xx-small;\"><span style=\"color: #ff0000;\"><br \/>\nDirecto<\/span><b>: <\/b> 0230<\/span><span style=\"font-size: xx-small;\">-4664772<\/span><span style=\"font-size: xx-small;\"><br \/>\n<\/span><span style=\"font-size: xx-small;\"> <span style=\"color: #ff0000;\">M\u00f3vil:<\/span><b> <\/b> 0230<\/span><span style=\"font-size: xx-small;\">-15-4584535<br \/>\n<\/span><span style=\"color: #ff0000; font-size: xx-small;\"> Skype:<\/span><span style=\"font-size: xx-small;\"> quasarcomunicacion<br \/>\n<\/span><span style=\"color: #ff0000; font-size: xx-small;\"> Twitter:<\/span><span style=\"font-size: xx-small;\"> @quasarpilar<br \/>\n<\/span><span style=\"color: #ff0000; font-size: xx-small;\"> Gr<\/span><span style=\"color: #ff0000; font-size: xx-small;\">upo y p\u00e1gina en Facebook: <\/span> <span style=\"color: #808080; font-size: xx-small;\">www.facebook.com\/<\/span><a href=\"mailto:mfipata@gmail.com\"><span style=\"font-size: xx-small;\">Quasar<\/span><\/a><span style=\"font-size: xx-small;\">Comunicacion<br \/>\n<\/span><span style=\"font-size: xx-small;\"> <span style=\"color: #ff0000;\">LinkedIn<\/span><b>:\u00a0 <\/b><\/span> <span style=\"font-size: xx-small;\"><b> <a href=\"http:\/\/www.linkedin.com\/in\/mfipata\"> http:\/\/www.linkedin.com\/in\/mfipata<\/a><\/b><\/span><span style=\"font-size: xx-small;\"><br \/>\n<\/span><span style=\"color: #ff0000; font-size: xx-small;\"> Web:<\/span><b><\/b> <a href=\"http:\/\/www.quasarcomunicacion.com.ar\/\"> <span style=\"font-size: xx-small;\">www.quasarcomunicacion.com.ar<\/span><\/a><span style=\"font-size: xx-small;\"><br \/>\n<\/span><span style=\"font-size: xx-small;\"> <span style=\"color: #ff0000;\"> Mail<\/span><b>:<\/b><\/span><span style=\"font-size: xx-small;\"><a href=\"mailto:fernanda@quasarcomunicacion.com.ar\"> fernanda@quasarcomunicacion.com.ar<\/a><\/span><\/p>\n<\/td>\n<\/tr>\n<\/tbody>\n<\/table>\n<\/div>\n","protected":false},"excerpt":{"rendered":"<p>La asociaci\u00f3n civil sin fines de lucro, Comprometidas, mantuvo una extensa reuni\u00f3n de trabajo con el intendente de Pilar, el [&hellip;]<\/p>\n","protected":false},"author":2,"featured_media":8192,"comment_status":"open","ping_status":"open","sticky":false,"template":"","format":"standard","meta":[],"categories":[2],"tags":[],"_links":{"self":[{"href":"https:\/\/quasarcomunicacion.com.ar\/web\/wp-json\/wp\/v2\/posts\/8195"}],"collection":[{"href":"https:\/\/quasarcomunicacion.com.ar\/web\/wp-json\/wp\/v2\/posts"}],"about":[{"href":"https:\/\/quasarcomunicacion.com.ar\/web\/wp-json\/wp\/v2\/types\/post"}],"author":[{"embeddable":true,"href":"https:\/\/quasarcomunicacion.com.ar\/web\/wp-json\/wp\/v2\/users\/2"}],"replies":[{"embeddable":true,"href":"https:\/\/quasarcomunicacion.com.ar\/web\/wp-json\/wp\/v2\/comments?post=8195"}],"version-history":[{"count":0,"href":"https:\/\/quasarcomunicacion.com.ar\/web\/wp-json\/wp\/v2\/posts\/8195\/revisions"}],"wp:featuredmedia":[{"embeddable":true,"href":"https:\/\/quasarcomunicacion.com.ar\/web\/wp-json\/wp\/v2\/media\/8192"}],"wp:attachment":[{"href":"https:\/\/quasarcomunicacion.com.ar\/web\/wp-json\/wp\/v2\/media?parent=8195"}],"wp:term":[{"taxonomy":"category","embeddable":true,"href":"https:\/\/quasarcomunicacion.com.ar\/web\/wp-json\/wp\/v2\/categories?post=8195"},{"taxonomy":"post_tag","embeddable":true,"href":"https:\/\/quasarcomunicacion.com.ar\/web\/wp-json\/wp\/v2\/tags?post=8195"}],"curies":[{"name":"wp","href":"https:\/\/api.w.org\/{rel}","templated":true}]}}