{"id":8190,"date":"2018-03-05T17:19:11","date_gmt":"2018-03-05T20:19:11","guid":{"rendered":"https:\/\/quasarcomunicacion.com.ar\/web\/?p=8190"},"modified":"2018-03-05T17:19:11","modified_gmt":"2018-03-05T20:19:11","slug":"seminario-de-bullet-journal-en-pilar","status":"publish","type":"post","link":"https:\/\/quasarcomunicacion.com.ar\/web\/seminario-de-bullet-journal-en-pilar\/","title":{"rendered":"Seminario de Bullet Journal en Pilar"},"content":{"rendered":"<p style=\"text-align: left;\" align=\"center\"><span style=\"font-family: Verdana; font-size: small;\">El pr\u00f3ximo s\u00e1bado 17 de marzo de 9 a 12 hs <\/span><b style=\"font-family: Verdana; font-size: small;\">Yo Creadora<\/b><span style=\"font-family: Verdana; font-size: small;\"> organiza una nueva actividad, en este caso se trata del <\/span><b style=\"font-family: Verdana; font-size: small;\"> Seminario de Bullet Journal o Diario de Vi\u00f1etas <\/b><span style=\"font-family: Verdana; font-size: small;\">que brindar\u00e1 en su taller en Pilar. Para inscribirte en el seminario s\u00f3lo deber\u00e1s reservar tu vacante ($250 la inscripci\u00f3n) en <\/span><a style=\"font-family: Verdana; font-size: small;\" href=\"http:\/\/bit.ly\/2oNGJEy\"> http:\/\/bit.ly\/2oNGJEy<\/a><span style=\"font-family: Verdana; font-size: small;\">. Por m\u00e1s informaci\u00f3n escribir a <\/span><a style=\"font-family: Verdana; font-size: small;\" href=\"mailto:soycreadora.ar@gmail.com\">soycreadora.ar@gmail.com<\/a><span style=\"font-family: Verdana; font-size: small;\">. Para participar s\u00f3lo deber\u00e1s abonar la inscripci\u00f3n desde la tienda virtual y traer el cuaderno que ser\u00e1 tu agenda durante todo 2018<!--more--><\/span><\/p>\n<p align=\"left\">\u00a0<a href=\"https:\/\/quasarcomunicacion.com.ar\/web\/wp-content\/uploads\/2018\/03\/bullet1.gif\"><img class=\"aligncenter\" alt=\"bullet1\" src=\"https:\/\/quasarcomunicacion.com.ar\/web\/wp-content\/uploads\/2018\/03\/bullet1.gif\" \/><\/a><\/p>\n<p align=\"left\"><span style=\"font-family: Verdana; font-size: small;\"><b><i>\u00a0\u00bfpero de qu\u00e9 se trata este este innovador taller?<\/i><\/b><br \/>\nEs simple, aprender\u00e1s a organizarte de forma creativa. Si!! Este seminario est\u00e1 pensado para aquellas personas que quieren planificar y realizar sus proyectos de una manera organizada y en tiempos de tanta tecnolog\u00eda, volver a lo anal\u00f3gico puede ser una soluci\u00f3n.<\/span><\/p>\n<p align=\"left\"><span style=\"font-family: Verdana; font-size: small;\">Se trata de un Seminario te\u00f3rico pr\u00e1ctico que te ayudar\u00e1 a planificar y realizar tus proyectos tanto a nivel personal como laboral, abri\u00e9ndote la oportunidad a una nueva modalidad de organizaci\u00f3n y registro a largo, mediano y corto plazo&#8230;pr\u00e1ctico y a la vez creativo y art\u00edstico!!!! Y te llev\u00e1s tu libro de vi\u00f1etas para continuarlo&#8230; <\/span><\/p>\n<p align=\"left\"><span style=\"font-family: Verdana; font-size: small;\">\u00abSabemos que la b\u00fasqueda de la productividad no termina nunca, y aparentemente estamos siempre tras el m\u00e9todo ideal para organizar nuestras vidas y probamos y probamos aplicaciones, libretitas, agendas para encontrar aquel sistema o app que se ajuste mejor a la manera en que funciona nuestro cerebro\u00bb, indica Adriana Fiore, responsable de <b>Yo Creadora<\/b>. <\/span><\/p>\n<p align=\"left\"><span style=\"font-family: Verdana; font-size: small;\">Creado por Ryder Carroll, Bullet Journal es un sistema anal\u00f3gico para tomar notas y se lleva de la mano muy bien con cualquier otra app que quieras usar simult\u00e1neamente. Lo que s\u00ed tiene Bullet Journal que no puede ofrecerte la tecnolog\u00eda es un sistema sencillo y flexible para manejar todo tipo de informaci\u00f3n en un solo lugar, tanto las que son accionables como las que no. Podr\u00e1s mezclar listas, calendarios, tareas y la pr\u00e1ctica de escribir en una libreta todos los d\u00edas, as\u00ed como en los diarios. Podr\u00edamos llamarlo un h\u00edbrido entre una agenda y un diario.<\/span><\/p>\n<p align=\"left\"><span style=\"font-family: Verdana; font-size: small;\"><b>Yo Creadora <\/b>ofrece una tienda virtual con productos para arte decorativo, pintura en porcelana y scrapbooking, adem\u00e1s de un espacio real y de encuentro donde podr\u00e1s disfrutar del showroom con todos los productos de la tienda, adem\u00e1s de poder realizar talleres y seminarios, actividades grupales y a la vez personalizadas que nos enriquecen en el compartir momentos \u00fanicos y sanadores a trav\u00e9s del arte.<\/span><\/p>\n<p align=\"left\"><span style=\"font-family: Verdana; font-size: small;\">Se trata de un nuevo espacio de arte y de encuentro para que expreses toda tu creatividad y sientas desde tu coraz\u00f3n que pod\u00e9s volver a jugar, a creer y a crear como aquel ni\u00f1o\/a que fuiste y que vive dentro tuyo.\u00a0 Un adulto creativo es un ni\u00f1o que ha sobrevivido y que adem\u00e1s, sabe como SANAR. <\/span><\/p>\n<p align=\"left\"><span style=\"font-family: Verdana; font-size: small;\">M\u00e1s info en www.yocreadora.com.ar<\/span><\/p>\n<p align=\"left\"><span style=\"font-family: Verdana; font-size: small;\">\u00a0<\/span><span style=\"font-size: small;\"><b><i><span style=\"font-family: Arial;\">Por otras im\u00e1genes, audios o entrevistas no dude en contactarse<\/span><\/i><\/b><\/span><\/p>\n<p align=\"center\"><span style=\"font-size: small;\"><b><i> Contactos de Prensa<\/i><\/b><\/span><\/p>\n<div align=\"left\">\n<table width=\"100%\" border=\"1\" cellpadding=\"2\" align=\"left\">\n<tbody>\n<tr>\n<td align=\"center\" width=\"50%\">\n<p align=\"left\"><span style=\"font-size: medium;\"><strong><span style=\"color: #808080; font-family: Arial; font-size: small;\"> Candela Villanueva &#8211; Asistente de Cuentas<\/p>\n<p><\/span> <\/strong><\/span> <span style=\"font-size: xx-small;\"><span style=\"color: #ff0000;\"> Directo<\/span><b>: <\/b> 0230<\/span><span style=\"font-size: xx-small;\">-4664772<br \/>\n<\/span><span style=\"color: #ff0000; font-size: xx-small;\"> Skype:<\/span><span style=\"font-size: xx-small;\"> quasarcomunicacion<br \/>\n<\/span><span style=\"color: #ff0000; font-size: xx-small;\"> Twitter:<\/span><span style=\"font-size: xx-small;\"> @quasarpilar<br \/>\n<\/span><span style=\"color: #ff0000; font-size: xx-small;\"> Gr<\/span><span style=\"color: #ff0000; font-size: xx-small;\">upo y p\u00e1gina en Facebook: <\/span> <span style=\"color: #808080; font-size: xx-small;\">www.facebook.com\/<\/span><a href=\"mailto:mfipata@gmail.com\"><span style=\"font-size: xx-small;\">Quasar<\/span><\/a><span style=\"font-size: xx-small;\">Comunicacion<br \/>\n<\/span><span style=\"color: #ff0000; font-size: xx-small;\"> Web:<\/span><b><\/b> <a href=\"http:\/\/www.quasarcomunicacion.com.ar\/\"> <span style=\"font-size: xx-small;\">www.quasarcomunicacion.com.ar<\/span><\/a><\/p>\n<p align=\"left\"><span style=\"font-size: xx-small;\"> <span style=\"color: #ff0000;\">Mail<\/span><b>:<\/b><\/span><span style=\"font-size: xx-small;\"> <a href=\"mailto:fernanda@quasarcomunicacion.com.ar\"> candela<\/a><a href=\"mailto:fernanda@quasarcomunicacion.com.ar\">@quasarcomunicacion.com.ar<\/a><\/span><\/p>\n<\/td>\n<td align=\"center\" width=\"50%\">\n<p align=\"right\"><span style=\"font-size: medium;\"><strong> <span style=\"color: #808080; font-family: Arial; font-size: small;\"> Lic. Mar\u00eda Fernanda Ipata &#8211; Directora<br \/>\n<\/span> <\/strong><\/span> <span style=\"font-size: xx-small;\"><span style=\"color: #ff0000;\"><br \/>\nDirecto<\/span><b>: <\/b> 0230<\/span><span style=\"font-size: xx-small;\">-4664772<\/span><span style=\"font-size: xx-small;\"><br \/>\n<\/span><span style=\"font-size: xx-small;\"> <span style=\"color: #ff0000;\">M\u00f3vil:<\/span><b> <\/b> 0230<\/span><span style=\"font-size: xx-small;\">-15-4584535<br \/>\n<\/span><span style=\"color: #ff0000; font-size: xx-small;\"> Skype:<\/span><span style=\"font-size: xx-small;\"> quasarcomunicacion<br \/>\n<\/span><span style=\"color: #ff0000; font-size: xx-small;\"> Twitter:<\/span><span style=\"font-size: xx-small;\"> @quasarpilar<br \/>\n<\/span><span style=\"color: #ff0000; font-size: xx-small;\"> Gr<\/span><span style=\"color: #ff0000; font-size: xx-small;\">upo y p\u00e1gina en Facebook: <\/span> <span style=\"color: #808080; font-size: xx-small;\">www.facebook.com\/<\/span><a href=\"mailto:mfipata@gmail.com\"><span style=\"font-size: xx-small;\">Quasar<\/span><\/a><span style=\"font-size: xx-small;\">Comunicacion<br \/>\n<\/span><span style=\"font-size: xx-small;\"> <span style=\"color: #ff0000;\">LinkedIn<\/span><b>:\u00a0 <\/b><\/span> <span style=\"font-size: xx-small;\"><b> <a href=\"http:\/\/www.linkedin.com\/in\/mfipata\"> http:\/\/www.linkedin.com\/in\/mfipata<\/a><\/b><\/span><br \/>\n<a href=\"https:\/\/www.linkedin.com\/company\/2267649\/\"> <span style=\"font-size: small;\">https:\/\/www.linkedin.com\/company\/2267649\/<\/span><\/a> <span style=\"font-size: xx-small;\"><br \/>\n<\/span><span style=\"color: #ff0000; font-size: xx-small;\"> Web:<\/span><b><\/b> <a href=\"http:\/\/www.quasarcomunicacion.com.ar\/\"> <span style=\"font-size: xx-small;\">www.quasarcomunicacion.com.ar<\/span><\/a><span style=\"font-size: xx-small;\"><br \/>\n<\/span><span style=\"font-size: xx-small;\"> <span style=\"color: #ff0000;\"> Mail<\/span><b>:<\/b><\/span><span style=\"font-size: xx-small;\"><a href=\"mailto:fernanda@quasarcomunicacion.com.ar\"> fernanda@quasarcomunicacion.com.ar<\/a><\/span><\/p>\n<\/td>\n<\/tr>\n<\/tbody>\n<\/table>\n<\/div>\n","protected":false},"excerpt":{"rendered":"<p>El pr\u00f3ximo s\u00e1bado 17 de marzo de 9 a 12 hs Yo Creadora organiza una nueva actividad, en este caso [&hellip;]<\/p>\n","protected":false},"author":2,"featured_media":8187,"comment_status":"open","ping_status":"open","sticky":false,"template":"","format":"standard","meta":[],"categories":[2],"tags":[],"_links":{"self":[{"href":"https:\/\/quasarcomunicacion.com.ar\/web\/wp-json\/wp\/v2\/posts\/8190"}],"collection":[{"href":"https:\/\/quasarcomunicacion.com.ar\/web\/wp-json\/wp\/v2\/posts"}],"about":[{"href":"https:\/\/quasarcomunicacion.com.ar\/web\/wp-json\/wp\/v2\/types\/post"}],"author":[{"embeddable":true,"href":"https:\/\/quasarcomunicacion.com.ar\/web\/wp-json\/wp\/v2\/users\/2"}],"replies":[{"embeddable":true,"href":"https:\/\/quasarcomunicacion.com.ar\/web\/wp-json\/wp\/v2\/comments?post=8190"}],"version-history":[{"count":0,"href":"https:\/\/quasarcomunicacion.com.ar\/web\/wp-json\/wp\/v2\/posts\/8190\/revisions"}],"wp:featuredmedia":[{"embeddable":true,"href":"https:\/\/quasarcomunicacion.com.ar\/web\/wp-json\/wp\/v2\/media\/8187"}],"wp:attachment":[{"href":"https:\/\/quasarcomunicacion.com.ar\/web\/wp-json\/wp\/v2\/media?parent=8190"}],"wp:term":[{"taxonomy":"category","embeddable":true,"href":"https:\/\/quasarcomunicacion.com.ar\/web\/wp-json\/wp\/v2\/categories?post=8190"},{"taxonomy":"post_tag","embeddable":true,"href":"https:\/\/quasarcomunicacion.com.ar\/web\/wp-json\/wp\/v2\/tags?post=8190"}],"curies":[{"name":"wp","href":"https:\/\/api.w.org\/{rel}","templated":true}]}}