{"id":8159,"date":"2018-02-20T11:43:17","date_gmt":"2018-02-20T14:43:17","guid":{"rendered":"https:\/\/quasarcomunicacion.com.ar\/web\/?p=8159"},"modified":"2018-02-20T11:43:17","modified_gmt":"2018-02-20T14:43:17","slug":"llega-la-16-edicion-de-estilo-pilar","status":"publish","type":"post","link":"https:\/\/quasarcomunicacion.com.ar\/web\/llega-la-16-edicion-de-estilo-pilar\/","title":{"rendered":"Llega la 16\u00b0 edici\u00f3n de Estilo Pilar"},"content":{"rendered":"<p style=\"text-align: left;\" align=\"center\"><i><span style=\"font-family: Verdana; font-size: small;\">A partir del 23 de marzo desembarca <b>Estilo Pilar<\/b> en Pacheco Central con m\u00e1s de 140 expositores y un gran despliegue que exhibir\u00e1 lo mejor del arte, la decoraci\u00f3n y el paisajismo.<!--more--><\/span><\/i><\/p>\n<p><span style=\"font-family: Verdana; font-size: small;\">Buenos Aires, febrero de 2018.-Desde el 23 de marzo y hasta el 15 se abril se realizar\u00e1 una nueva edici\u00f3n de la exposici\u00f3n Estilo Pilar organizada por la \u201c<b>Asociaci\u00f3n Civil Amigos del Pilar\u201d <\/b>a total beneficio de la atenci\u00f3n gratuita odontol\u00f3gica pedi\u00e1trica en Pilar. <\/span><\/p>\n<p><span style=\"font-family: Verdana; font-size: small;\">En esta oportunidad, el Masterplan de la exposici\u00f3n se inspir\u00f3 en la integraci\u00f3n de la naturaleza con lo urbano, haciendo que la arboleda y vegetaci\u00f3n de Pacheco Central que tanto lo caracteriza, cree un v\u00ednculo con el visitante. Tambi\u00e9n se conserv\u00f3 la vegetaci\u00f3n original del vivero para mantener viva su historia. <\/span><\/p>\n<p><span style=\"font-family: Verdana; font-size: small;\">Decoraci\u00f3n vestir\u00e1 los espacios tomando como inspiraci\u00f3n el color y el significado de cada orqu\u00eddea. Esta milenaria flor ser\u00e1 la punta del ovillo por donde las ambientaciones transitar\u00e1n entre diferentes materialidades, funcionalidades y dise\u00f1os simples pero con car\u00e1cter. Asimismo se presentar\u00e1 una unidad modelo dentro del sector \u201cDeco\u201d ambientada por un interiorista, haciendo foco en el modo de vivir de un millenial, alma del proyecto \u00abPacheco Central\u00bb. <\/span><\/p>\n<p><a href=\"https:\/\/quasarcomunicacion.com.ar\/web\/wp-content\/uploads\/2017\/04\/estilo1.gif\"><img class=\"aligncenter\" alt=\"estilo1\" src=\"https:\/\/quasarcomunicacion.com.ar\/web\/wp-content\/uploads\/2017\/04\/estilo1.gif\" \/><\/a><\/p>\n<p><span style=\"font-family: Verdana; font-size: small;\">En esta nueva edici\u00f3n, el paisajismo nos prepara para una gran bienvenida con una imponente arboleda y especies aut\u00f3ctonas distribuidas caprichosamente a lo largo y ancho del predio, abarcando diferentes momentos del recorrido. <\/span><\/p>\n<p><span style=\"font-family: Verdana; font-size: small;\">El arte tendr\u00e1 un espacio especial dentro de una casona antigua del viejo vivero, donde se ubicar\u00e1n las obras e instalaciones creando una atm\u00f3sfera propia y pausada, permitiendo la mirada calma y un momento de relax en el Caf\u00e9 de las Artes. <\/span><\/p>\n<p><span style=\"font-family: Verdana; font-size: small;\">El paseo de compras, el \u201cGarden Walk\u00bb y el patio de comidas con foodtrucks y caf\u00e9s al paso completar\u00e1n este exquisito y variado recorrido.<\/span><\/p>\n<p><span style=\"font-family: Verdana; font-size: small;\">Desde 2004, Amigos del Pilar canaliza su obra dando asistencia odontol\u00f3gica gratuita a chicos carenciados, atendiendo hasta el momento a m\u00e1s de 50.000 ni\u00f1os. La 16\u00b0 edici\u00f3n recibir\u00e1 a m\u00e1s de 140 expositores distribuidos en los diferentes sectores que hacen de Estilo Pilar una experiencia \u00fanica y variada para todos los visitantes.<\/span><\/p>\n<p><span style=\"font-family: Verdana; font-size: small;\"><b>Acerca de Amigos del Pilar<\/b><\/span><span style=\"font-family: Verdana; font-size: xx-small;\"><br \/>\nComo todos los a\u00f1os anteriores,<b> Estilo Pilar<\/b> es organizado por <b>Amigos del Pilar<\/b>, una Asociaci\u00f3n Civil que surgi\u00f3 de la inquietud de un grupo de mujeres con esp\u00edritu solidario que deseaban colaborar y comprometerse con su comunidad. Desde el a\u00f1o 1996 trabajan en el partido de Pilar con la misi\u00f3n de brindar ayuda a ni\u00f1os de escasos recursos en materia de salud odontol\u00f3gica: \u201cUn Pilar con atenci\u00f3n digna para los m\u00e1s necesitados\u201d.<br \/>\nPara llevar a cabo esta tarea, en el a\u00f1o 2004 crearon los consultorios odontol\u00f3gicos propios, que funcionaron ininterrumpidamente hasta octubre del 2014. Durante esos diez a\u00f1os se dio atenci\u00f3n a m\u00e1s de 50.000 chicos y se brindaron 134.700 prestaciones.<br \/>\nA partir del 1 de octubre de ese a\u00f1o iniciaron un nuevo camino. Formularon un nuevo sistema de becas que hace posible que tanto antiguos pacientes, como aquellos nuevos que soliciten atenci\u00f3n, puedan ser atendidos con la financiaci\u00f3n de Amigos del Pilar. Este nuevo proyecto es posible tambi\u00e9n gracias a la ayuda de profesionales solidarios que comprenden la tarea y est\u00e1n involucrados con la obra de la fundaci\u00f3n.<br \/>\nPara m\u00e1s informaci\u00f3n ingresar a <a href=\"http:\/\/www.amigosdelpilar.org.ar\/\"> http:\/\/www.amigosdelpilar.org.ar\/<\/a><\/span><\/p>\n<p><span style=\"font-family: Verdana; font-size: small;\"><b>Acerca de Pacheco Central<\/b><\/span><span style=\"font-family: Verdana; font-size: xx-small;\"><br \/>\nPacheco Central, es un condominio distinto, ubicado a metros del Corredor Bancalari y la R197, dentro del casco urbano de Gral Pacheco, en una manzana de a\u00f1osa arboleda que funcion\u00f3 como vivero por m\u00e1s de 80 a\u00f1os. El proyecto est\u00e1 situado en un entorno residencial muy cerca de todos los servicios incluyendo accesos, transporte p\u00fablico, comercios y bancos. <\/span><\/p>\n<p><span style=\"font-family: Verdana; font-size: xx-small;\">El dise\u00f1o del proyecto de arquitectura minimalista, preserva m\u00e1s del 80% de la gran arboleda existente. El mismo genera espacios para vivir con todas las comodidades, y grandes expansiones hacia el verde. Todas las unidades cuentan con parrillas en jardines propios de planta baja, y terrazas del tercer piso. <\/span><\/p>\n<p><span style=\"font-family: Verdana; font-size: small;\"><b><span style=\"text-decoration: underline;\">Ficha T\u00e9cnica:<\/span><br \/>\n\u00bfD\u00f3nde?<\/b><br \/>\nPacheco Central (Gral. Pacheco &#8211; Tigre)<br \/>\nKm. 27 Panamericana.<br \/>\n<b>\u00bfCu\u00e1ndo?<\/b><br \/>\nDesde el 23 de Marzo hasta el 15 de Abril<\/span><\/p>\n<p><span style=\"font-family: Verdana; font-size: small;\"><strong>\u00bfCu\u00e1nto?<\/strong><br \/>\n<\/span><\/p>\n<p>Entrada general $ 200<\/p>\n<p>&nbsp;<\/p>\n<p>Jubilados y grupos de 10 o m\u00e1s personas $ 160<\/p>\n<p>&nbsp;<\/p>\n<p>Menos de 12 a\u00f1os no pagan<\/p>\n<p>&nbsp;<\/p>\n<p>Mi\u00e9rcoles y jueves 2&#215;1<\/p>\n<p>&nbsp;<\/p>\n<p>Sellando la entrada paga pod\u00e9s regresar mi\u00e9rcoles, jueves, viernes sin cargo (excepto Viernes Santo)<\/p>\n<p><span style=\"font-family: Verdana; font-size: small;\"><br \/>\n<b>D\u00edas y horarios<\/b><br \/>\nMi\u00e9rcoles, Jueves, Domingos y feriados desde las 11 hs. hasta las 19 hs.<br \/>\nViernes, S\u00e1bados y v\u00edsperas de feriados desde las 11 hs. hasta las 20 hs.<\/span><\/p>\n<p><span style=\"font-family: Verdana; font-size: small;\"><b>Contacto<\/b><br \/>\n<a href=\"https:\/\/www.facebook.com\/estilopilar\"> https:\/\/www.facebook.com\/estilopilar<\/a><br \/>\n<a href=\"http:\/\/www.estilopilar.com.ar\/\">http:\/\/www.estilopilar.com.ar\/<\/a> <\/span><\/p>\n<p align=\"left\"><span style=\"font-size: small;\"><b><i><span style=\"font-family: Arial;\">Por otras im\u00e1genes, audios o entrevistas no dude en contactarse<\/span><\/i><\/b><\/span><\/p>\n<p align=\"left\">Toda la informaci\u00f3n en <a href=\"http:\/\/www.quasarcomunicacion.com.ar\/web\/estilopilar17\"> www.quasarcomunicacion.com.ar\/web\/estilopilar18<\/a><a href=\"http:\/\/www.quasarcomunicacion.com.ar\/web\/estilopilar18\"> \u00a0\u00a0 <\/a><\/p>\n<p align=\"center\"><span style=\"font-size: small;\"><b><i> Contactos de Prensa<\/i><\/b><\/span><\/p>\n<div align=\"left\">\n<table width=\"100%\" border=\"1\" cellpadding=\"2\" align=\"left\">\n<tbody>\n<tr>\n<td align=\"center\" width=\"50%\">\n<p align=\"left\"><span style=\"font-size: medium;\"><strong><span style=\"color: #808080; font-family: Arial; font-size: small;\"> Candela Villanueva &#8211; Asistente de Cuentas<\/span><\/strong><\/span><\/p>\n<p><span style=\"font-size: xx-small;\"><span style=\"color: #ff0000;\"> Directo<\/span><b>: <\/b> 0230<\/span><span style=\"font-size: xx-small;\">-4664772<br \/>\n<\/span><span style=\"color: #ff0000; font-size: xx-small;\"> Skype:<\/span><span style=\"font-size: xx-small;\"> quasarcomunicacion<br \/>\n<\/span><span style=\"color: #ff0000; font-size: xx-small;\"> Twitter:<\/span><span style=\"font-size: xx-small;\"> @quasarpilar<br \/>\n<\/span><span style=\"color: #ff0000; font-size: xx-small;\"> Gr<\/span><span style=\"color: #ff0000; font-size: xx-small;\">upo y p\u00e1gina en Facebook: <\/span> <span style=\"color: #808080; font-size: xx-small;\">www.facebook.com\/<\/span><a href=\"mailto:mfipata@gmail.com\"><span style=\"font-size: xx-small;\">Quasar<\/span><\/a><span style=\"font-size: xx-small;\">Comunicacion<br \/>\n<\/span><span style=\"color: #ff0000; font-size: xx-small;\"> Web:<\/span><b><\/b> <a href=\"http:\/\/www.quasarcomunicacion.com.ar\/\"> <span style=\"font-size: xx-small;\">www.quasarcomunicacion.com.ar<\/span><\/a><\/p>\n<p align=\"left\"><span style=\"font-size: xx-small;\"> <span style=\"color: #ff0000;\">Mail<\/span><b>:<\/b><\/span><span style=\"font-size: xx-small;\"> <a href=\"mailto:fernanda@quasarcomunicacion.com.ar\"> candela<\/a><a href=\"mailto:fernanda@quasarcomunicacion.com.ar\">@quasarcomunicacion.com.ar<\/a><\/span><\/p>\n<\/td>\n<td align=\"center\" width=\"50%\">\n<p align=\"right\"><span style=\"font-size: medium;\"><strong> <span style=\"color: #808080; font-family: Arial; font-size: small;\"> Lic. Mar\u00eda Fernanda Ipata &#8211; Directora<br \/>\n<\/span> <\/strong><\/span> <span style=\"font-size: xx-small;\"><span style=\"color: #ff0000;\"><br \/>\nDirecto<\/span><b>: <\/b> 0230<\/span><span style=\"font-size: xx-small;\">-4664772<\/span><span style=\"font-size: xx-small;\"><br \/>\n<\/span><span style=\"font-size: xx-small;\"> <span style=\"color: #ff0000;\">M\u00f3vil:<\/span><b> <\/b> 0230<\/span><span style=\"font-size: xx-small;\">-15-4584535<br \/>\n<\/span><span style=\"color: #ff0000; font-size: xx-small;\"> Skype:<\/span><span style=\"font-size: xx-small;\"> quasarcomunicacion<br \/>\n<\/span><span style=\"color: #ff0000; font-size: xx-small;\"> Twitter:<\/span><span style=\"font-size: xx-small;\"> @quasarpilar<br \/>\n<\/span><span style=\"color: #ff0000; font-size: xx-small;\"> Gr<\/span><span style=\"color: #ff0000; font-size: xx-small;\">upo y p\u00e1gina en Facebook: <\/span> <span style=\"color: #808080; font-size: xx-small;\">www.facebook.com\/<\/span><a href=\"mailto:mfipata@gmail.com\"><span style=\"font-size: xx-small;\">Quasar<\/span><\/a><span style=\"font-size: xx-small;\">Comunicacion<br \/>\n<\/span><span style=\"font-size: xx-small;\"> <span style=\"color: #ff0000;\">LinkedIn<\/span><b>:\u00a0 <\/b><\/span> <span style=\"font-size: xx-small;\"><b> <a href=\"http:\/\/www.linkedin.com\/in\/mfipata\"> http:\/\/www.linkedin.com\/in\/mfipata<\/a><\/b><\/span><br \/>\n<a href=\"https:\/\/www.linkedin.com\/company\/2267649\/\"> <span style=\"font-size: small;\">https:\/\/www.linkedin.com\/company\/2267649\/<\/span><\/a><span style=\"font-size: xx-small;\"><br \/>\n<\/span><span style=\"color: #ff0000; font-size: xx-small;\"> Web:<\/span><b><\/b> <a href=\"http:\/\/www.quasarcomunicacion.com.ar\/\"> <span style=\"font-size: xx-small;\">www.quasarcomunicacion.com.ar<\/span><\/a><span style=\"font-size: xx-small;\"><br \/>\n<\/span><span style=\"font-size: xx-small;\"> <span style=\"color: #ff0000;\"> Mail<\/span><b>:<\/b><\/span><span style=\"font-size: xx-small;\"><a href=\"mailto:fernanda@quasarcomunicacion.com.ar\"> fernanda@quasarcomunicacion.com.ar<\/a><\/span><\/p>\n<\/td>\n<\/tr>\n<\/tbody>\n<\/table>\n<\/div>\n","protected":false},"excerpt":{"rendered":"<p>A partir del 23 de marzo desembarca Estilo Pilar en Pacheco Central con m\u00e1s de 140 expositores y un gran [&hellip;]<\/p>\n","protected":false},"author":2,"featured_media":7985,"comment_status":"open","ping_status":"open","sticky":false,"template":"","format":"standard","meta":[],"categories":[2],"tags":[],"_links":{"self":[{"href":"https:\/\/quasarcomunicacion.com.ar\/web\/wp-json\/wp\/v2\/posts\/8159"}],"collection":[{"href":"https:\/\/quasarcomunicacion.com.ar\/web\/wp-json\/wp\/v2\/posts"}],"about":[{"href":"https:\/\/quasarcomunicacion.com.ar\/web\/wp-json\/wp\/v2\/types\/post"}],"author":[{"embeddable":true,"href":"https:\/\/quasarcomunicacion.com.ar\/web\/wp-json\/wp\/v2\/users\/2"}],"replies":[{"embeddable":true,"href":"https:\/\/quasarcomunicacion.com.ar\/web\/wp-json\/wp\/v2\/comments?post=8159"}],"version-history":[{"count":0,"href":"https:\/\/quasarcomunicacion.com.ar\/web\/wp-json\/wp\/v2\/posts\/8159\/revisions"}],"wp:featuredmedia":[{"embeddable":true,"href":"https:\/\/quasarcomunicacion.com.ar\/web\/wp-json\/wp\/v2\/media\/7985"}],"wp:attachment":[{"href":"https:\/\/quasarcomunicacion.com.ar\/web\/wp-json\/wp\/v2\/media?parent=8159"}],"wp:term":[{"taxonomy":"category","embeddable":true,"href":"https:\/\/quasarcomunicacion.com.ar\/web\/wp-json\/wp\/v2\/categories?post=8159"},{"taxonomy":"post_tag","embeddable":true,"href":"https:\/\/quasarcomunicacion.com.ar\/web\/wp-json\/wp\/v2\/tags?post=8159"}],"curies":[{"name":"wp","href":"https:\/\/api.w.org\/{rel}","templated":true}]}}