{"id":8157,"date":"2018-02-15T10:42:29","date_gmt":"2018-02-15T13:42:29","guid":{"rendered":"https:\/\/quasarcomunicacion.com.ar\/web\/?p=8157"},"modified":"2018-02-15T10:42:29","modified_gmt":"2018-02-15T13:42:29","slug":"se-desarrolla-en-pilar-el-xiv-congreso-de-educacion-organizado-por-el-polo-educativo","status":"publish","type":"post","link":"https:\/\/quasarcomunicacion.com.ar\/web\/se-desarrolla-en-pilar-el-xiv-congreso-de-educacion-organizado-por-el-polo-educativo\/","title":{"rendered":"Se desarrolla en Pilar el XIV Congreso de Educaci\u00f3n  organizado por el Polo Educativo"},"content":{"rendered":"<p style=\"text-align: left;\" align=\"center\">En el Auditorio de la Universidad del Salvador se est\u00e1 desarrollando el <span style=\"font-family: Verdana; font-size: small;\"> <b>XIV CONGRESO DE EDUCACI\u00d3N o<\/b>rganizado por e<\/span>l Polo Educativo Pilar <span style=\"font-family: Verdana; font-size: small;\"> y que en esta oportunidad se titula <i><b>\u201cEl Docente Transformador\u201d<\/b><\/i>.\u00a0 M\u00e1s de 800 personas colmaron el auditorio y comparten la jornada que se inici\u00f3 a las 8 de la ma\u00f1ana con las acreditaciones y finalizar\u00e1 alrededor de las 17 hs.<!--more--><\/span><\/p>\n<p><span style=\"font-family: Verdana; font-size: small;\">Como cada a\u00f1o desde la fundaci\u00f3n del <b>Polo Educativo<\/b>, el congreso est\u00e1 dirigido a directivos y docentes de institutos de ense\u00f1anza de gesti\u00f3n p\u00fablica y privada, investigadores y profesionales relacionados con la educaci\u00f3n. Y el<b> Polo Educativo<\/b> beca a todos los docentes de escuelas p\u00fablicas de Pilar para que asistan sin cargo. <\/span><\/p>\n<p><span style=\"font-family: Verdana; font-size: small;\">Del acto de apertura participaron la diputada nacional Dra Marcela Campagnoli; la Lic. Mar\u00eda Rosa Batalla, directora de Universitarios y Terciarios de la Municipalidad de Pilar; Pilar Ferr\u00f3n, directora de Escuelas Municipales; el se\u00f1or inspector Jefe Distrital de Gesti\u00f3n Estatal, Lic. Sergio Silvestri; inspectoras e inspectores de todos los niveles de gesti\u00f3n p\u00fablica y privada del distrito de Pilar; la secretaria acad\u00e9mica del Campus Pilar de la Universidad del Salvador, Lic. Cecilia Fabbro; la secretaria de Promoci\u00f3n e Ingreso, Patricia Alonso; la coordinadora de la Secretar\u00eda de Promoci\u00f3n e Ingreso, Lic. Paula Estrada; representantes legales, directivos y docentes de las escuelas de gesti\u00f3n p\u00fablica y privada, entre otros.<\/span><\/p>\n<p><a href=\"https:\/\/quasarcomunicacion.com.ar\/web\/wp-content\/uploads\/2018\/02\/auditorio.gif\"><img class=\"aligncenter\" alt=\"auditorio\" src=\"https:\/\/quasarcomunicacion.com.ar\/web\/wp-content\/uploads\/2018\/02\/auditorio.gif\" \/><\/a><\/p>\n<p><span style=\"font-family: Verdana; font-size: small;\">Luego del himno, el Profesor Pablo Maerk Nielsen, representante de la Unidad de Coordinaci\u00f3n de la Universidad del Salvador dio la bienvenida a los asistentes, asegurando que \u00abqueremos felicitarlos a todos uds porque est\u00e1n dispuestos a perfeccionarse, a mirarse para adentro como docentes. Quiero felicitarlos porque hay una audiencia muy importante dispuesta a reflexionar. Todo esto tiene sentido si este sal\u00f3n est\u00e1 lleno de docentes comprometidos que apuestan a una educaci\u00f3n de calidad en Pilar y en la Argentina\u00bb.<\/span><\/p>\n<p><span style=\"font-family: Verdana; font-size: small;\">Le siguieron las palabras de la Profesora Graciela Rold\u00e1n Schutz, presidente del <b>Polo Educativo Pilar <\/b>quien se dirigi\u00f3 a la audiencia agradeciendo la presencia y destacando las caracter\u00edsticas de un \u00abDocente Transformador\u00bb. Destac\u00f3 la importante tarea del docente y la responsabilidad que tienen al ense\u00f1ar. \u00abEl mundo ha cambiado, sigue cambiando y seguir\u00e1 cambiando. Por eso es importante reconocer nuestra tarea como docentes. Tenemos el compromiso de formar a nuestros alumnos\u00bb, dijo. Haciendo alusi\u00f3n a Nelson Mandela, invit\u00f3 al auditorio a \u00abliberarse de nuestros miedos, volver a ejercer con libertad la tarea de ense\u00f1ar\u00bb. Luego destinaron unos segundos a reflexionar en silencio sobre cu\u00e1les son las caracter\u00edsticas de un Docente Transformador e ingresar las 3 caracter\u00edsticas predominantes en una p\u00e1gina para analizarlas a lo largo de la Jornada.<\/span><\/p>\n<p><a href=\"https:\/\/quasarcomunicacion.com.ar\/web\/wp-content\/uploads\/2018\/02\/campagnoli.gif\"><img class=\"aligncenter\" alt=\"campagnoli\" src=\"https:\/\/quasarcomunicacion.com.ar\/web\/wp-content\/uploads\/2018\/02\/campagnoli.gif\" \/><\/a><\/p>\n<p><span style=\"font-family: Verdana; font-size: small;\">Adem\u00e1s, la diputada nacional Marcela Campagnoli tambi\u00e9n destac\u00f3 el auditorio lleno y felicit\u00f3 a los asistentes en su discurso. \u00abQue bueno que se hayan tomado un d\u00eda de descanso para formarse, para compartir experiencias, para debatir ideas sobre el rol tan importante que ustedes tienen\u00bb. <\/span><\/p>\n<p><span style=\"font-family: Verdana; font-size: small;\">\u00abPara mi la profesi\u00f3n m\u00e1s importante de todas es la docencia, porque pod\u00e9s tener la profesi\u00f3n que tengas pero si no hubo un docente que te alent\u00f3, que te mir\u00f3 a los ojos, que se dio cuenta cu\u00e1les eran tus habilidades y te alent\u00f3 a fomentarlas no ser\u00edas ni abogado, ni sacerdote, ingeniero, ni arquitecto, ni nada. Por eso es importante gestionar la educaci\u00f3n de manera creativa, emp\u00e1tica, solidaria y fomentar nuevas pr\u00e1cticas\u00bb, continu\u00f3 Capagnoli.<\/span><\/p>\n<p><span style=\"font-family: Verdana; font-size: small;\">El cierre estuvo a cargo de representantes de la Universidad del Salvador que presentaron sus carreras en el \u00e1rea de Educaci\u00f3n.<\/span><\/p>\n<p><span style=\"font-family: Verdana; font-size: small;\">Los organizadores tambi\u00e9n agradecieron a los sponsors, este a\u00f1o acompa\u00f1aron el evento: Fase 2, Brainy Learning Tecnodid\u00e1cticos, Avondoglio &#8211; Sochel SRL, Buenos Aires Players SRL, Jos\u00e9 Mar\u00eda Walsh y Revista Colegios.<\/span><\/p>\n<p><span style=\"font-family: Verdana; font-size: small;\">En esta oportunidad se intercalaron conferencias de prestigiosos profesionales con paneles de reflexi\u00f3n y espacios de intercambio de buenas pr\u00e1cticas. <\/span><\/p>\n<p><span style=\"font-family: Verdana; font-size: small;\">La presidente del Polo Educativo Pilar, la Prof. Graciela Rold\u00e1n Schuth dio la bienvenida a los asistente con las siguientes palabras<\/span><\/p>\n<p><span style=\"font-family: Verdana; font-size: small;\">Por la ma\u00f1ana tienen lugar dos conferencias. La <b>Conferencia de Apertura: \u201cCAMBIA EL MUNDO, CAMBIA LA EDUCACI\u00d3N\u201d <\/b>a cargo de la Mag. Prof. Pilar Pozner. Y luego del coffe es el turno de la <b>Conferencia: \u201c\u00bfC\u00d3MO RECORDAR QUE NAC\u00cd PARA ENSE\u00d1AR?: INNOVANDO EN EL AULA PARA GANAR EN MOTIVACI\u00d3N\u201d <\/b>a cargo de la Lic. Silvia Figiacone <\/span><\/p>\n<p><a href=\"https:\/\/quasarcomunicacion.com.ar\/web\/wp-content\/uploads\/2018\/02\/aperturahall.gif\"><img class=\"aligncenter\" alt=\"aperturahall\" src=\"https:\/\/quasarcomunicacion.com.ar\/web\/wp-content\/uploads\/2018\/02\/aperturahall.gif\" \/><\/a><\/p>\n<p><span style=\"font-family: Verdana; font-size: small;\">Luego del almuerzo se realizan los paneles de reflexi\u00f3n. El primero titulado<\/span> <span style=\"font-family: Verdana; font-size: small;\"><b>\u00a0\u201cUN DI\u00c1LOGO ENTRE LA COYUNTURA Y LA \u00c9POCA\u201d ser\u00e1 coordinado por el <\/b>Ing. Juan Mar\u00eda Segura y lo conformar\u00e1n: el Prof. Alejandro Piscitelli, el Prof. Daniel C\u00f3rdoba y el Lic. Sergio Pazos <\/span><\/p>\n<p><span style=\"font-family: Verdana; font-size: small;\">El segundo y \u00faltimo, se titula <b>\u201c\u00bfY SI PROBAMOS HACERLO?\u201d <\/b> y lo coordinar\u00e1 el Lic. Federico Johansen. Este panel estar\u00e1 integrado por el Prof. Agust\u00edn Porres, la Lic. Andrea Pelliccia, la Prof. Sandra Pinchetti y el Prof. Dar\u00edo \u00c1lvarez Klar.<\/span><\/p>\n<p><span style=\"font-family: Verdana; font-size: small;\">M\u00e1s info escribiendo a <a href=\"mailto:congresos@poloeducativopilar.org.ar\"> congresos@poloeducativopilar.org.ar<\/a>.\u00a0 M\u00e1s Info en <a href=\"http:\/\/www.poloeducativopilar.org.ar\/\"> www.poloeducativopilar.org.ar<\/a> o en las redes sociales @poloeducativo <\/span><\/p>\n<p align=\"center\"><span style=\"font-family: Verdana; font-size: small;\"><b>Todo el material de prensa e im\u00e1genes en alta en <\/b><a href=\"http:\/\/www.quasarcomunicacion.com.ar\/web\/congreso2018\"> www.quasarcomunicacion.com.ar\/web\/congreso2018<\/a> <\/span><\/p>\n<div align=\"left\">\n<table width=\"100%\" border=\"1\" cellpadding=\"2\" align=\"left\">\n<tbody>\n<tr>\n<td align=\"center\" width=\"50%\">\n<p align=\"left\"><span style=\"font-size: medium;\"><strong><span style=\"color: #808080; font-family: Arial; font-size: small;\"> Candela Villanueva &#8211; Asistente de Cuentas<\/p>\n<p><\/span> <\/strong><\/span> <span style=\"font-size: xx-small;\"><span style=\"color: #ff0000;\"> Directo<\/span><b>: <\/b> 0230<\/span><span style=\"font-size: xx-small;\">-4664772<br \/>\n<\/span><span style=\"color: #ff0000; font-size: xx-small;\"> Skype:<\/span><span style=\"font-size: xx-small;\"> quasarcomunicacion<br \/>\n<\/span><span style=\"color: #ff0000; font-size: xx-small;\"> Twitter:<\/span><span style=\"font-size: xx-small;\"> @quasarpilar<br \/>\n<\/span><span style=\"color: #ff0000; font-size: xx-small;\"> Gr<\/span><span style=\"color: #ff0000; font-size: xx-small;\">upo y p\u00e1gina en Facebook: <\/span> <span style=\"color: #808080; font-size: xx-small;\">www.facebook.com\/<\/span><a href=\"mailto:mfipata@gmail.com\"><span style=\"font-size: xx-small;\">Quasar<\/span><\/a><span style=\"font-size: xx-small;\">Comunicacion<br \/>\n<\/span><span style=\"color: #ff0000; font-size: xx-small;\"> Web:<\/span><b><\/b> <a href=\"http:\/\/www.quasarcomunicacion.com.ar\/\"> <span style=\"font-size: xx-small;\">www.quasarcomunicacion.com.ar<\/span><\/a><\/p>\n<p align=\"left\"><span style=\"font-size: xx-small;\"> <span style=\"color: #ff0000;\">Mail<\/span><b>:<\/b><\/span><span style=\"font-size: xx-small;\"> <a href=\"mailto:fernanda@quasarcomunicacion.com.ar\"> candela<\/a><a href=\"mailto:fernanda@quasarcomunicacion.com.ar\">@quasarcomunicacion.com.ar<\/a><\/span><\/p>\n<\/td>\n<td align=\"center\" width=\"50%\">\n<p align=\"right\"><span style=\"font-size: medium;\"><strong> <span style=\"color: #808080; font-family: Arial; font-size: small;\"> Lic. Mar\u00eda Fernanda Ipata &#8211; Directora<br \/>\n<\/span> <\/strong><\/span> <span style=\"font-size: xx-small;\"><span style=\"color: #ff0000;\"><br \/>\nDirecto<\/span><b>: <\/b> 0230<\/span><span style=\"font-size: xx-small;\">-4664772<\/span><span style=\"font-size: xx-small;\"><br \/>\n<\/span><span style=\"font-size: xx-small;\"> <span style=\"color: #ff0000;\">M\u00f3vil:<\/span><b> <\/b> 0230<\/span><span style=\"font-size: xx-small;\">-15-4584535<br \/>\n<\/span><span style=\"color: #ff0000; font-size: xx-small;\"> Skype:<\/span><span style=\"font-size: xx-small;\"> quasarcomunicacion<br \/>\n<\/span><span style=\"color: #ff0000; font-size: xx-small;\"> Twitter:<\/span><span style=\"font-size: xx-small;\"> @quasarpilar<br \/>\n<\/span><span style=\"color: #ff0000; font-size: xx-small;\"> Gr<\/span><span style=\"color: #ff0000; font-size: xx-small;\">upo y p\u00e1gina en Facebook: <\/span> <span style=\"color: #808080; font-size: xx-small;\">www.facebook.com\/<\/span><a href=\"mailto:mfipata@gmail.com\"><span style=\"font-size: xx-small;\">Quasar<\/span><\/a><span style=\"font-size: xx-small;\">Comunicacion<br \/>\n<\/span><span style=\"font-size: xx-small;\"> <span style=\"color: #ff0000;\">LinkedIn<\/span><b>:\u00a0 <\/b><\/span> <span style=\"font-size: xx-small;\"><b> <a href=\"http:\/\/www.linkedin.com\/in\/mfipata\"> http:\/\/www.linkedin.com\/in\/mfipata<\/a><\/b><\/span><span style=\"font-size: xx-small;\"><br \/>\n<\/span><span style=\"color: #ff0000; font-size: xx-small;\"> Web:<\/span><b><\/b> <a href=\"http:\/\/www.quasarcomunicacion.com.ar\/\"> <span style=\"font-size: xx-small;\">www.quasarcomunicacion.com.ar<\/span><\/a><span style=\"font-size: xx-small;\"><br \/>\n<\/span><span style=\"font-size: xx-small;\"> <span style=\"color: #ff0000;\"> Mail<\/span><b>:<\/b><\/span><span style=\"font-size: xx-small;\"><a href=\"mailto:fernanda@quasarcomunicacion.com.ar\"> fernanda@quasarcomunicacion.com.ar<\/a><\/span><\/p>\n<\/td>\n<\/tr>\n<\/tbody>\n<\/table>\n<\/div>\n<p align=\"right\">\n<hr \/>\n<p align=\"left\">\n<p align=\"left\">\n<p align=\"left\">\n<p align=\"left\">\n<p align=\"left\"><b> <span style=\"color: #ff0000; font-family: Verdana; font-size: small;\">Acerca del Polo Educativo Pilar<\/span><\/b><\/p>\n<p align=\"left\">\n<p>El\u00a0<b>Polo Educativo Pilar\u00a0<\/b>es una asociaci\u00f3n civil sin fines de lucro que fue fundada en el a\u00f1o 2002, que re\u00fane a instituciones educativas del Partido de Pilar y tiene como objetivo principal el promover y desarrollar la educaci\u00f3n, p\u00fablica y privada, en todo el distrito.<\/p>\n<p>La asociaci\u00f3n nace a partir de 1999 cuando los directivos de los j\u00f3venes colegios privados de Pilar, junto con los que llevaban m\u00e1s a\u00f1os en la ciudad, comienzan a reunirse para considerar sus problem\u00e1ticas comunes. Este hecho, in\u00e9dito en la educaci\u00f3n privada en la Argentina, alcanza un alto grado de sinergia cuando los Colegios deciden trazar un plan para convertir al Partido de Pilar en una localidad que sea conocida por su alto nivel educativo, tanto en las instituciones privadas como en las p\u00fablicas. Con esa idea, un grupo original de 14 Colegios de distintos niveles, funda el\u00a0<b>Polo Educativo Pilar<\/b>.<\/p>\n<p>Cabe destacar que entidad obtuvo su personer\u00eda jur\u00eddica en diciembre de 2004 bajo el Nro. 7000\/04 expedido por la Inspecci\u00f3n de Persona jur\u00eddica de la Provincia de Buenos Aires. En el a\u00f1o 2003 es declarada entidad de Bien P\u00fablico por el Municipio de Pilar por Decreto Municipal Nro. 6679\/2003.<\/p>\n","protected":false},"excerpt":{"rendered":"<p>En el Auditorio de la Universidad del Salvador se est\u00e1 desarrollando el XIV CONGRESO DE EDUCACI\u00d3N organizado por el Polo [&hellip;]<\/p>\n","protected":false},"author":2,"featured_media":8154,"comment_status":"open","ping_status":"open","sticky":false,"template":"","format":"standard","meta":[],"categories":[2],"tags":[],"_links":{"self":[{"href":"https:\/\/quasarcomunicacion.com.ar\/web\/wp-json\/wp\/v2\/posts\/8157"}],"collection":[{"href":"https:\/\/quasarcomunicacion.com.ar\/web\/wp-json\/wp\/v2\/posts"}],"about":[{"href":"https:\/\/quasarcomunicacion.com.ar\/web\/wp-json\/wp\/v2\/types\/post"}],"author":[{"embeddable":true,"href":"https:\/\/quasarcomunicacion.com.ar\/web\/wp-json\/wp\/v2\/users\/2"}],"replies":[{"embeddable":true,"href":"https:\/\/quasarcomunicacion.com.ar\/web\/wp-json\/wp\/v2\/comments?post=8157"}],"version-history":[{"count":0,"href":"https:\/\/quasarcomunicacion.com.ar\/web\/wp-json\/wp\/v2\/posts\/8157\/revisions"}],"wp:featuredmedia":[{"embeddable":true,"href":"https:\/\/quasarcomunicacion.com.ar\/web\/wp-json\/wp\/v2\/media\/8154"}],"wp:attachment":[{"href":"https:\/\/quasarcomunicacion.com.ar\/web\/wp-json\/wp\/v2\/media?parent=8157"}],"wp:term":[{"taxonomy":"category","embeddable":true,"href":"https:\/\/quasarcomunicacion.com.ar\/web\/wp-json\/wp\/v2\/categories?post=8157"},{"taxonomy":"post_tag","embeddable":true,"href":"https:\/\/quasarcomunicacion.com.ar\/web\/wp-json\/wp\/v2\/tags?post=8157"}],"curies":[{"name":"wp","href":"https:\/\/api.w.org\/{rel}","templated":true}]}}