{"id":813,"date":"2012-09-17T14:08:36","date_gmt":"2012-09-17T14:08:36","guid":{"rendered":"http:\/\/quasarcomunicacion.wordpress.com\/?p=813"},"modified":"2012-09-17T14:08:36","modified_gmt":"2012-09-17T14:08:36","slug":"que-es-un-ataque-de-panico","status":"publish","type":"post","link":"https:\/\/quasarcomunicacion.com.ar\/web\/que-es-un-ataque-de-panico\/","title":{"rendered":"\u00bfQu\u00e9 es un ataque de p\u00e1nico?"},"content":{"rendered":"<p style=\"text-align:left;\" align=\"center\"><span style=\"font-family:Verdana;font-size:small;\">Cacho Casta\u00f1a sufri\u00f3 un ataque de p\u00e1nico y debi\u00f3 suspender el show que iba a ofrecer este s\u00e1bado en el sal\u00f3n Metropolitano de Rosario. Pero \u00bfqu\u00e9 es un ataque de p\u00e1nico? Los especialistas del <\/span><strong>Centro de Estudios Especializado en Trastornos de Ansiedad (CEETA) <\/strong><span style=\"font-family:Verdana;font-size:small;\">lo explican<!--more--><\/span><\/p>\n<div align=\"center\">\n<table id=\"AutoNumber5\" width=\"90%\" border=\"0\" cellspacing=\"4\" cellpadding=\"4\">\n<tbody>\n<tr>\n<td bgcolor=\"#ECFFF9\" width=\"100%\"><em> <span style=\"font-family:Verdana;font-size:xx-small;\">La licenciada Gabriela Mart\u00ed<\/span><\/em><span style=\"font-family:Verdana;font-size:xx-small;\"><em>nez Castro, directora del CEETA, est\u00e1 disponible para consultas o entrevistas sobre el tema. Comunicarse al 011-4110-0183 \u00f3 011-15-6096-4656 para concretarlas o enviar un mail a <a href=\"mailto:gabriela@quasarcomunicacion.com.ar\"> fernanda@quasarcomunicacion.com.ar <\/a>\u00a0<\/em><\/span><\/td>\n<\/tr>\n<\/tbody>\n<\/table>\n<\/div>\n<p align=\"left\"><img loading=\"lazy\" src=\"http:\/\/www.quasarcomunicacion.com.ar\/ceeta\/lic.gif\" alt=\"\" width=\"300\" height=\"225\" align=\"right\" hspace=\"6\" vspace=\"6\" \/><\/p>\n<p><span style=\"font-family:Verdana;font-size:small;\">Se sabe que el <em>panic attack<\/em> es cada vez m\u00e1s frecuente. La mayor\u00eda de los pacientes que sufren este trastorno padecen tambi\u00e9n agorafobia o miedo a los espacios abiertos.\u00a0 <\/span><br \/>\n<strong><span style=\"font-family:Verdana;font-size:small;\">Las causas <\/span><\/strong><br \/>\n<span style=\"font-family:Verdana;font-size:small;\">Seg\u00fan la licenciada Gabriela Mart\u00ednez Castro, especialista en trastornos de ansiedad y directora del <strong>Centro de Estudios Especializado en Trastornos de Ansiedad,<\/strong> \u201clos factores para padecer una crisis de p\u00e1nico son m\u00faltiples: siempre hay una predisposici\u00f3n gen\u00e9tica (factores hereditarios), el medio socio-ambiental de tipo ansioso (sus cuidadores \u00f3 padres han sido ansiosos, temerosos o sobreprotectores) y un suceso estresante o desencadenante\u201d. <\/span><br \/>\n<img loading=\"lazy\" src=\"http:\/\/www.quasarcomunicacion.com.ar\/ansiedad\/panico1.gif\" alt=\"\" width=\"256\" height=\"242\" align=\"left\" hspace=\"6\" vspace=\"6\" \/><span style=\"font-family:Verdana;font-size:small;\">Estos sucesos pueden ser tan comunes y cotidianos como una situaci\u00f3n de estr\u00e9s, una mudanza, un parto, enfermedad o muerte de seres queridos, migraci\u00f3n, accidentes, cambio laboral o desempleo, divorcio o separaci\u00f3n, entre muchos otros. <\/span><br \/>\n<span style=\"font-family:Verdana;font-size:small;\">Sin embargo, Mart\u00ednez Castro aclara que \u201cel trastorno de p\u00e1nico se instala cuando se han repetido dos o m\u00e1s crisis, y la vida del sujeto comienza a verse restringida (no efect\u00faa sus actividades habituales, o las hace, pero acompa\u00f1ado, por temor a volver a padecer una crisis y no disponer de ayuda o posibilidad de escape en ese momento)\u201d. <\/span><br \/>\n<strong><span style=\"font-family:Verdana;font-size:small;\">Los s\u00edntomas <\/span><\/strong><br \/>\n<span style=\"font-family:Verdana;font-size:small;\">Palpitaciones, sudoraci\u00f3n, temblores o sacudidas musculares, sensaci\u00f3n de ahogo o falta de aire, sensaci\u00f3n de atragantamiento, opresi\u00f3n en el pecho, n\u00e1useas, malestar o molestias gastrointestinales, inestabilidad, mareos o sensaci\u00f3n de desmayo, sensaci\u00f3n de irrealidad, miedo a perder el control, a volverse loco, a morir, sensaci\u00f3n de hormigueo, escalofr\u00edos o sofocaciones, etc.<\/span><br \/>\n<span style=\"font-family:Verdana;font-size:small;\">Estos son s\u00f3lo algunos de los s\u00edntomas que nos alertan de una crisis de p\u00e1nico, la que se presenta de forma brusca, alcanzando su m\u00e1xima intensidad a los diez minutos de haber comenzado. <\/span><br \/>\n<span style=\"font-family:Verdana;font-size:small;\">Todo puede desencadenarse cuando estamos tranquilos, manejando, mirando televisi\u00f3n o simplemente dando un agradable paseo. De pronto, comenzamos a sentir palpitaciones, como si el coraz\u00f3n fuera a salirse del pecho, sentimos un inmenso temor a morir o a enloquecer, desesperaci\u00f3n, necesidad de escapar. <\/span><br \/>\n<span style=\"font-family:Verdana;font-size:small;\">Notamos que nos cuesta respirar y un mareo nos hace pensar que podr\u00edamos desvanecernos. Quedamos paralizado por el miedo sin poder comprender lo que ocurre, pero algo nos queda claro: sentimos que estamos en peligro. <\/span><br \/>\n<span style=\"font-family:Verdana;font-size:small;\">Cuando todo esto sucede, estamos frente a una \u201ccrisis de p\u00e1nico\u201d, la cual jam\u00e1s olvidaremos. <\/span><br \/>\n<img loading=\"lazy\" src=\"http:\/\/www.quasarcomunicacion.com.ar\/ansiedad\/panico2.gif\" alt=\"\" width=\"200\" height=\"200\" align=\"right\" hspace=\"6\" vspace=\"6\" \/><span style=\"font-family:Verdana;font-size:small;\">Cabe destacar que si el trastorno de p\u00e1nico no es tratado adecuadamente, la persona restringir\u00e1 m\u00e1s cada vez m\u00e1s sus actividades fuera de la casa hasta casi permanecer todo el tiempo dentro de ella. <\/span><br \/>\n<span style=\"font-family:Verdana;font-size:small;\">Es as\u00ed como la enfermedad evoluciona tomando y anulando diversas \u00e1reas de la vida de la persona: vida personal (dificultades familiares debido a la dependencia, divorcio frecuente), laboral y\/o acad\u00e9mico (por la incapacidad de traslado y el temor a permanecer en el lugar de trabajo o estudio donde se teme padecer una crisis), f\u00edsica (dada la alt\u00edsima cantidad de interconsultas m\u00e9dicas y la falta de actividad f\u00edsica por el encierro), emocional (el estilo de vida se ha empobrecido tanto que el individuo se termina deprimiendo) y social (dado el temor a padecer la crisis y que los dem\u00e1s lo noten, se dejan de frecuentar amistades y de asistir a eventos sociales). <\/span><br \/>\n<span style=\"font-family:Verdana;font-size:small;\">\u201cEs importante destacar que cuanto antes se recurra a la consulta y se comience el tratamiento, m\u00e1s r\u00e1pido se detiene la evoluci\u00f3n y se procede a la recuperaci\u00f3n ya que un paciente adecuadamente tratado por un profesional especializado en la materia deber\u00eda retornar a su vida habitual alrededor del tercer mes de tratamiento\u201d, asegura la especialista desde su consultorio en Pilar. <\/span><br \/>\n<strong><span style=\"font-family:Verdana;font-size:small;\">El tratamiento <\/span><\/strong><br \/>\n<span style=\"font-family:Verdana;font-size:small;\">Esta enfermedad de un tratamiento espec\u00edfico: psicoterapia cognitivo-conductual y medicaci\u00f3n psiqui\u00e1trica, dirigido por expertos en el tema. <\/span><br \/>\n<span style=\"font-family:Verdana;font-size:small;\">\u201cEn un paciente colaborador con el tratamiento con una sesi\u00f3n semanal puede llegar al alta en el t\u00e9rmino de los 4 a 6 meses de tratamiento correctamente implementado, y as\u00ed retomar sus actividades habituales, sin restricci\u00f3n alguna, prescindiendo de tratamiento y medicaci\u00f3n en ese per\u00edodo\u201d, asegur\u00f3 la especialista. <\/span><\/p>\n<div align=\"center\">\n<table id=\"AutoNumber7\" width=\"90%\" border=\"0\" cellspacing=\"4\" cellpadding=\"4\">\n<tbody>\n<tr>\n<td bgcolor=\"#ECFFF9\" width=\"100%\"><em> <span style=\"font-family:Verdana;font-size:xx-small;\">Especialistas del CEETA<\/span><\/em><span style=\"font-family:Verdana;font-size:xx-small;\"><em> est\u00e1n disponible para consultas o entrevistas sobre el tema. Comunicarse al 011-4110-0183 \u00f3 011-15-6096-4656 para concretarlas o enviar un mail a <a href=\"mailto:noelia@quasarcomunicacion.com.ar\"> fernanda@quasarcomunicacion.com.ar<\/a>\u00a0 <\/em><\/span><\/td>\n<\/tr>\n<\/tbody>\n<\/table>\n<\/div>\n<p align=\"left\"><span style=\"font-family:Verdana;font-size:small;\">El <strong>Centro de Estudios Especializados en Trastornos de Ansiedad (CEETA)<\/strong> tiene su sede central en el Edificio Concord-Sector Los Almendros-piso segundo Oficina 202. Km 50 de la ruta Panamericana ramal Pilar. Tel\u00e9fono: 02322-667175 \u00f3 al Celular 15-4416-1578 <a href=\"http:\/\/www.ceeta.org\/\">www.ceeta.org<\/a>\u00a0 Tambi\u00e9n tiene sedes en Barrio Norte, Belgrano y San Isidro.<\/span><\/p>\n","protected":false},"excerpt":{"rendered":"<p>Cacho Casta\u00f1a sufri\u00f3 un ataque de p\u00e1nico y debi\u00f3 suspender el show que iba a ofrecer este s\u00e1bado en el [&hellip;]<\/p>\n","protected":false},"author":2,"featured_media":0,"comment_status":"open","ping_status":"open","sticky":false,"template":"","format":"standard","meta":[],"categories":[34],"tags":[],"_links":{"self":[{"href":"https:\/\/quasarcomunicacion.com.ar\/web\/wp-json\/wp\/v2\/posts\/813"}],"collection":[{"href":"https:\/\/quasarcomunicacion.com.ar\/web\/wp-json\/wp\/v2\/posts"}],"about":[{"href":"https:\/\/quasarcomunicacion.com.ar\/web\/wp-json\/wp\/v2\/types\/post"}],"author":[{"embeddable":true,"href":"https:\/\/quasarcomunicacion.com.ar\/web\/wp-json\/wp\/v2\/users\/2"}],"replies":[{"embeddable":true,"href":"https:\/\/quasarcomunicacion.com.ar\/web\/wp-json\/wp\/v2\/comments?post=813"}],"version-history":[{"count":0,"href":"https:\/\/quasarcomunicacion.com.ar\/web\/wp-json\/wp\/v2\/posts\/813\/revisions"}],"wp:attachment":[{"href":"https:\/\/quasarcomunicacion.com.ar\/web\/wp-json\/wp\/v2\/media?parent=813"}],"wp:term":[{"taxonomy":"category","embeddable":true,"href":"https:\/\/quasarcomunicacion.com.ar\/web\/wp-json\/wp\/v2\/categories?post=813"},{"taxonomy":"post_tag","embeddable":true,"href":"https:\/\/quasarcomunicacion.com.ar\/web\/wp-json\/wp\/v2\/tags?post=813"}],"curies":[{"name":"wp","href":"https:\/\/api.w.org\/{rel}","templated":true}]}}