{"id":810,"date":"2012-09-17T14:06:17","date_gmt":"2012-09-17T14:06:17","guid":{"rendered":"http:\/\/quasarcomunicacion.wordpress.com\/?p=810"},"modified":"2012-09-17T14:06:17","modified_gmt":"2012-09-17T14:06:17","slug":"mentedeportiva-organiza-taller-de-entrenamiento-mental-motivacion-en-la-actividad-fisica","status":"publish","type":"post","link":"https:\/\/quasarcomunicacion.com.ar\/web\/mentedeportiva-organiza-taller-de-entrenamiento-mental-motivacion-en-la-actividad-fisica\/","title":{"rendered":"Mentedeportiva organiza Taller de Entrenamiento Mental &quot;Motivaci\u00f3n en la Actividad f\u00edsica&quot;"},"content":{"rendered":"<p style=\"text-align:left;\" align=\"center\">\u00a0<span style=\"font-family:Verdana;font-size:small;\">La organizaci\u00f3n <strong> Mentedeportiva<\/strong> realizar\u00e1 ma\u00f1ana martes 18 de septiembre de 18.30 a 21.30 hs un Taller de entrenamiento mental denominado <strong>\u00abMotivaci\u00f3n en la Actividad F\u00edsica\u00bb<\/strong>, el cual se brindar\u00e1 en el Centro Suipacha (Suipacha 760 3\u201d17\u201d-CABA).<!--more--><\/span><\/p>\n<p><span style=\"font-family:Verdana;font-size:small;\">Este taller se centra en qu\u00e9 motiva a las personas a realizar actividad f\u00edsica, y est\u00e1 dirigido a: entrenadores, profesores de educaci\u00f3n f\u00edsica, personal trainers, instructores, y estudiantes de carreras afines a la actividad f\u00edsica, el deporte y la salud.<\/span><br \/>\n<span style=\"font-family:Verdana;font-size:small;\">\u00bfExiste una \u00fanica motivaci\u00f3n para la pr\u00e1ctica de actividad f\u00edsica y deportiva?<br \/>\n\u00bfC\u00f3mo se si estoy motivando correctamente a los deportistas a mi cargo? Estas son algunas de las preguntas que se ir\u00e1n respondiendo a lo largo de la capacitaci\u00f3n.<\/span><br \/>\n<span style=\"font-family:Verdana;font-size:small;\">El mismo estar\u00e1 a cargo de la capacitadora y titular de <strong>Mentedeportiva<\/strong>, la Lic Jimena Mart\u00ednez.<\/span><br \/>\n<span style=\"font-family:Verdana;font-size:small;\">Informes e Inscripci\u00f3n en <a href=\"mailto:info@mentedeportiva.com.ar\"> info@mentedeportiva.com.ar<\/a>\u00a0 y en los tel\u00e9fonos: 011 15 6160 8340 o 011 4865 3001. <\/span><br \/>\n<span style=\"font-family:Verdana;font-size:small;\">Para m\u00e1s informaci\u00f3n, ingresar a <a href=\"http:\/\/www.mentedeportiva.com.ar\/\"> http:\/\/www.mentedeportiva.com.ar<\/a> <\/span><\/p>\n","protected":false},"excerpt":{"rendered":"<p>\u00a0La organizaci\u00f3n Mentedeportiva realizar\u00e1 ma\u00f1ana martes 18 de septiembre de 18.30 a 21.30 hs un Taller de entrenamiento mental denominado [&hellip;]<\/p>\n","protected":false},"author":2,"featured_media":0,"comment_status":"open","ping_status":"open","sticky":false,"template":"","format":"standard","meta":[],"categories":[2],"tags":[],"_links":{"self":[{"href":"https:\/\/quasarcomunicacion.com.ar\/web\/wp-json\/wp\/v2\/posts\/810"}],"collection":[{"href":"https:\/\/quasarcomunicacion.com.ar\/web\/wp-json\/wp\/v2\/posts"}],"about":[{"href":"https:\/\/quasarcomunicacion.com.ar\/web\/wp-json\/wp\/v2\/types\/post"}],"author":[{"embeddable":true,"href":"https:\/\/quasarcomunicacion.com.ar\/web\/wp-json\/wp\/v2\/users\/2"}],"replies":[{"embeddable":true,"href":"https:\/\/quasarcomunicacion.com.ar\/web\/wp-json\/wp\/v2\/comments?post=810"}],"version-history":[{"count":0,"href":"https:\/\/quasarcomunicacion.com.ar\/web\/wp-json\/wp\/v2\/posts\/810\/revisions"}],"wp:attachment":[{"href":"https:\/\/quasarcomunicacion.com.ar\/web\/wp-json\/wp\/v2\/media?parent=810"}],"wp:term":[{"taxonomy":"category","embeddable":true,"href":"https:\/\/quasarcomunicacion.com.ar\/web\/wp-json\/wp\/v2\/categories?post=810"},{"taxonomy":"post_tag","embeddable":true,"href":"https:\/\/quasarcomunicacion.com.ar\/web\/wp-json\/wp\/v2\/tags?post=810"}],"curies":[{"name":"wp","href":"https:\/\/api.w.org\/{rel}","templated":true}]}}