{"id":8079,"date":"2018-01-16T09:50:25","date_gmt":"2018-01-16T12:50:25","guid":{"rendered":"https:\/\/quasarcomunicacion.com.ar\/web\/?p=8079"},"modified":"2018-01-16T09:50:25","modified_gmt":"2018-01-16T12:50:25","slug":"facebook-cambia-su-algoritmo-y-mostrara-menos-contenido-de-empresas-y-medios-de-comunicacion","status":"publish","type":"post","link":"https:\/\/quasarcomunicacion.com.ar\/web\/facebook-cambia-su-algoritmo-y-mostrara-menos-contenido-de-empresas-y-medios-de-comunicacion\/","title":{"rendered":"Facebook cambia su algoritmo y mostrar\u00e1 menos contenido de empresas y medios de comunicaci\u00f3n"},"content":{"rendered":"<article id=\"post-45084\">Prep\u00e1rense para ver c\u00f3mo cambia el timeline de Facebook en las pr\u00f3ximas semanas, no tanto en cuanto a dise\u00f1o sino como a los contenidos que vemos en \u00e9l. Y prep\u00e1rense tambi\u00e9n, aquellos que son\u00a0<strong>community managers o medios de comunicaci\u00f3n,<\/strong>\u00a0a ver c\u00f3mo el alcance de sus publicaciones desciende dr\u00e1sticamente.<!--more--><br \/>\n<strong>Mark Zuckerberg<\/strong>\u00a0hab\u00eda hecho una declaraci\u00f3n de intenciones hace unos d\u00edas, un prop\u00f3sito de a\u00f1o nuevo, \u201c<a href=\"https:\/\/www.trecebits.com\/2018\/01\/07\/mark-zuckerberg-se-propone-arreglar-facebook-objetivo-2018\/\">arreglar Facebook<\/a>\u201c, que no era m\u00e1s que un aviso.<br \/>\n<a href=\"https:\/\/quasarcomunicacion.com.ar\/web\/wp-content\/uploads\/2018\/01\/facebook-sabe-de-ti.jpg\"><img class=\"aligncenter\" alt=\"facebook-sabe-de-ti\" src=\"https:\/\/quasarcomunicacion.com.ar\/web\/wp-content\/uploads\/2018\/01\/facebook-sabe-de-ti.jpg\" \/><\/a><br \/>\nA pesar de que muchos lo vieron como una buena intenci\u00f3n, lo que en realidad estaba haciendo era allanar lo que iba a venir: un cambio de algoritmo que va a significar que las publicaciones de las empresas, instituciones y medios de comunicaci\u00f3n en Facebook se van a mostrar mucho menos a los usuarios.<br \/>\nLo anunciado ahora por Mark Zuckerberg ya hab\u00eda sido anticipado por la compa\u00f1\u00eda hace m\u00e1s de un a\u00f1o<br \/>\nAs\u00ed lo ha se\u00f1alado Zuckerberg en un\u00a0<a href=\"https:\/\/www.facebook.com\/zuck\/posts\/10104413015393571?pnref=story\" target=\"_blank\" rel=\"nofollow noopener noreferrer\">post<\/a>publicado en su cuenta en Facebook durante este fin de semana. Seg\u00fan el directivo, uno de sus principales intereses es mejorar el tiempo que los usuarios pasan en la red social, no s\u00f3lo en cuanto a cantidad -que s\u00ed, quiere que pasemos m\u00e1s tiempo en ella- pero tambi\u00e9n en cuanto a calidad, viendo lo que realmente nos interesa.<br \/>\nSeg\u00fan Zuck, los usuarios ahora mismo est\u00e1n viendo\u00a0<strong>demasiados contenidos de empresas<\/strong>\u00a0y muchos menos de la gente que realmente les importa: sus familiares y amigos. Esto es lo que explica el cambio que Facebook va a aplicar en su algoritmo en las pr\u00f3ximas semanas: dar\u00e1 m\u00e1s peso a las publicaciones de los contactos a la hora de ordenar los contenidos que muestra a cada usuario.<br \/>\nEsto significa que las empresas, que ya hab\u00edan visto reducido su alcance durante los \u00faltimos meses considerablemente, ver\u00e1n c\u00f3mo sus publicaciones se muestran menos, al ser menos puntuadas por el algoritmo de Facebook.<br \/>\n\u201cConstruimos Facebook para ayudar a que la gente est\u00e9 conectada y por eso hemos puesto siempre a los amigos y la familia en el centro de nuestra experiencia\u201d, se\u00f1ala Zuckerberg en el post.<br \/>\nSin embargo, la realidad es que, si una empresa paga y contrata algunos de los productos promocionados que pone Facebook a su disposici\u00f3n, esos \u201cprincipios fundamentales\u201d pueden ser obviados por la compa\u00f1\u00eda perfectamente. Es decir, que\u00a0<strong>si se paga, el alcance mejora considerablemente<\/strong>\u00a0y los contenidos son mostrados en un lugar prominente. S\u00ed, aunque no procedan de amigos o familiares.<br \/>\nLa conclusi\u00f3n es clara y el negocio, evidente, lo que es normal teniendo en cuenta que hablamos de una empresa que, como todas, tiene como objetivo conseguir dinero.<br \/>\nDe hecho, el anuncio de Mark Zuckerberg no deber\u00eda pillarnos por sorpresa, puesto que es algo que\u00a0<strong>Adam Mosseri<\/strong>, vicepresidente de Facebook y responsable del News Feed -y por tanto, del algoritmo que utiliza la compa\u00f1\u00eda- hab\u00eda anunciado\u00a0<a href=\"https:\/\/www.trecebits.com\/2016\/07\/06\/que-tiene-en-cuenta-el-nuevo-algoritmo-de-facebook\/\">ya hac\u00eda m\u00e1s de un a\u00f1o<\/a>.<br \/>\nSin embargo, parece que ahora que lo dice Mark Zuckerberg, el jefe de la compa\u00f1\u00eda, la situaci\u00f3n se torna m\u00e1s preocupante. La red social no aplicar\u00e1 -de momento- la prueba que realiz\u00f3 en el\u00a0<a href=\"https:\/\/www.trecebits.com\/2017\/10\/24\/facebook-prueba-esconder-completo-las-publicaciones-las-marcas\/\">mes de noviembre<\/a>\u00a0para crear dos timeline diferenciados y esconder las publicaciones de empresa, pero s\u00ed que les va a conceder menos relevancia.<br \/>\n\u201cComo resultado de todo esto, ver\u00e1s menos contenido p\u00fablico de empresas, marcas y medios de comunicaci\u00f3n. Y el contenido p\u00fablico que veas estar\u00e1 sometido al mismo est\u00e1ndar: busca las interacciones entre las personas\u201d, se\u00f1ala Zuckerberg, que tambi\u00e9n asegura en este sentido que, dado que las retransmisiones en v\u00eddeo generan m\u00e1s interacciones entre los usuarios, tambi\u00e9n ocupar\u00e1n un lugar prominente en su secci\u00f3n de noticias.<\/p>\n<div>\n<div><\/div>\n<\/div>\n<\/article>\n<div>\n<div><img loading=\"lazy\" alt=\"\" src=\"https:\/\/secure.gravatar.com\/avatar\/f0ca822098cb11a39cfb3796e773b307?s=100&amp;d=mm&amp;r=g\" srcset=\"https:\/\/secure.gravatar.com\/avatar\/f0ca822098cb11a39cfb3796e773b307?s=200&amp;d=mm&amp;r=g 2x\" width=\"100\" height=\"100\" \/><\/div>\n<div>\n<h4>Por Manuel Moreno<\/h4>\n<p>Periodista y fundador de TreceBits. Consultor y profesor de redes sociales y periodismo 2.0, colabora con varios medios de comunicaci\u00f3n. Autor de: \u201cEl Gran Libro del Community Manager\u201d, \u201cC\u00f3mo triunfar en las redes sociales\u201d y \u201cYo tambi\u00e9n la lie parda en Internet\u201d.<br \/>\n<strong>Fuente<\/strong>: <a href=\"https:\/\/www.trecebits.com\/2018\/01\/15\/facebook-cambia-algoritmo-mostrara-menos-contenido-empresas-medios-comunicacion\/?utm_content=bufferfa963&amp;utm_medium=social&amp;utm_source=linkedin.com&amp;utm_campaign=buffer\" target=\"_blank\" rel=\"noopener noreferrer\">trebits.com<\/a>\n<\/div>\n<\/div>\n<p>&nbsp;<\/p>\n","protected":false},"excerpt":{"rendered":"<p>Prep\u00e1rense para ver c\u00f3mo cambia el timeline de Facebook en las pr\u00f3ximas semanas, no tanto en cuanto a dise\u00f1o sino [&hellip;]<\/p>\n","protected":false},"author":2,"featured_media":8080,"comment_status":"open","ping_status":"open","sticky":false,"template":"","format":"standard","meta":[],"categories":[64],"tags":[],"_links":{"self":[{"href":"https:\/\/quasarcomunicacion.com.ar\/web\/wp-json\/wp\/v2\/posts\/8079"}],"collection":[{"href":"https:\/\/quasarcomunicacion.com.ar\/web\/wp-json\/wp\/v2\/posts"}],"about":[{"href":"https:\/\/quasarcomunicacion.com.ar\/web\/wp-json\/wp\/v2\/types\/post"}],"author":[{"embeddable":true,"href":"https:\/\/quasarcomunicacion.com.ar\/web\/wp-json\/wp\/v2\/users\/2"}],"replies":[{"embeddable":true,"href":"https:\/\/quasarcomunicacion.com.ar\/web\/wp-json\/wp\/v2\/comments?post=8079"}],"version-history":[{"count":0,"href":"https:\/\/quasarcomunicacion.com.ar\/web\/wp-json\/wp\/v2\/posts\/8079\/revisions"}],"wp:featuredmedia":[{"embeddable":true,"href":"https:\/\/quasarcomunicacion.com.ar\/web\/wp-json\/wp\/v2\/media\/8080"}],"wp:attachment":[{"href":"https:\/\/quasarcomunicacion.com.ar\/web\/wp-json\/wp\/v2\/media?parent=8079"}],"wp:term":[{"taxonomy":"category","embeddable":true,"href":"https:\/\/quasarcomunicacion.com.ar\/web\/wp-json\/wp\/v2\/categories?post=8079"},{"taxonomy":"post_tag","embeddable":true,"href":"https:\/\/quasarcomunicacion.com.ar\/web\/wp-json\/wp\/v2\/tags?post=8079"}],"curies":[{"name":"wp","href":"https:\/\/api.w.org\/{rel}","templated":true}]}}