{"id":8075,"date":"2018-01-09T11:19:01","date_gmt":"2018-01-09T14:19:01","guid":{"rendered":"https:\/\/quasarcomunicacion.com.ar\/web\/?p=8075"},"modified":"2018-01-09T11:19:01","modified_gmt":"2018-01-09T14:19:01","slug":"con-mas-de-230-miembros-la-red-de-emprendedores-de-pilar-sigue-creciendo","status":"publish","type":"post","link":"https:\/\/quasarcomunicacion.com.ar\/web\/con-mas-de-230-miembros-la-red-de-emprendedores-de-pilar-sigue-creciendo\/","title":{"rendered":"Con m\u00e1s de 230 miembros, la Red de Emprendedores de Pilar sigue creciendo"},"content":{"rendered":"<p style=\"text-align: left;\" align=\"center\"><span style=\"font-family: Verdana; font-size: small;\">\u00a0La <b>Red de Emprendedores de Pilar<\/b> sigue creciendo a paso firme, ya est\u00e1 formada por m\u00e1s de 230 emprendedores que se sumaron a la iniciativa impulsada por <b>Pilar Emprende<\/b> junto a <b>Emprender Hoy<\/b>. La red, se trata de un registro de emprendedores con el fin de generar v\u00ednculos comerciales entre ellos y favorecer el intercambio de productos y servicios a la vez que ofrecerles beneficios y herramientas para hacer crecer sus proyectos. Adem\u00e1s, los datos se concentran en una Gu\u00eda (www.pilaremprende.com.ar\/GUIA.pdf) que permite acceder a la informaci\u00f3n de contacto y a los beneficios mutuos que se dan los miembros entre si y al p\u00fablico en general.<!--more--><\/span><\/p>\n<p><span style=\"font-family: Verdana; font-size: small;\">Para participar (de forma abierta y gratuita) deber\u00e1n ingresar a <a href=\"http:\/\/pilaremprende.com.ar\/inscribite\/\">http:\/\/pilaremprende.com.ar\/inscribite\/<\/a> y completar el formulario. Podr\u00e1n formar parte aquellos emprendedores con un proyecto en marcha radicados en Pilar (Buenos Aires &#8211; Argentina) o con injerencia en el distrito.<\/span><\/p>\n<p><b><span style=\"font-family: Verdana; font-size: small;\">Los datos de la red<\/span><\/b><\/p>\n<p><span style=\"font-family: Verdana; font-size: small;\">El registro, que adem\u00e1s de los datos p\u00fablicos solicita informaci\u00f3n para obtener estad\u00edsticas del sector arroj\u00f3 que la red est\u00e1 integrada mayoritariamente por mujeres, que son el 77% de los miembros. Respecto de la edad de los emprendedores titulares, el 34.3% est\u00e1 en la franja de 36 a 45 a\u00f1os, seguidos por los de 26 a 35 a\u00f1os y de 46 a 55 a\u00f1os.<\/span><\/p>\n<p><a href=\"https:\/\/quasarcomunicacion.com.ar\/web\/wp-content\/uploads\/2018\/01\/redgenero18.jpg\"><img class=\"aligncenter\" alt=\"redgenero18\" src=\"https:\/\/quasarcomunicacion.com.ar\/web\/wp-content\/uploads\/2018\/01\/redgenero18.jpg\" \/><\/a><\/p>\n<p><span style=\"font-family: Verdana; font-size: small;\">Respecto del nivel educativo de los titulares de los emprendimientos, el 33.9% tiene estudios universitarios, seguido por el 29.1% que tiene estudios secundarios y terciarios. S\u00f3lo el 6.7% tiene estudios de posgrado<\/span><\/p>\n<p><span style=\"font-family: Verdana; font-size: small;\">A igual que los datos arrojados el a\u00f1o pasado, el a\u00f1o 2015 es el a\u00f1o de inicio de la mayor cantidad de emprendimientos. El 45.7% inicio en ese a\u00f1o, seguido por el 22.3% que lo hizo con anterioridad a 2010.<\/span><\/p>\n<p><span style=\"font-family: Verdana; font-size: small;\">Respecto al lugar de residencia del titular, el 34.4% residen en Pilar centro, el 19.9% en Del Viso, seguido por Villa Rosa, Presidente Derqui, Km 50 y otras localidades en menor cantidad.<\/span><\/p>\n<p><span style=\"font-family: Verdana; font-size: small;\">Adem\u00e1s, los emprendimientos son unipersonales en un 41.1% de los miembros de la red y el 88.8% no pertenece a ninguna asociaci\u00f3n que los nuclee.<\/span><\/p>\n<p><span style=\"font-family: Verdana; font-size: small;\">Las actividades son de lo m\u00e1s variadas, entre las que se destacan Servicios profesionales y Regalos y Artesan\u00edas sumando el 26.2% del total. <\/span><\/p>\n<p><a href=\"https:\/\/quasarcomunicacion.com.ar\/web\/wp-content\/uploads\/2018\/01\/redactividad18.jpg\"><img class=\"aligncenter\" alt=\"redactividad18\" src=\"https:\/\/quasarcomunicacion.com.ar\/web\/wp-content\/uploads\/2018\/01\/redactividad18.jpg\" \/><\/a><\/p>\n<p><span style=\"font-family: Verdana; font-size: small;\">El\u00a0 43.4% est\u00e1 inscripto en la AFIP y el resto a\u00fan no tiene su situaci\u00f3n regularizada.<\/span><\/p>\n<p><img class=\"aligncenter\" alt=\"red2018\" src=\"https:\/\/quasarcomunicacion.com.ar\/web\/wp-content\/uploads\/2018\/01\/red2018.jpg\" \/><span style=\"font-family: Verdana; font-size: small;\">Para completar el an\u00e1lisis se han evaluado las necesidades de los inscriptos al <\/span><b style=\"font-family: Verdana; font-size: small;\">Ciclo de Charlas Gratuitas para el Desarrollo Emprendedor en Pilar<\/b><span style=\"font-family: Verdana; font-size: small;\">, del que participaron m\u00e1s de 300 emprendedores durante el 2017, al preguntar \u00bfCuales de estas actividades ser\u00edan necesarias para tu crecimiento como emprendedor? el 76.7% respondi\u00f3 Capacitaci\u00f3n, seguido del 57.1% que pidi\u00f3 charlas informativas y el 54.7% espacios de networking.<\/span><\/p>\n<p><a href=\"https:\/\/quasarcomunicacion.com.ar\/web\/wp-content\/uploads\/2018\/01\/cicloactividadesnecesarias18.jpg\"><img class=\"aligncenter\" alt=\"cicloactividadesnecesarias18\" src=\"https:\/\/quasarcomunicacion.com.ar\/web\/wp-content\/uploads\/2018\/01\/cicloactividadesnecesarias18.jpg\" \/><\/a><\/p>\n<p><span style=\"font-family: Verdana; font-size: small;\">\u00abSer parte de la RED te permitir\u00e1 participar de actividades de networking y capacitaci\u00f3n gratuitas, obtener descuentos en otras actividades, conocer a otros emprendedores y disfrutar de promociones y descuentos exclusivos para miembros de la RED. Adem\u00e1s, difundiremos el emprendimiento en nuestros medios de difusi\u00f3n, entre muchos otros beneficios\u00bb, invitan los responsables de Pilar Emprende.<\/span><\/p>\n<p><span style=\"font-family: Verdana; font-size: small;\">De esta manera se busca agrupar, conectar y potenciar a los emprendedores del Partido. A trav\u00e9s de la <b>GUIA de la RED<\/b> publicada de forma gratuita en <a href=\"http:\/\/www.pilaremprende.com.ar\/red\"> www.pilaremprende.com.ar\/red<\/a>\u00a0 buscan darle visibilidad a los emprendedores para que puedan establecer nuevas relaciones comerciales, conseguir clientes, proveedores y socios aliados. Adem\u00e1s, gozar\u00e1n de los beneficios que se otorgar\u00e1n entre si por ser miembros de la Red.<\/span><\/p>\n<p><span style=\"font-family: Verdana; font-size: small;\">La intenci\u00f3n de todas estas iniciativas es promover una comunidad de emprendedores que se fortalezca y crezca con el intercambio de experiencias, conocimientos, contactos y colaboraci\u00f3n mutua. <\/span><\/p>\n<p><b><span style=\"font-family: Verdana; font-size: small;\">Acerca de Pilar Emprende by Emprender HOY <\/span><\/b><\/p>\n<p><b style=\"font-family: Verdana; font-size: xx-small;\">Pilar Emprende<\/b><span style=\"font-family: Verdana; font-size: xx-small;\"> surge a partir del trabajo de <\/span><b style=\"font-family: Verdana; font-size: xx-small;\">Emprender HOY, <\/b><span style=\"font-family: Verdana; font-size: xx-small;\">un espacio que busca otorgarle valor a los proyectos de emprendedores de la zona, acompa\u00f1arlos en su puesta en marcha y disfrutar en equipo de los objetivos cumplidos<\/span><\/p>\n<p><span style=\"font-family: Verdana; font-size: xx-small;\">Para cumplir con su misi\u00f3n, brindan herramientas, espacios de networking, capacitaciones, tips, noticias, consultor\u00eda y todo lo que necesita el emprendedor para crecer y conformar un s\u00f3lido ecosistema emprendedor. <\/span><\/p>\n<p><span style=\"font-family: Verdana; font-size: xx-small;\"><b>Pilar Emprende<\/b> es un espacio pensado por emprendedores para los emprendedores de Pilar que junto a <b>Emprender HOY<\/b> le brindan oportunidades para crecer con su proyecto<\/span><\/p>\n<p><span style=\"font-family: Verdana; font-size: xx-small;\">Adem\u00e1s, cuenta desde 2015 con el espacio radial Pilar Emprende Radio que durante 2015 se emite los martes de 15 a 17 hs por Radio X Pilar (FM 100.3 \/ <a href=\"http:\/\/www.radioxpilar.com\/\">www.radioxpilar.com<\/a>.ar) en su segunda temporada.<\/span><\/p>\n<p><span style=\"font-family: Verdana; font-size: xx-small;\"><b> Emprender HOY <\/b>es un espacio para todos los emprendedores que se materializa en diversos eventos como ferias, encuentros, capacitaciones, consultor\u00edas, espacios de networking, entre otros. <\/span><\/p>\n<p><span style=\"font-family: Verdana; font-size: xx-small;\">La raz\u00f3n de ser, la misi\u00f3n, de <b>Emprender HOY <\/b>es proporcionar al sector Emprendedor herramientas y conocimientos que le permitan desarrollar su propio emprendimiento e incorporar competencias que deriven en su mejora continua. <\/span><\/p>\n<p><span style=\"font-family: Verdana; font-size: xx-small;\">Desde la instituci\u00f3n buscan fomentar el autoempleo y la sustentabilidad de los proyectos contribuyendo a la generaci\u00f3n de valor econ\u00f3mico en la sociedad a trav\u00e9s de la creaci\u00f3n y sostenimiento de un ecosistema emprendedor. Aspiran a ser un canal de comunicaci\u00f3n entre los emprendedores y entre las instituciones y organismos dedicados a ellos <\/span><\/p>\n<p><span style=\"font-family: Verdana; font-size: xx-small;\">Tambi\u00e9n cuentan con un grupo de consultores independientes que acercan su saber a los emprendedores, gener\u00e1ndose una comunidad donde la informaci\u00f3n se comparte de forma exponencial y viral <\/span><\/p>\n<p><span style=\"font-size: small;\"><b><i><span style=\"font-family: Arial;\">Por otras im\u00e1genes, audios o entrevistas no dude en contactarse<\/span><\/i><\/b><\/span><\/p>\n<p align=\"center\"><span style=\"font-size: small;\"><b><i> Contactos de Prensa<\/i><\/b><\/span><\/p>\n<div align=\"left\">\n<table width=\"100%\" border=\"1\" cellpadding=\"2\" align=\"left\">\n<tbody>\n<tr>\n<td align=\"center\" width=\"50%\">\n<p align=\"left\"><span style=\"font-size: medium;\"><strong><span style=\"color: #808080; font-family: Arial; font-size: small;\"> Candela Villanueva &#8211; Asistente de Cuentas<\/p>\n<p><\/span> <\/strong><\/span> <span style=\"font-size: xx-small;\"><span style=\"color: #ff0000;\"> Directo<\/span><b>: <\/b> 0230<\/span><span style=\"font-size: xx-small;\">-4664772<br \/>\n<\/span><span style=\"color: #ff0000; font-size: xx-small;\"> Skype:<\/span><span style=\"font-size: xx-small;\"> quasarcomunicacion<br \/>\n<\/span><span style=\"color: #ff0000; font-size: xx-small;\"> Twitter:<\/span><span style=\"font-size: xx-small;\"> @quasarpilar<br \/>\n<\/span><span style=\"color: #ff0000; font-size: xx-small;\"> Gr<\/span><span style=\"color: #ff0000; font-size: xx-small;\">upo y p\u00e1gina en Facebook: <\/span> <span style=\"color: #808080; font-size: xx-small;\">www.facebook.com\/<\/span><a href=\"mailto:mfipata@gmail.com\"><span style=\"font-size: xx-small;\">Quasar<\/span><\/a><span style=\"font-size: xx-small;\">Comunicacion<br \/>\n<\/span><span style=\"color: #ff0000; font-size: xx-small;\"> Web:<\/span><b><\/b> <a href=\"http:\/\/www.quasarcomunicacion.com.ar\/\"> <span style=\"font-size: xx-small;\">www.quasarcomunicacion.com.ar<\/span><\/a><\/p>\n<p align=\"left\"><span style=\"font-size: xx-small;\"> <span style=\"color: #ff0000;\">Mail<\/span><b>:<\/b><\/span><span style=\"font-size: xx-small;\"> <a href=\"mailto:fernanda@quasarcomunicacion.com.ar\"> candela<\/a><a href=\"mailto:fernanda@quasarcomunicacion.com.ar\">@quasarcomunicacion.com.ar<\/a><\/span><\/p>\n<\/td>\n<td align=\"center\" width=\"50%\">\n<p align=\"right\"><span style=\"font-size: medium;\"><strong> <span style=\"color: #808080; font-family: Arial; font-size: small;\"> Lic. Mar\u00eda Fernanda Ipata &#8211; Directora<br \/>\n<\/span> <\/strong><\/span> <span style=\"font-size: xx-small;\"><span style=\"color: #ff0000;\"><br \/>\nDirecto<\/span><b>: <\/b> 0230<\/span><span style=\"font-size: xx-small;\">-4664772<\/span><span style=\"font-size: xx-small;\"><br \/>\n<\/span><span style=\"font-size: xx-small;\"> <span style=\"color: #ff0000;\">M\u00f3vil:<\/span><b> <\/b> 0230<\/span><span style=\"font-size: xx-small;\">-15-4584535<br \/>\n<\/span><span style=\"color: #ff0000; font-size: xx-small;\"> Skype:<\/span><span style=\"font-size: xx-small;\"> quasarcomunicacion<br \/>\n<\/span><span style=\"color: #ff0000; font-size: xx-small;\"> Twitter:<\/span><span style=\"font-size: xx-small;\"> @quasarpilar<br \/>\n<\/span><span style=\"color: #ff0000; font-size: xx-small;\"> Gr<\/span><span style=\"color: #ff0000; font-size: xx-small;\">upo y p\u00e1gina en Facebook: <\/span> <span style=\"color: #808080; font-size: xx-small;\">www.facebook.com\/<\/span><a href=\"mailto:mfipata@gmail.com\"><span style=\"font-size: xx-small;\">Quasar<\/span><\/a><span style=\"font-size: xx-small;\">Comunicacion<br \/>\n<\/span><span style=\"font-size: xx-small;\"> <span style=\"color: #ff0000;\">LinkedIn<\/span><b>:\u00a0 <\/b><\/span> <span style=\"font-size: xx-small;\"><b> <a href=\"http:\/\/www.linkedin.com\/in\/mfipata\"> http:\/\/www.linkedin.com\/in\/mfipata<\/a><\/b><\/span><br \/>\n<a href=\"https:\/\/www.linkedin.com\/company\/2267649\/\"> <span style=\"font-size: small;\">https:\/\/www.linkedin.com\/company\/2267649\/<\/span><\/a><span style=\"font-size: xx-small;\"><br \/>\n<\/span><span style=\"color: #ff0000; font-size: xx-small;\"> Web:<\/span><b><\/b> <a href=\"http:\/\/www.quasarcomunicacion.com.ar\/\"> <span style=\"font-size: xx-small;\">www.quasarcomunicacion.com.ar<\/span><\/a><span style=\"font-size: xx-small;\"><br \/>\n<\/span><span style=\"font-size: xx-small;\"> <span style=\"color: #ff0000;\"> Mail<\/span><b>:<\/b><\/span><span style=\"font-size: xx-small;\"><a href=\"mailto:fernanda@quasarcomunicacion.com.ar\"> fernanda@quasarcomunicacion.com.ar<\/a><\/span><\/p>\n<\/td>\n<\/tr>\n<\/tbody>\n<\/table>\n<\/div>\n","protected":false},"excerpt":{"rendered":"<p>\u00a0La Red de Emprendedores de Pilar sigue creciendo a paso firme, ya est\u00e1 formada por m\u00e1s de 230 emprendedores que [&hellip;]<\/p>\n","protected":false},"author":2,"featured_media":8065,"comment_status":"open","ping_status":"open","sticky":false,"template":"","format":"standard","meta":[],"categories":[2],"tags":[],"_links":{"self":[{"href":"https:\/\/quasarcomunicacion.com.ar\/web\/wp-json\/wp\/v2\/posts\/8075"}],"collection":[{"href":"https:\/\/quasarcomunicacion.com.ar\/web\/wp-json\/wp\/v2\/posts"}],"about":[{"href":"https:\/\/quasarcomunicacion.com.ar\/web\/wp-json\/wp\/v2\/types\/post"}],"author":[{"embeddable":true,"href":"https:\/\/quasarcomunicacion.com.ar\/web\/wp-json\/wp\/v2\/users\/2"}],"replies":[{"embeddable":true,"href":"https:\/\/quasarcomunicacion.com.ar\/web\/wp-json\/wp\/v2\/comments?post=8075"}],"version-history":[{"count":0,"href":"https:\/\/quasarcomunicacion.com.ar\/web\/wp-json\/wp\/v2\/posts\/8075\/revisions"}],"wp:featuredmedia":[{"embeddable":true,"href":"https:\/\/quasarcomunicacion.com.ar\/web\/wp-json\/wp\/v2\/media\/8065"}],"wp:attachment":[{"href":"https:\/\/quasarcomunicacion.com.ar\/web\/wp-json\/wp\/v2\/media?parent=8075"}],"wp:term":[{"taxonomy":"category","embeddable":true,"href":"https:\/\/quasarcomunicacion.com.ar\/web\/wp-json\/wp\/v2\/categories?post=8075"},{"taxonomy":"post_tag","embeddable":true,"href":"https:\/\/quasarcomunicacion.com.ar\/web\/wp-json\/wp\/v2\/tags?post=8075"}],"curies":[{"name":"wp","href":"https:\/\/api.w.org\/{rel}","templated":true}]}}