{"id":806,"date":"2012-09-14T13:36:39","date_gmt":"2012-09-14T13:36:39","guid":{"rendered":"http:\/\/quasarcomunicacion.wordpress.com\/?p=806"},"modified":"2012-09-14T13:36:39","modified_gmt":"2012-09-14T13:36:39","slug":"a-limpiar-el-mundo-en-la-reseva-natural-del-pilar","status":"publish","type":"post","link":"https:\/\/quasarcomunicacion.com.ar\/web\/a-limpiar-el-mundo-en-la-reseva-natural-del-pilar\/","title":{"rendered":"&quot;A Limpiar el Mundo&quot; en la Reseva Natural del Pilar"},"content":{"rendered":"<p style=\"text-align:left;\" align=\"center\"><span style=\"font-family:Verdana;font-size:small;\">La comisi\u00f3n directiva de la\u00a0<strong>Asociaci\u00f3n Patrimonio Natural\u00a0<\/strong>convoca a las instituciones educativas de la comunidad a participar en la\u00a0<strong>Jornada de Limpieza<\/strong>del jueves 20 de septiembre de 2012, en la\u00a0<strong>Reserva Natural del Pilar a<\/strong>\u00a0partir de las 10hs en el marco de las actividades que realiza como miembro de\u00a0<strong>\u201cA Limpiar el Mundo\u201d.<!--more--><\/strong><\/span><\/p>\n<p><span style=\"font-family:Verdana;font-size:small;\">Tambi\u00e9n se realizar\u00e1 una actividad especial el s\u00e1bado 22 de septiembre, saliendo en Bicicleta desde PILAR QUIERO CAMINARTE, a las 10 hs, y se invita a la comunidad en general para continuar con las actividades en la reserva ese mismo d\u00eda, a partir de las 11 hs.<\/span><br \/>\n<span style=\"font-family:Verdana;font-size:small;\">La\u00a0<strong>Reserva Natural del Pilar<\/strong>\u00a0se encuentra a menos de 2 km. del casco urbano de la ciudad del Pilar y de la Panamericana (Ramal Pilar, Km 53). Su acceso es muy f\u00e1cil ya que hay asfalto hasta el ingreso a la misma y un colectivo llega hasta all\u00ed, el que va a Ex F\u00e1brica Militar y parte del centro de Pilar.<\/span><br \/>\n<span style=\"font-family:Verdana;font-size:small;\">Estas jornadas forma parte de un proyecto de participaci\u00f3n mundial, presentado desde la ONG australiana Clean up the world, del que forman parte aproximadamente 35 millones de voluntarios que buscan hacerse responsables del medio ambiente, generando efectos que se hacen sentir no solo en sus comunidades, sino tambi\u00e9n en todo el planeta.<br \/>\nEl lema de la campa\u00f1a es \u201cNuestro Entorno\u2026 Nuestro Planeta\u2026 Nuestra Responsabilidad\u201d, y se\u00f1ala c\u00f3mo la acci\u00f3n local alcanza a tener un impacto global.<\/span><br \/>\n<span style=\"font-family:Verdana;font-size:small;\">La idea desde la\u00a0<strong>Asociaci\u00f3n Patrimonio Natural<\/strong>\u00a0es que en cada lugar se puedan llevar a cabo acciones que tengan que ver con la limpieza y el cuidado del planeta. En este caso cuidar del parque local, reciclar desechos, conservar agua y llevar a cabo iniciativas para aumentar la concienciaci\u00f3n.<\/span><br \/>\n<span style=\"font-family:Verdana;font-size:small;\">Cada instituci\u00f3n educativa podr\u00e1 realizar las tareas de limpieza en el horario y turno que desee, s\u00f3lo se solicita la comunicaci\u00f3n previa de su participaci\u00f3n.<\/span><br \/>\n<span style=\"font-family:Verdana;font-size:small;\">Para mayor informaci\u00f3n comunicarse con:\u00a0<a href=\"mailto:info@patrimonionatural.org.ar\">info@patrimonionatural.org.ar<\/a>\u00a0, 011 15 5052 7846<\/span><br \/>\n<strong><span style=\"font-family:Verdana;font-size:small;\">Acerca de A Limpiar el Mundo 2012<\/span><\/strong><br \/>\n<span style=\"font-family:Verdana;font-size:small;\">Los 35 millones de voluntarios que se estima que participan anualmente en\u00a0<strong>A Limpiar el Mundo<\/strong>, se hacen responsables del medio ambiente \u2013 y los efectos se hacen sentir no solo en sus comunidades, sino tambi\u00e9n por todo el planeta.<\/span><br \/>\n<span style=\"font-family:Verdana;font-size:small;\">El lema de nuestra campa\u00f1a &#8211; Nuestro Entorno\u2026 Nuestro Planeta\u2026 Nuestra Responsabilidad \u2013 se\u00f1ala c\u00f3mo la acci\u00f3n local \u2013 realizada por cada comunidad y voluntario participando en una actividad de A Limpiar el Mundo \u2013 tiene un impacto global.<\/span><br \/>\n<span style=\"font-family:Verdana;font-size:small;\">Actividades para mejorar el medio ambiente en tu entorno podr\u00eda incluir cuidar de un parque local, reciclar desechos, conservar agua o decidir llevar a cabo iniciativas para aumentar la concienciaci\u00f3n o iniciativas educativas.<\/span><\/p>\n","protected":false},"excerpt":{"rendered":"<p>La comisi\u00f3n directiva de la\u00a0Asociaci\u00f3n Patrimonio Natural\u00a0convoca a las instituciones educativas de la comunidad a participar en la\u00a0Jornada de Limpiezadel [&hellip;]<\/p>\n","protected":false},"author":2,"featured_media":0,"comment_status":"open","ping_status":"open","sticky":false,"template":"","format":"standard","meta":[],"categories":[2],"tags":[],"_links":{"self":[{"href":"https:\/\/quasarcomunicacion.com.ar\/web\/wp-json\/wp\/v2\/posts\/806"}],"collection":[{"href":"https:\/\/quasarcomunicacion.com.ar\/web\/wp-json\/wp\/v2\/posts"}],"about":[{"href":"https:\/\/quasarcomunicacion.com.ar\/web\/wp-json\/wp\/v2\/types\/post"}],"author":[{"embeddable":true,"href":"https:\/\/quasarcomunicacion.com.ar\/web\/wp-json\/wp\/v2\/users\/2"}],"replies":[{"embeddable":true,"href":"https:\/\/quasarcomunicacion.com.ar\/web\/wp-json\/wp\/v2\/comments?post=806"}],"version-history":[{"count":0,"href":"https:\/\/quasarcomunicacion.com.ar\/web\/wp-json\/wp\/v2\/posts\/806\/revisions"}],"wp:attachment":[{"href":"https:\/\/quasarcomunicacion.com.ar\/web\/wp-json\/wp\/v2\/media?parent=806"}],"wp:term":[{"taxonomy":"category","embeddable":true,"href":"https:\/\/quasarcomunicacion.com.ar\/web\/wp-json\/wp\/v2\/categories?post=806"},{"taxonomy":"post_tag","embeddable":true,"href":"https:\/\/quasarcomunicacion.com.ar\/web\/wp-json\/wp\/v2\/tags?post=806"}],"curies":[{"name":"wp","href":"https:\/\/api.w.org\/{rel}","templated":true}]}}