{"id":803,"date":"2012-09-14T13:14:50","date_gmt":"2012-09-14T13:14:50","guid":{"rendered":"http:\/\/quasarcomunicacion.wordpress.com\/?p=803"},"modified":"2012-09-14T13:14:50","modified_gmt":"2012-09-14T13:14:50","slug":"manos-en-accion-celebrara-el-dia-del-nino-en-manzanares","status":"publish","type":"post","link":"https:\/\/quasarcomunicacion.com.ar\/web\/manos-en-accion-celebrara-el-dia-del-nino-en-manzanares\/","title":{"rendered":"Manos en Acci\u00f3n celebrar\u00e1 el D\u00eda del Ni\u00f1o en Manzanares"},"content":{"rendered":"<p style=\"text-align:left;\" align=\"center\"><em>\u00a0<\/em><span style=\"font-family:Verdana;font-size:small;\">La\u00a0<\/span><strong>Asociaci\u00f3n Civil Manos en Acci\u00f3n<\/strong><span style=\"font-family:Verdana;font-size:small;\">realizar\u00e1 el s\u00e1bado 22 de septiembre los festejos por el d\u00eda del ni\u00f1o. El encuentro ser\u00e1 de 11 a 17 hs. en el predio de la estaci\u00f3n de tren de Manzanares, d\u00f3nde habr\u00e1n sorteos y manualidades, junto a otras actividades destinadas al entretenimiento de los asistentes.<!--more--><\/span><\/p>\n<p><span style=\"font-family:Verdana;font-size:small;\">Como parte de la acci\u00f3n solidaria que realiza la asociaci\u00f3n civil los festejos estar\u00e1n acompa\u00f1ados por una colecta de juguetes que se entregar\u00e1n a los ni\u00f1os de R\u00edo Luj\u00e1n y Manzanares. La idea es que quienes participen del evento lleven juguetes nuevos y usados en buen estado para colaborar con la gente que m\u00e1s lo necesita.<\/span><br \/>\n<span style=\"font-family:Verdana;font-size:small;\">Adem\u00e1s, solicitan la colaboraci\u00f3n de voluntarios que deseen sumarse a cortar hamburguesas, servir pizzas, bebidas, a cuidar grupos de ni\u00f1os, entre otras tareas. Los interesados deber\u00e1n comunicarse con Karina al 15-5913-7260 o con Dany al 15-5913-7230 de Manos en Acci\u00f3n.<\/span><br \/>\n<img loading=\"lazy\" src=\"http:\/\/www.quasarcomunicacion.com.ar\/manosenaccion\/ninio.gif\" alt=\"\" width=\"500\" height=\"970\" \/><br \/>\n<strong><span style=\"font-family:Verdana;font-size:small;\">Acerca de Manos en Acci\u00f3n<\/span><\/strong><br \/>\n<img loading=\"lazy\" src=\"http:\/\/www.quasarcomunicacion.com.ar\/manosenaccion\/manos.gif\" alt=\"\" width=\"107\" height=\"101\" align=\"right\" hspace=\"6\" vspace=\"6\" \/><span style=\"font-family:Verdana;font-size:xx-small;\"><strong>Manos en Acci\u00f3n<\/strong>\u00a0es una joven Asociaci\u00f3n Civil sin fines de lucro, formada por un equipo de voluntarios con distintas formaciones profesionales y laborales, que tiene la convicci\u00f3n de contribuir a mejorar la condici\u00f3n de vida de familias carenciadas. Sus fundadores, tienen una vasta experiencia en el tema, desarrollada en la comunidad de los Barrios Manzanares y R\u00edo Luj\u00e1n del Partido del Pilar.<\/span><br \/>\n<span style=\"font-family:Verdana;font-size:xx-small;\"><strong>Manos en Acci\u00f3n<\/strong>\u00a0no guarda afiliaci\u00f3n a ning\u00fan partido pol\u00edtico ni organizaci\u00f3n de car\u00e1cter religiosa. Trabajamos junto a todos aquellos voluntarios que quieran aportar soluciones reales a los problemas prioritarios de vida de nuestra comunidad.<\/span><br \/>\n<span style=\"font-family:Verdana;font-size:xx-small;\">Su visi\u00f3n consiste en formar individuos auto-sustentables: No existen suficientes donantes en el mundo para aliviar la pobreza existente. Por eso es de vital importancia poder brindar las herramientas necesarias con el fin de formar individuos independientes y auto-solventes, virando de un antiguo modelo de caridad que genera dependencia a un nuevo modelo de \u201cAuto-sustentabilidad\u201d.<\/span><br \/>\n<span style=\"font-family:Verdana;font-size:xx-small;\"><strong>Los objetivos de Manos en Acci\u00f3n<\/strong><\/span><br \/>\n<span style=\"font-family:Verdana;font-size:xx-small;\">Mejorar las condiciones de vivienda de las familias que se encuentran en estado de emergencia.<\/span><br \/>\n<span style=\"font-family:Verdana;font-size:xx-small;\">Combatir la deserci\u00f3n escolar y brindar un refuerzo educativo a adultos, adolescentes y ni\u00f1os (primaria y secundaria).<\/span><br \/>\n<span style=\"font-family:Verdana;font-size:xx-small;\">Detectar las habilidades y capacidades de los miembros de la familia.<br \/>\nPromover la inserci\u00f3n de los j\u00f3venes en el mercado laboral.<\/span><br \/>\n<span style=\"font-family:Verdana;font-size:xx-small;\">Facilitar la formaci\u00f3n de oficios e incrementar las condiciones para el empleo de los vecinos de la zona.<\/span><br \/>\n<span style=\"font-family:Verdana;font-size:xx-small;\">Combatir la desnutrici\u00f3n.<\/span><br \/>\n<span style=\"font-family:Verdana;font-size:xx-small;\">Fomentar la participaci\u00f3n de los vecinos en proyectos comunitarios, principalmente como agentes multiplicadores, fortaleciendo las redes existentes.<\/span><br \/>\n<span style=\"font-family:Verdana;font-size:xx-small;\">Generar y formar parte de una red solidaria con otras Asociaciones Civiles y Fundaciones de bien p\u00fablico.<\/span><br \/>\n<strong><span style=\"font-family:Verdana;font-size:small;\">Contacto<\/span><\/strong><br \/>\n<span style=\"font-family:Verdana;font-size:small;\">El Centro Comunitario de Manos en Acci\u00f3n se encuentra en Cafayate 56 te 0230 4491090\u2013 (1629) Manzanares \u2013 Pilar \u2013 Pcia de Buenos Aires &#8211; Argentina<br \/>\nMail:\u00a0<a href=\"mailto:info@manosenaccionargentina.org\">info@manosenaccionargentina.org<\/a><br \/>\nTel: (11) 15 5913 7251<br \/>\n<a href=\"http:\/\/www.manosenaccionargentina.org\/\">www.manosenaccionargentina.org<\/a>\u00a0\u00a0<\/span><br \/>\n<a href=\"http:\/\/www.facebook.com\/manosenaccion\">www.facebook.com\/manosenaccion<\/a><br \/>\n<strong>RELACIONES INSTITUCIONALES<\/strong>\u00a0<a href=\"mailto:fifipalou@manosenaccionargentina.org\">fifipalou@manosenaccionargentina.org<\/a>\u00a0 Fifi Palou Tel: + 54 11 1559137264<\/p>\n","protected":false},"excerpt":{"rendered":"<p>\u00a0La\u00a0Asociaci\u00f3n Civil Manos en Acci\u00f3nrealizar\u00e1 el s\u00e1bado 22 de septiembre los festejos por el d\u00eda del ni\u00f1o. El encuentro ser\u00e1 [&hellip;]<\/p>\n","protected":false},"author":2,"featured_media":0,"comment_status":"open","ping_status":"open","sticky":false,"template":"","format":"standard","meta":[],"categories":[2],"tags":[],"_links":{"self":[{"href":"https:\/\/quasarcomunicacion.com.ar\/web\/wp-json\/wp\/v2\/posts\/803"}],"collection":[{"href":"https:\/\/quasarcomunicacion.com.ar\/web\/wp-json\/wp\/v2\/posts"}],"about":[{"href":"https:\/\/quasarcomunicacion.com.ar\/web\/wp-json\/wp\/v2\/types\/post"}],"author":[{"embeddable":true,"href":"https:\/\/quasarcomunicacion.com.ar\/web\/wp-json\/wp\/v2\/users\/2"}],"replies":[{"embeddable":true,"href":"https:\/\/quasarcomunicacion.com.ar\/web\/wp-json\/wp\/v2\/comments?post=803"}],"version-history":[{"count":0,"href":"https:\/\/quasarcomunicacion.com.ar\/web\/wp-json\/wp\/v2\/posts\/803\/revisions"}],"wp:attachment":[{"href":"https:\/\/quasarcomunicacion.com.ar\/web\/wp-json\/wp\/v2\/media?parent=803"}],"wp:term":[{"taxonomy":"category","embeddable":true,"href":"https:\/\/quasarcomunicacion.com.ar\/web\/wp-json\/wp\/v2\/categories?post=803"},{"taxonomy":"post_tag","embeddable":true,"href":"https:\/\/quasarcomunicacion.com.ar\/web\/wp-json\/wp\/v2\/tags?post=803"}],"curies":[{"name":"wp","href":"https:\/\/api.w.org\/{rel}","templated":true}]}}