{"id":8016,"date":"2017-11-22T13:37:33","date_gmt":"2017-11-22T16:37:33","guid":{"rendered":"https:\/\/quasarcomunicacion.com.ar\/web\/?p=8016"},"modified":"2017-11-22T13:37:33","modified_gmt":"2017-11-22T16:37:33","slug":"el-polo-educativo-pilar-entrego-los-premios-al-merito-y-los-certificados-a-los-alumnos-que-participaron-de-la-expoarte-y-expofotografica","status":"publish","type":"post","link":"https:\/\/quasarcomunicacion.com.ar\/web\/el-polo-educativo-pilar-entrego-los-premios-al-merito-y-los-certificados-a-los-alumnos-que-participaron-de-la-expoarte-y-expofotografica\/","title":{"rendered":"El Polo Educativo Pilar entreg\u00f3 los Premios al M\u00e9rito y los certificados a los alumnos que participaron de la ExpoArte y Expofotogr\u00e1fica"},"content":{"rendered":"<p style=\"text-align: left;\" align=\"center\">En su d\u00e9cimo quinto aniversario, en el Auditorio de la Universidad del Salvador, con presencia de alumnos, padres, docentes, autoridades y periodistas, el <b>Polo Educativo Pilar<\/b> entreg\u00f3 <span style=\"font-size: small;\">los <b> Premios al M\u00e9rito 2017 <\/b>y los diplomas a los alumnos que participaron en la <b>Expoarte<\/b> y <b> Expofotogr\u00e1fica <\/b>realizada en Paseo Champagnat. Adem\u00e1s, se consagr\u00f3 al ganador del <b>Premio Educador del A\u00f1o 2017<\/b>.<!--more--><\/span><\/p>\n<p><a href=\"https:\/\/quasarcomunicacion.com.ar\/web\/wp-content\/uploads\/2017\/11\/merito.gif\"><img class=\"aligncenter\" alt=\"merito\" src=\"https:\/\/quasarcomunicacion.com.ar\/web\/wp-content\/uploads\/2017\/11\/merito.gif\" \/><\/a><\/p>\n<p><span style=\"font-size: small;\">Alumnos de secundaria de escuelas p\u00fablicas y privadas del distrito recibieron su reconocimiento de manos de sus directivos y docentes.\u00a0<\/span><\/p>\n<p><span style=\"font-size: small;\">En la entrega de premios, \u00a0recibieron premios al M\u00e9rito 57 alumnos de escuelas p\u00fablicas y privadas y 126 certificados aquellos que participaron de la Expoarte y Expoafotogr\u00e1fica.<\/span><\/p>\n<p><span style=\"font-size: small;\"> <a href=\"http:\/\/www.facebook.com\/poloeducativo\"> <span style=\"color: #0000cc;\">Ver album de fotos en <\/span><\/a><\/span> <span style=\"color: #0000cc; font-size: small;\"> <a href=\"http:\/\/www.facebook.com\/poloeducativo\"> www.facebook.com\/poloeducativo<\/a><\/span><\/p>\n<p><span style=\"font-size: small;\">La presidente del <b>Polo Educativo Pilar<\/b>, Graciela Rold\u00e1n, le dio la bienvenida a alumnos, padres, docentes, autoridades y a toda la comunidad que comparti\u00f3 el acto de entrega de los premios como cierre de las actividades de la instituci\u00f3n que este a\u00f1o cumple sus primeros quince a\u00f1os de trabajo conjunto, de sue\u00f1os, de proyectos realizados y de muchos proyectos que a\u00fan est\u00e1n por venir.<\/span><\/p>\n<p><span style=\"font-size: small;\">\u00abVenimos a celebrar el m\u00e9rito, los logros, los objetivos planteados y los objetivos conseguidos. Hoy vamos a compartir lo que es celebrar el premio al m\u00e9rito de cada uno de los chicos\u00bb, dijo Rold\u00e1n.<\/span><\/p>\n<p><span style=\"font-size: small;\">\u00abAdem\u00e1s vamos a entregar los diplomas a los alumnos que han participado de <b>ExpoArte y Expofotogr\u00e1fica<\/b>, una muestra maravillosa que recrea la realidad, la embellecen, la transforman\u00bb, continu\u00f3.<\/span><\/p>\n<p><span style=\"font-size: small;\">\u00abEst\u00e1n aqu\u00ed los mejores alumnos de Pilar, est\u00e1n aqu\u00ed no s\u00f3lo por sus logros acad\u00e9micos, sino por el esfuerzo diario que hacen, por destacarse en deportes, por ser buenos compa\u00f1eros, por ser personas que se esfuerzan y que sacan adelante los objetivos que se proponen. Ustedes son los mejores alumnos de Pilar del a\u00f1o 2017, recuerden con cari\u00f1o este momento. Ustedes son ejemplo de lo que es tener valores, de lo que es ponerse metas, de compartir valores y capacidades. Ustedes son los protagonistas de este tiempo, lo que uds hagan hoy determinar\u00e1 el futuro que vamos a tener\u00bb, finaliz\u00f3 Rold\u00e1n.<\/span><\/p>\n<p><span style=\"font-size: small;\">Como cada a\u00f1o, se premi\u00f3 la actitud solidaria de los alumnos, el compa\u00f1erismo, el respeto hacia directivos y docentes de su escuela y el esfuerzo realizado en el a\u00f1o escolar.<\/span><\/p>\n<p><span style=\"font-size: small;\">A su vez, los alumnos que participaron de la <b>ExpoArte<\/b> y <b>ExpoFotogr\u00e1fica<\/b> que exhibieron sus trabajos durante un mes Paseo Champagnat, recibieron sus diplomas.<\/span><\/p>\n<p><span style=\"font-size: small;\">Tambi\u00e9n se reconoci\u00f3 la trayectoria del Colegio del Pilar, entreg\u00e1ndole una plaqueta a Angeles Mart\u00edn y Herrera por los primeros 35 a\u00f1os de la instituci\u00f3n miembro del <b>Polo Educativo.<\/b><\/span><\/p>\n<p>&nbsp;<\/p>\n<p>El\u00a0<b>Polo Educativo Pilar\u00a0<\/b>es una asociaci\u00f3n civil sin fines de lucro, fundada en el a\u00f1o 2002, que re\u00fane a instituciones educativas, tanto del Partido de Pilar como tambi\u00e9n de otras jurisdicciones, y que tiene como objetivo principal el promover y desarrollar la educaci\u00f3n, p\u00fablica y privada, en todo el distrito.<\/p>\n<p align=\"center\"><span style=\"font-size: small;\"><b><i><span style=\"font-family: Arial;\">Por otras im\u00e1genes, audios o entrevistas no dude en contactarse entrevistas no dude en contactarse<\/span><\/i><\/b><\/span><\/p>\n<div align=\"left\">\n<table width=\"100%\" border=\"1\" cellpadding=\"2\" align=\"left\">\n<tbody>\n<tr>\n<td align=\"center\" width=\"50%\">\n<p align=\"left\"><strong> <span style=\"color: #ff0000; font-family: Arial; font-size: small;\">Candela Villanueva<\/span><\/strong><span style=\"font-size: medium;\"><strong><span style=\"color: #808080; font-family: Arial; font-size: small;\"> &#8211; Asistente de Cuentas<\/p>\n<p><\/span> <\/strong><\/span> <span style=\"font-size: xx-small;\"><span style=\"color: #ff0000;\"> Directo<\/span><b>: <\/b> 0230<\/span><span style=\"font-size: xx-small;\">-4664772<br \/>\n<\/span><span style=\"color: #ff0000; font-size: xx-small;\"> Skype:<\/span><span style=\"font-size: xx-small;\"> quasarcomunicacion<br \/>\n<\/span><span style=\"color: #ff0000; font-size: xx-small;\"> Twitter:<\/span><span style=\"font-size: xx-small;\"> @quasarpilar<br \/>\n<\/span><span style=\"color: #ff0000; font-size: xx-small;\"> Gr<\/span><span style=\"color: #ff0000; font-size: xx-small;\">upo y p\u00e1gina en Facebook: <\/span> <span style=\"color: #808080; font-size: xx-small;\">www.facebook.com\/<\/span><a href=\"mailto:mfipata@gmail.com\"><span style=\"font-size: xx-small;\">Quasar<\/span><\/a><span style=\"font-size: xx-small;\">Comunicacion<br \/>\n<\/span><span style=\"color: #ff0000; font-size: xx-small;\"> Web:<\/span><b><\/b> <a href=\"http:\/\/www.quasarcomunicacion.com.ar\/\"> <span style=\"font-size: xx-small;\">www.quasarcomunicacion.com.ar<\/span><\/a><\/p>\n<p align=\"left\"><span style=\"font-size: xx-small;\"> <span style=\"color: #ff0000;\">Mail<\/span><b>:<\/b><\/span><span style=\"font-size: xx-small;\"> <a href=\"mailto:fernanda@quasarcomunicacion.com.ar\"> candela@quasarcomunicacion.com.ar<\/a><\/span><\/p>\n<\/td>\n<td align=\"center\" width=\"50%\">\n<p align=\"right\"><span style=\"font-size: medium;\"><strong> <span style=\"color: #808080; font-family: Arial; font-size: small;\"> Lic. Mar\u00eda Fernanda Ipata &#8211; Directora<br \/>\n<\/span> <\/strong><\/span> <span style=\"font-size: xx-small;\"><span style=\"color: #ff0000;\"><br \/>\nDirecto<\/span><b>: <\/b> 0230<\/span><span style=\"font-size: xx-small;\">-4664772<\/span><span style=\"font-size: xx-small;\"><br \/>\n<\/span><span style=\"font-size: xx-small;\"> <span style=\"color: #ff0000;\">M\u00f3vil:<\/span><b> <\/b> 0230<\/span><span style=\"font-size: xx-small;\">-15-4584535<br \/>\n<\/span><span style=\"color: #ff0000; font-size: xx-small;\"> Skype:<\/span><span style=\"font-size: xx-small;\"> quasarcomunicacion<br \/>\n<\/span><span style=\"color: #ff0000; font-size: xx-small;\"> Twitter:<\/span><span style=\"font-size: xx-small;\"> @quasarpilar<br \/>\n<\/span><span style=\"color: #ff0000; font-size: xx-small;\"> Gr<\/span><span style=\"color: #ff0000; font-size: xx-small;\">upo y p\u00e1gina en Facebook: <\/span> <span style=\"color: #808080; font-size: xx-small;\">www.facebook.com\/<\/span><a href=\"mailto:mfipata@gmail.com\"><span style=\"font-size: xx-small;\">Quasar<\/span><\/a><span style=\"font-size: xx-small;\">Comunicacion<br \/>\n<\/span><span style=\"font-size: xx-small;\"> <span style=\"color: #ff0000;\">LinkedIn<\/span><b>:\u00a0 <\/b><\/span> <span style=\"font-size: xx-small;\"><b> <a href=\"http:\/\/www.linkedin.com\/in\/mfipata\"> http:\/\/www.linkedin.com\/in\/mfipata<\/a><\/b><\/span><span style=\"font-size: xx-small;\"><br \/>\n<\/span><span style=\"color: #ff0000; font-size: xx-small;\"> Web:<\/span><b><\/b> <a href=\"http:\/\/www.quasarcomunicacion.com.ar\/\"> <span style=\"font-size: xx-small;\">www.quasarcomunicacion.com.ar<\/span><\/a><span style=\"font-size: xx-small;\"><br \/>\n<\/span><span style=\"font-size: xx-small;\"> <span style=\"color: #ff0000;\">Mail<\/span><b>:<\/b><\/span><span style=\"font-size: xx-small;\"><a href=\"mailto:fernanda@quasarcomunicacion.com.ar\"> fernanda@quasarcomunicacion.com.ar<\/a><\/span><\/p>\n<\/td>\n<\/tr>\n<\/tbody>\n<\/table>\n<\/div>\n<p align=\"right\">\n<hr \/>\n<p align=\"left\">\u00a0<b><span style=\"color: #ff0000; font-family: Verdana; font-size: small;\">Acerca del Polo Educativo Pilar<\/span><\/b><\/p>\n<p align=\"left\">El\u00a0<b>Polo Educativo Pilar\u00a0<\/b>es una asociaci\u00f3n civil sin fines de lucro que fue fundada en el a\u00f1o 2002, que re\u00fane a instituciones educativas del Partido de Pilar y tiene como objetivo principal el promover y desarrollar la educaci\u00f3n, p\u00fablica y privada, en todo el distrito.<\/p>\n<p>La asociaci\u00f3n nace a partir de 1999 cuando los directivos de los j\u00f3venes colegios privados de Pilar, junto con los que llevaban m\u00e1s a\u00f1os en la ciudad, comienzan a reunirse para considerar sus problem\u00e1ticas comunes. Este hecho, in\u00e9dito en la educaci\u00f3n privada en la Argentina, alcanza un alto grado de sinergia cuando los Colegios deciden trazar un plan para convertir al Partido de Pilar en una localidad que sea conocida por su alto nivel educativo, tanto en las instituciones privadas como en las p\u00fablicas. Con esa idea, un grupo original de 14 Colegios de distintos niveles, funda el\u00a0<b>Polo Educativo Pilar<\/b>.<\/p>\n<p>Cabe destacar que entidad obtuvo su personer\u00eda jur\u00eddica en diciembre de 2004 bajo el Nro. 7000\/04 expedido por la Inspecci\u00f3n de Persona jur\u00eddica de la Provincia de Buenos Aires. En el a\u00f1o 2003 es declarada entidad de Bien P\u00fablico por el Municipio de Pilar por Decreto Municipal Nro. 6679\/2003.<\/p>\n","protected":false},"excerpt":{"rendered":"<p>En su d\u00e9cimo quinto aniversario, en el Auditorio de la Universidad del Salvador, con presencia de alumnos, padres, docentes, autoridades [&hellip;]<\/p>\n","protected":false},"author":2,"featured_media":7999,"comment_status":"open","ping_status":"open","sticky":false,"template":"","format":"standard","meta":[],"categories":[2],"tags":[],"_links":{"self":[{"href":"https:\/\/quasarcomunicacion.com.ar\/web\/wp-json\/wp\/v2\/posts\/8016"}],"collection":[{"href":"https:\/\/quasarcomunicacion.com.ar\/web\/wp-json\/wp\/v2\/posts"}],"about":[{"href":"https:\/\/quasarcomunicacion.com.ar\/web\/wp-json\/wp\/v2\/types\/post"}],"author":[{"embeddable":true,"href":"https:\/\/quasarcomunicacion.com.ar\/web\/wp-json\/wp\/v2\/users\/2"}],"replies":[{"embeddable":true,"href":"https:\/\/quasarcomunicacion.com.ar\/web\/wp-json\/wp\/v2\/comments?post=8016"}],"version-history":[{"count":0,"href":"https:\/\/quasarcomunicacion.com.ar\/web\/wp-json\/wp\/v2\/posts\/8016\/revisions"}],"wp:featuredmedia":[{"embeddable":true,"href":"https:\/\/quasarcomunicacion.com.ar\/web\/wp-json\/wp\/v2\/media\/7999"}],"wp:attachment":[{"href":"https:\/\/quasarcomunicacion.com.ar\/web\/wp-json\/wp\/v2\/media?parent=8016"}],"wp:term":[{"taxonomy":"category","embeddable":true,"href":"https:\/\/quasarcomunicacion.com.ar\/web\/wp-json\/wp\/v2\/categories?post=8016"},{"taxonomy":"post_tag","embeddable":true,"href":"https:\/\/quasarcomunicacion.com.ar\/web\/wp-json\/wp\/v2\/tags?post=8016"}],"curies":[{"name":"wp","href":"https:\/\/api.w.org\/{rel}","templated":true}]}}