{"id":800,"date":"2012-09-14T13:12:30","date_gmt":"2012-09-14T13:12:30","guid":{"rendered":"http:\/\/quasarcomunicacion.wordpress.com\/?p=800"},"modified":"2012-09-14T13:12:30","modified_gmt":"2012-09-14T13:12:30","slug":"comienza-ciclo-de-musica-de-camara-un-viaje-desde-el-barroco-al-romanticismo-2","status":"publish","type":"post","link":"https:\/\/quasarcomunicacion.com.ar\/web\/comienza-ciclo-de-musica-de-camara-un-viaje-desde-el-barroco-al-romanticismo-2\/","title":{"rendered":"Mozart ser\u00e1 el protagonista del segundo encuentro del Ciclo M\u00fasica de C\u00e1mara &quot;Un viaje desde el barroco al romanticismo&quot;"},"content":{"rendered":"<p style=\"text-align:left;\" align=\"center\"><span style=\"font-family:Verdana;font-size:small;\">El pr\u00f3ximo s\u00e1bado 22 de septiembre, a las 20 hs, se realizar\u00e1 el segundo concierto del\u00a0<\/span><strong>Ciclo de M\u00fasica de C\u00e1mara \u00abUn viaje desde el barroco al romanticismo\u00bb\u00a0<\/strong><span style=\"font-family:Verdana;font-size:small;\">en la Biblioteca Popular Bartolom\u00e9 Mitre (Belgrano 553, 1629 Pilar).<!--more--><\/span><\/p>\n<p><span style=\"font-family:Verdana;font-size:small;\">En esta oportunidad, el concierto estar\u00e1 centrado en la tem\u00e1tica \u00abWolfgang Amadeus Mozart: El m\u00fasico amado por Dios\u00bb. La pianista Marcela Paula Cerruti, y el violinista Diego Humberto Mantuani interpretar\u00e1n obras representativas del periodo cl\u00e1sico, y hablar\u00e1n acerca del contexto en el cual fueron compuestas y de la vida del reconocido compositor.<\/span><br \/>\n<span style=\"font-family:Verdana;font-size:small;\">Las entradas anticipadas tienen un valore de $25 y pueden adquirirse escribiendo a diegomantuani@gmail.com o en la Biblioteca Popular Bartolom\u00e9 Mitre, mientras que abonarlas en puerta el d\u00eda del concierto costar\u00e1 $30.<\/span><br \/>\n<span style=\"font-family:Verdana;font-size:small;\">Apoyan la iniciativa El Diario Regional de Pilar, Electr\u00f3nica JG Pilar, Qu\u00e1sar Comunicaci\u00f3n, Gianelli Seguros Generales, TEVSA Ingenier\u00eda &amp; Construcci\u00f3n; Pilar GPS la Gu\u00eda de Productos y Servicios, N\u00e9lida Micelli Catering para Eventos, M\u00fasica Pilar, Matute Libros y Pilar Hoy Noticias<\/span><br \/>\n<img loading=\"lazy\" src=\"http:\/\/www.quasarcomunicacion.com.ar\/varios\/auspicios\/clasicismo.gif\" alt=\"\" width=\"500\" height=\"706\" \/><br \/>\n<strong><span style=\"font-family:Verdana;font-size:small;\">Acerca de Marcela Cerruti\u00a0 &#8211; Piano<\/span><\/strong><br \/>\n<span style=\"font-family:Verdana;font-size:small;\"><img loading=\"lazy\" src=\"http:\/\/www.quasarcomunicacion.com.ar\/varios\/auspicios\/cerruti.gif\" alt=\"\" width=\"500\" height=\"352\" \/><\/span><br \/>\n<span style=\"font-family:Verdana;font-size:small;\">Inici\u00f3 sus estudios en Conservatorio Provincial de Mor\u00f3n obteniendo el t\u00edtulo de Profesora de piano. Estudi\u00f3 con Cecilia Mettler y Manuel Massone.<\/span><br \/>\n<span style=\"font-family:Verdana;font-size:small;\">En dicha instituci\u00f3n tambi\u00e9n realiz\u00f3 estudios de direcci\u00f3n coral, canto y violoncello. Licenciada en m\u00fasica de c\u00e1mara egresada de la Universidad Nacional de Lan\u00fas, tomando clases Con Rafael G\u00edntoli y Juar\u00e9z Johnson. Particip\u00f3 en diversos cursos de c\u00e1mara como el Camping Musical Bariloche, Camping Musical \u00a8San Javier\u00a8 (provincia de Tucum\u00e1n).<\/span><br \/>\n<span style=\"font-family:Verdana;font-size:small;\">Realiz\u00f3 con el Maestro Jordi Mora el curso de interpretaci\u00f3n para grupos de c\u00e1mara y solistas \u00a8La obra de Bach, Beethoven y Brahms\u00a8. Realiz\u00f3 como pianista cursos sobre canto de c\u00e1mara y el seminario sobre \u00d3pera Buffa, organizados ambos por la Municipalidad de Mor\u00f3n.<\/span><br \/>\n<span style=\"font-family:Verdana;font-size:small;\">Se desempe\u00f1\u00f3 como pianista y Maestra Interna en el teatro Roma de Avellaneda durante la temporada 2007. Integr\u00f3 varias agrupaciones de c\u00e1mara realizando conciertos en importantes salas de Buenos Aires y del interior del pa\u00eds. Actualmente realiza estudios de clave con Jorge Lavista.<\/span><br \/>\n<strong><span style=\"font-family:Verdana;font-size:small;\">Acerca de Diego Humberto Mantuani &#8211; Viol\u00edn<\/span><\/strong><br \/>\n<img loading=\"lazy\" src=\"http:\/\/www.quasarcomunicacion.com.ar\/varios\/auspicios\/mantuani3.gif\" alt=\"\" width=\"500\" height=\"529\" \/><br \/>\n<span style=\"font-family:Verdana;font-size:small;\">Naci\u00f3 en Buenos Aires en el a\u00f1o 1981. A la edad de 12 a\u00f1os inicio sus estudios de guitarra cl\u00e1sica con el maestro Arnaldo Balocco, iniciando luego sus estudios de viol\u00edn con el maestro Alejandro Beraldi &#8211; integrante de la Orquesta Estable del Teatro Col\u00f3n- en el Conservatorio Nacional L\u00f3pez Buchardo. Al mismo tiempo ha tomado clases de armon\u00eda y composici\u00f3n con el maestro Roque De Pedro y continuado su perfeccionamiento violin\u00edstico con el maestro Abraham Bucchalter &#8211; Ex integrante de la Orquesta Sinf\u00f3nica Nacional.<\/span><br \/>\n<span style=\"font-family:Verdana;font-size:small;\">Actualmente contin\u00faa sus estudios de perfeccionamiento t\u00e9cnico e interpretativo bajo la tutela del maestro Julio Zoppi (Orquesta Estable del Teatro Colon, Orquesta Sinf\u00f3nica Nacional, Camerata Bariloche, Becario del Cleveland Institute of Music).<\/span><br \/>\n<span style=\"font-family:Verdana;font-size:small;\">Ha integrado diversos conjuntos de c\u00e1mara y las siguientes orquestas: Orquesta de C\u00e1mara Juvenil de Buenos Aires, Orquesta Acad\u00e9mica del Teatro Colon, Orquesta Acad\u00e9mica de Buenos Aires, Orquesta Sinf\u00f3nica de la Universidad del Salvador y la Orquesta Sinf\u00f3nica de la Facultad de Medicina.<br \/>\nEn el a\u00f1o 2011 fue convocado integrar el sexteto t\u00edpico de tango \u201cLa Ganz\u00faa\u201d, dirigido por H\u00e9ctor Bacci.<\/span><br \/>\n<span style=\"font-family:Verdana;font-size:small;\">En Julio de ese mismo a\u00f1o fue seleccionado entre violinistas de Argentina y de pa\u00edses lim\u00edtrofes para participar como alumno activo en el primer Curso Internacional de M\u00fasica de C\u00e1mara llevado a cabo en la ciudad de Formosa, el cual fue dictado por los maestros Peter Thomas (Viol\u00edn-Director), Alan Kovacs (Viola), Eduardo Vasallo (Violoncello) y Maria Cristina Filoso (piano).<br \/>\nAsimismo, colabora como columnista con la revista ABC Cooltural desde el a\u00f1o 2010.<\/span><br \/>\n<span style=\"font-family:Verdana;font-size:small;\">Con gran pasi\u00f3n por la docencia, se desempe\u00f1a como profesor de viol\u00edn, guitarra, teor\u00eda y solfeo en el \u00e1mbito privado y particular, desde el a\u00f1o 1999 a la actualidad.<\/span><\/p>\n","protected":false},"excerpt":{"rendered":"<p>El pr\u00f3ximo s\u00e1bado 22 de septiembre, a las 20 hs, se realizar\u00e1 el segundo concierto del\u00a0Ciclo de M\u00fasica de C\u00e1mara [&hellip;]<\/p>\n","protected":false},"author":2,"featured_media":0,"comment_status":"open","ping_status":"open","sticky":false,"template":"","format":"standard","meta":[],"categories":[2],"tags":[],"_links":{"self":[{"href":"https:\/\/quasarcomunicacion.com.ar\/web\/wp-json\/wp\/v2\/posts\/800"}],"collection":[{"href":"https:\/\/quasarcomunicacion.com.ar\/web\/wp-json\/wp\/v2\/posts"}],"about":[{"href":"https:\/\/quasarcomunicacion.com.ar\/web\/wp-json\/wp\/v2\/types\/post"}],"author":[{"embeddable":true,"href":"https:\/\/quasarcomunicacion.com.ar\/web\/wp-json\/wp\/v2\/users\/2"}],"replies":[{"embeddable":true,"href":"https:\/\/quasarcomunicacion.com.ar\/web\/wp-json\/wp\/v2\/comments?post=800"}],"version-history":[{"count":0,"href":"https:\/\/quasarcomunicacion.com.ar\/web\/wp-json\/wp\/v2\/posts\/800\/revisions"}],"wp:attachment":[{"href":"https:\/\/quasarcomunicacion.com.ar\/web\/wp-json\/wp\/v2\/media?parent=800"}],"wp:term":[{"taxonomy":"category","embeddable":true,"href":"https:\/\/quasarcomunicacion.com.ar\/web\/wp-json\/wp\/v2\/categories?post=800"},{"taxonomy":"post_tag","embeddable":true,"href":"https:\/\/quasarcomunicacion.com.ar\/web\/wp-json\/wp\/v2\/tags?post=800"}],"curies":[{"name":"wp","href":"https:\/\/api.w.org\/{rel}","templated":true}]}}