{"id":7992,"date":"2017-11-14T16:03:40","date_gmt":"2017-11-14T19:03:40","guid":{"rendered":"https:\/\/quasarcomunicacion.com.ar\/web\/?p=7992"},"modified":"2017-11-14T16:03:40","modified_gmt":"2017-11-14T19:03:40","slug":"comenzo-la-semana-del-emprendedor-pilarense","status":"publish","type":"post","link":"https:\/\/quasarcomunicacion.com.ar\/web\/comenzo-la-semana-del-emprendedor-pilarense\/","title":{"rendered":"Comenz\u00f3 la Semana del Emprendedor Pilarense"},"content":{"rendered":"<p style=\"text-align: left;\" align=\"center\"><span style=\"font-family: Verdana; font-size: small;\">Con m\u00e1s de 40 emprendedores que participaron de la <\/span><b style=\"font-family: Verdana; font-size: small;\">II Ronda de Networking para Emprendedores <\/b><span style=\"font-family: Verdana; font-size: small;\">en Wid\u00fa Networking Space, comenz\u00f3 este lunes 13 la <\/span><b style=\"font-family: Verdana; font-size: small;\"> IV SEMANA DEL EMPRENDEDOR PILARENSE<\/b><span style=\"font-family: Verdana; font-size: small;\"> impulsada por <\/span><b style=\"font-family: Verdana; font-size: small;\">Emprender Hoy <\/b><span style=\"font-family: Verdana; font-size: small;\">y<\/span><b style=\"font-family: Verdana; font-size: small;\"> Pilar Emprende <\/b><span style=\"font-family: Verdana; font-size: small;\">y con el apoyo <\/span><b style=\"font-family: Verdana; font-size: small;\">de Provincia Microempresas.<\/b><span style=\"font-family: Verdana; font-size: small;\"> La Semana del Emprendedor Pilarense fue instituida por Ordenanza en 2014 y este a\u00f1o declarada de Inter\u00e9s Municipal por el Concejo Deliberante de Pilar.<!--more--><\/span><\/p>\n<p><a href=\"https:\/\/quasarcomunicacion.com.ar\/web\/wp-content\/uploads\/2017\/11\/rondatodos2017.gif\"><img class=\"aligncenter\" alt=\"rondatodos2017\" src=\"https:\/\/quasarcomunicacion.com.ar\/web\/wp-content\/uploads\/2017\/11\/rondatodos2017.gif\" \/><\/a><\/p>\n<p><span style=\"font-family: Verdana; font-size: small;\">Hasta el 17 de noviembre, continuar\u00e1n las actividades gratuitas y abiertas a la comunidad. Toda la agenda y los links de inscripci\u00f3n est\u00e1n online en <a href=\"http:\/\/www.emprenderhoy.com.ar\/semana2017.html\"> www.emprenderhoy.com.ar\/semana2017.html<\/a><\/span><\/p>\n<p><span style=\"font-family: Verdana; font-size: small;\">Las actividades contin\u00faan este mi\u00e9rcoles 15 con la <b>CHARLA GRATUITA EL ARTE DE CONECTAR PERSONAS <\/b>a las 10 hs en\u00a0 La F\u00e1brica (Ambrosetti 633, Bo. La Esmeralda, Km 50). Luego a las 14 hs <b>el TALLER FINANZAS PARA EMPRENDEDORES <\/b>en Rental Suites Apart (ramal Pilar de ruta Panamericana km 50.5).<\/span><\/p>\n<p><span style=\"font-family: Verdana; font-size: small;\">El jueves 16 a las\u00a0 10 hs\u00a0 la<b> CHARLA INFORMATIVA GRATUITA: MICROCR\u00c9DITOS PARA EMPRENDEDORES<\/b>en la Biblioteca de Empleo, Ferm\u00edn Gamboa 261 &#8211; Pilar centro y a las 18 hs la <b>Charla Gratuita C\u00f3mo posicionar tu producto o servicio en el Mercado<\/b> en Galer\u00eda Site Zen (Km 50, a metros de Village Pilar)<\/span><\/p>\n<p><span style=\"font-family: Verdana; font-size: small;\">Por \u00faltimo, el viernes 17 a las <b>1<\/b>8 hs <b> el Taller Gratuito Primeros Pasos para Emprender<\/b> en el Sal\u00f3n AC Recepciones (Avenida Juan Domingo Per\u00f3n 4175 &#8211; Derqui)<\/span><\/p>\n<p><a href=\"https:\/\/quasarcomunicacion.com.ar\/web\/wp-content\/uploads\/2017\/11\/ronda2017.gif\"><img class=\"aligncenter\" alt=\"ronda2017\" src=\"https:\/\/quasarcomunicacion.com.ar\/web\/wp-content\/uploads\/2017\/11\/ronda2017.gif\" \/><\/a><\/p>\n<p><span style=\"font-family: Verdana; font-size: small;\">De la Ronda realizada el lunes participaron emprendedores, instituciones, periodistas y representantes de organismos p\u00fablicos y privados que presentaron sus propuestas para el sector y materializaron alianzas beneficiosas entre ellos.<\/span><\/p>\n<p><span style=\"font-family: Verdana; font-size: small;\">Por la tarde, tuvo lugar la <b> Charla Gratuita \u00abEcosistema Emprendedor\u00bb<\/b> que se llev\u00f3 a cabo en la UTN Facultad Regional Delta en su sede del Parque Industrial.<\/span><\/p>\n<p><span style=\"font-family: Verdana; font-size: small;\">Cabe recordar que la <b> Semana del Emprendedor Pilarense<\/b> fue instituida por Ordenanza Municipal en 2014 la tercera semana de noviembre en adhesi\u00f3n a la<b> Semana Global del Emprendedurismo (GEW) <\/b>que se celebra en m\u00e1s de 150 pa\u00edses en todo el mundo y que en esta edici\u00f3n cumple 10 a\u00f1os.<\/span><\/p>\n<p><span style=\"font-family: Verdana; font-size: small;\">En 2017, las actividades cuentan con el auspicio de <b>Provincia Microempresas <\/b>\u00a0y el apoyo de <b>ASEA<\/b> (Asociaci\u00f3n de Emprendedores de la Argentina)<b>.<\/b><\/span><\/p>\n<p><span style=\"font-family: Verdana; font-size: small;\">La iniciativa es impulsada y coordinada por <b>Emprender Hoy <\/b>y<b> Pilar Emprende<\/b> (www.emprenderhoy.com.ar) y cuenta con el apoyo de instituciones, organismos p\u00fablicos y privado, emprendedores, empresas y medios de comunicaci\u00f3n.\u00a0 <\/span><\/p>\n<p><span style=\"font-family: Verdana; font-size: small;\">Adem\u00e1s, a trav\u00e9s de un proyecto presentado por el Bloque Frente Pilarense liderado por el concejal Federico De Achaval, este a\u00f1o fue declarada de Inter\u00e9s Municipal esta cuarta edici\u00f3n a trav\u00e9s de la ordenanza que fue votada por unanimidad en el recinto de sesiones del Concejo Deliberante de Pilar.<\/span><\/p>\n<p><a href=\"https:\/\/quasarcomunicacion.com.ar\/web\/wp-content\/uploads\/2017\/11\/rondaa2017.gif\"><img class=\"aligncenter\" alt=\"rondaa2017\" src=\"https:\/\/quasarcomunicacion.com.ar\/web\/wp-content\/uploads\/2017\/11\/rondaa2017.gif\" \/><\/a><\/p>\n<p><span style=\"font-family: Verdana; font-size: small;\">Todas las actividades son con acceso libre y gratuito est\u00e1n enumeradas en <a href=\"http:\/\/www.emprenderhoy.com.ar\/semana2017.html\"> www.emprenderhoy.com.ar\/semana2017.html<\/a> y s\u00f3lo por inscribirse, todos recibir\u00e1n ebooks de regalo que los ayudar\u00e1 a seguir creciendo con sus proyectos.<\/span><\/p>\n<p><span style=\"font-family: Verdana; font-size: small;\">\u00abDesde 2014 que venimos coordinando la <b>Semana del Emprendedor Pilarense <\/b>a fin de lograr una agenda unificada de actividades que le permita a los emprendedores de la zona poder participar de las diversas acciones, y cada a\u00f1o se suman m\u00e1s actores que hacen que esta idea de trabajo colaborativo siga creciendo, donde buscamos la complementariedad entre los diversos actores y no la competencia\u00bb, declar\u00f3 la Lic. Mar\u00eda Fernanda Ipata, coordinadora de <b>Pilar Emprende.<\/b><\/span><\/p>\n<p><span style=\"font-family: Verdana; font-size: small;\">En cuanto a las actividades, indic\u00f3 que \u00abbuscamos ofrecer un amplio abanico de tem\u00e1ticas de inter\u00e9s del sector, a la vez que tratamos de hacerlas en diversos horarios y locaciones a fin de poder llegar a la mayor cantidad de asistentes. Adem\u00e1s, en las actividades, m\u00e1s all\u00e1 de la posibilidad de capacitarse, los asistentes podr\u00e1n conocer a otros emprendedores ya que cada evento cuenta con un espacio de networking fomentando el intercambio de tarjetas y la generaci\u00f3n de alianzas comerciales\u00bb, continu\u00f3.<\/span><\/p>\n<p><span style=\"font-family: Verdana; font-size: small;\"><b>Agenda completa de la Semana del Emprendedor Pilarense<\/b><\/span><\/p>\n<p><span style=\"font-family: Verdana; font-size: small;\">La agenda completa y actualizada est\u00e1 en <a href=\"http:\/\/www.emprenderhoy.com.ar\/semana2017.html\"> www.emprenderhoy.com.ar\/semana2017.html<\/a>\u00a0 Desde alli podr\u00e1n acceder a los links de inscripci\u00f3n para cada actividad. Aqu\u00ed los detalles<\/p>\n<p><b>MI\u00c9RCOLES 15\/11 &#8211; 10 HS &#8211; CHARLA GRATUITA EL ARTE DE CONECTAR PERSONAS<\/b><br \/>\nSilvio Vernier de Fly Coaching<br \/>\nEn La F\u00e1brica (Ambrosetti 633, Bo. La Esmeralda, Km 50)<br \/>\nInscribite en <a href=\"https:\/\/goo.gl\/forms\/AbnP9oJECRTAsTBm1\"> https:\/\/goo.gl\/forms\/AbnP9oJECRTAsTBm1<\/a><\/p>\n<p><b>MI\u00c9RCOLES 15\/11 &#8211; 14 HS &#8211; TALLER FINANZAS PARA EMPRENDEDORES<\/b><br \/>\nFernanda Bolagay de Finanzas Integrales<br \/>\nEn Rental Suites Apart (ramal Pilar de ruta Panamericana km 50.5)<br \/>\nBono contribuci\u00f3n anticipado $ 100 y te entregamos un kit de escritura de regalo + ebook<br \/>\nInscribite en <a href=\"http:\/\/bit.ly\/2AhhIpb\"> http:\/\/bit.ly\/2AhhIpb<\/a><\/p>\n<p><b>JUEVES 16\/11 &#8211; 10 hs CHARLA INFORMATIVA GRATUITA: MICROCR\u00c9DITOS PARA EMPRENDEDORES<\/b><br \/>\nA cargo de Provincia Microempresas<br \/>\nBiblioteca de Empleo, Ferm\u00edn Gamboa 261 &#8211; Pilar centro.<br \/>\nInscribite en <a href=\"http:\/\/bit.ly\/2zobHru\">http:\/\/bit.ly\/2zobHru<\/a><\/p>\n<p><b>18 HS &#8211; Charla Gratuita C\u00f3mo posicionar tu producto o servicio en el Mercado<\/b><br \/>\nExpositor: Guillermo G\u00f3mez Alcorta<br \/>\nGaler\u00eda Site Zen (Km 50, a metros de Village Pilar)<br \/>\nInscribite en <a href=\"http:\/\/bit.ly\/2zobHru\"> http:\/\/bit.ly\/2zobHru<\/a><\/span><\/p>\n<p><span style=\"font-family: Verdana; font-size: small;\"><b>VIERNES 17\/11 &#8211; 18 hs &#8211; Taller Gratuito Primeros Pasos para Emprender<\/b><br \/>\nMujeres Emprendedoras de Pte. Derqui<br \/>\nSal\u00f3n AC Recepciones (Avenida Juan Domingo Per\u00f3n 4175 &#8211; Derqui)<br \/>\nInscribite en <a href=\"http:\/\/bit.ly\/2zlrqdy\"> http:\/\/bit.ly\/2zlrqdy<\/a> <\/span><\/p>\n<p><b><span style=\"font-family: Verdana; font-size: small;\">APOYOS<\/span><\/b><\/p>\n<p><span style=\"font-family: Verdana; font-size: xx-small;\"><b>ORGANIZA<\/b><br \/>\nPilar Emprende (www.pilaremprende.com.ar) y Emprender Hoy (www.emprenderhoy.com.ar)<\/p>\n<p><b>COMUNICA<\/b><br \/>\nQu\u00e1sar Comunicaci\u00f3n Consultora Boutique de Prensa (www.quasarcomunicacion.com.ar)<\/p>\n<p><b>MAIN SPONSOR<\/b><br \/>\nProvincia Microempresas (www.provinciamicroempresas.com)<\/p>\n<p><b>SPONSOR<\/b>: RH Portable Consultora de Recursos Humanos (www.rhportable.com), Remises Fatima Servicio Ejecutivo (http:\/\/remises-fatima.com.ar), Autoclima Pilar (https:\/\/www.facebook.com\/autoclimapilar.autoclima) y Calzados Marce (www.facebook.com\/calzadosmarce13)<br \/>\n<b><br \/>\nMEDIA PARTNERS<\/b><br \/>\nPilar GPS Gu\u00eda de Productos y Servicios (www.pilargps.com.ar), Pilar Hoy Noticias (www.pilarhoy.com.ar), Diario El Term\u00f3metro (www.term\u00f3metro.com.ar), Radio X Pilar FM 100.3 (www.radioxpilar.com.ar), Soy Emprendedora (www.soyemprendedora.com.ar), El Arte de Emprender (www.facebook.com\/elartedeemprendertv), Pilar de Todos (www.pilardetodos.com.ar), Diario Resumen (www.diarioresumen.com.ar)<\/p>\n<p><b>APOYOS INSTITUCIONALES<\/b><br \/>\nASEA Asociaci\u00f3n de Emprendedores de la Argentina (www.asea.com.ar), Club de Emprendedores y Empresarios de la Argentina (www.ceea.club), UTN Facultad Regional Delta (www.frd.utn.edu.ar), Emprender en San Mart\u00edn, Mujeres Emprendedoras Pte. Derqui, Promoci\u00f3n Pilar, Biblioteca de Empleo<\/p>\n<p><b>APOYOS<\/b><br \/>\nCespym Cursos (www.cespym.com.ar), Finanzas Integrales (www.finanzasintegrales.info), Natalia Romero Capacitaci\u00f3n &amp; Orientaci\u00f3n Laboral (www.facebook.com\/CoachRRHHNataliaRomero), Fly Coaching (https:\/\/www.facebook.com\/Fly-Coaching-175194145892421)<\/p>\n<p><b>ESPACIOS DONDE REALIZAREMOS ACTIVIDADES<\/b><br \/>\nWid\u00fa Networking Space (www.widu.com.ar), Werkplaats Coworking (www.werkplaatscoworking.com), Rental Suites Apart (www.rentalsuitespilar.com.ar), Galer\u00eda Site Zen (www.facebook.com\/sitezen.pilar), La F\u00e1brica, AC Eventos<\/span><\/p>\n<p><span style=\"font-family: Verdana; font-size: small;\"> <b>Qu\u00e9 es la Global Entrepreneurship Week? <\/b><\/span><\/p>\n<p><span style=\"font-family: Verdana; font-size: xx-small;\"> Por si todav\u00eda no conoces la Global Entrepreneurship Week, se trata de una iniciativa global donde participan 1450 pa\u00edses, 10mil partners y 7 millones de personas. Est\u00e1 respaldada por gobiernos y emprendedores de todo el mundo que se han unido a la iniciativa para fomentar los valores de la cultura emprendedora.<\/span><\/p>\n<p><span style=\"font-family: Verdana; font-size: xx-small;\">La Global Entrepreneurship Week est\u00e1 respaldada por gobiernos y emprendedores de todo el mundo que se han unido a la iniciativa para fomentar los valores de la cultura emprendedora. El primer ministro brit\u00e1nico David Cameron, el presidente de EEUU Barack Obama, Sir Richard Branson, Michael Dell y otras muchas personalidades han prestado su apoyo a esta causa.<\/p>\n<p>Como anfitri\u00f3n, Endeavor Argentina se encarga de coordinar las actividades, comunic\u00e1ndolas a trav\u00e9s de herramientas facilitadas para el desarrollo del proyecto, desde redes sociales, env\u00edo de mailing masivos y de aliados estrat\u00e9gicos. Ser partner implica sumar el logo de la GEW, compartir con nosotros las m\u00e9tricas de tu evento (objetivos, cantidad de participantes, organizaciones partners, etc)<\/p>\n<p>Global Entrepreneurship Week es una plataforma que se expande para la conexi\u00f3n y colaboraci\u00f3n, que ayuda a millones de personas dar rienda suelta a sus ideas y convertirlas en nuevas empresas que resuelvan desaf\u00edos mundiales fortaleciendo la estabilidad econ\u00f3mica en todo el mundo.<\/span><\/p>\n<p><span style=\"font-family: Verdana; font-size: xx-small;\">La iniciativa puesta en marcha en 2008 y ha crecido r\u00e1pidamente a m\u00e1s de 140 pa\u00edses con campa\u00f1as nacionales organizadas por una serie de organizaciones que llegan a un p\u00fablico nuevo, prueba metodolog\u00edas de intervenci\u00f3n y fortalece sus ecosistemas-dando impulso a la pr\u00f3xima generaci\u00f3n de emprendedores y d\u00e1ndoles el poder para hacer su marca en el mundo.<\/span><\/p>\n<p align=\"right\"><span style=\"font-size: small;\"><b><i><span style=\"font-family: Arial;\">Por otras im\u00e1genes, audios o entrevistas no dude en contactarse<\/span><\/i><\/b><\/span><\/p>\n<p align=\"center\"><span style=\"font-size: small;\"><b><i> Contactos de Prensa<\/i><\/b><\/span><\/p>\n<div align=\"left\">\n<table width=\"100%\" border=\"1\" cellpadding=\"2\" align=\"left\">\n<tbody>\n<tr>\n<td align=\"center\" width=\"50%\">\n<p align=\"left\"><span style=\"font-size: medium;\"><strong><span style=\"color: #808080; font-family: Arial; font-size: small;\"> Candela Villanueva &#8211; Asistente de Cuentas<\/p>\n<p><\/span> <\/strong><\/span> <span style=\"font-size: xx-small;\"><span style=\"color: #ff0000;\"> Directo<\/span><b>: <\/b> 0230<\/span><span style=\"font-size: xx-small;\">-4664772<br \/>\n<\/span><span style=\"color: #ff0000; font-size: xx-small;\"> Skype:<\/span><span style=\"font-size: xx-small;\"> quasarcomunicacion<br \/>\n<\/span><span style=\"color: #ff0000; font-size: xx-small;\"> Twitter:<\/span><span style=\"font-size: xx-small;\"> @quasarpilar<br \/>\n<\/span><span style=\"color: #ff0000; font-size: xx-small;\"> Gr<\/span><span style=\"color: #ff0000; font-size: xx-small;\">upo y p\u00e1gina en Facebook: <\/span> <span style=\"color: #808080; font-size: xx-small;\">www.facebook.com\/<\/span><a href=\"mailto:mfipata@gmail.com\"><span style=\"font-size: xx-small;\">Quasar<\/span><\/a><span style=\"font-size: xx-small;\">Comunicacion<br \/>\n<\/span><span style=\"color: #ff0000; font-size: xx-small;\"> Web:<\/span><b><\/b> <a href=\"http:\/\/www.quasarcomunicacion.com.ar\/\"> <span style=\"font-size: xx-small;\">www.quasarcomunicacion.com.ar<\/span><\/a><\/p>\n<p align=\"left\"><span style=\"font-size: xx-small;\"> <span style=\"color: #ff0000;\">Mail<\/span><b>:<\/b><\/span><span style=\"font-size: xx-small;\"> <a href=\"mailto:fernanda@quasarcomunicacion.com.ar\"> candela<\/a><a href=\"mailto:fernanda@quasarcomunicacion.com.ar\">@quasarcomunicacion.com.ar<\/a><\/span><\/p>\n<\/td>\n<td align=\"center\" width=\"50%\">\n<p align=\"right\"><span style=\"font-size: medium;\"><strong> <span style=\"color: #808080; font-family: Arial; font-size: small;\"> Lic. Mar\u00eda Fernanda Ipata &#8211; Directora<br \/>\n<\/span> <\/strong><\/span> <span style=\"font-size: xx-small;\"><span style=\"color: #ff0000;\"><br \/>\nDirecto<\/span><b>: <\/b> 0230<\/span><span style=\"font-size: xx-small;\">-4664772<\/span><span style=\"font-size: xx-small;\"><br \/>\n<\/span><span style=\"font-size: xx-small;\"> <span style=\"color: #ff0000;\">M\u00f3vil:<\/span><b> <\/b> 0230<\/span><span style=\"font-size: xx-small;\">-15-4584535<br \/>\n<\/span><span style=\"color: #ff0000; font-size: xx-small;\"> Skype:<\/span><span style=\"font-size: xx-small;\"> quasarcomunicacion<br \/>\n<\/span><span style=\"color: #ff0000; font-size: xx-small;\"> Twitter:<\/span><span style=\"font-size: xx-small;\"> @quasarpilar<br \/>\n<\/span><span style=\"color: #ff0000; font-size: xx-small;\"> Gr<\/span><span style=\"color: #ff0000; font-size: xx-small;\">upo y p\u00e1gina en Facebook: <\/span> <span style=\"color: #808080; font-size: xx-small;\">www.facebook.com\/<\/span><a href=\"mailto:mfipata@gmail.com\"><span style=\"font-size: xx-small;\">Quasar<\/span><\/a><span style=\"font-size: xx-small;\">Comunicacion<br \/>\n<\/span><span style=\"font-size: xx-small;\"> <span style=\"color: #ff0000;\">LinkedIn<\/span><b>:\u00a0 <\/b><\/span> <span style=\"font-size: xx-small;\"><b> <a href=\"http:\/\/www.linkedin.com\/in\/mfipata\"> http:\/\/www.linkedin.com\/in\/mfipata<\/a><\/b><\/span><br \/>\n<a href=\"https:\/\/www.linkedin.com\/company\/2267649\/\"> <span style=\"font-size: small;\">https:\/\/www.linkedin.com\/company\/2267649\/<\/span><\/a><span style=\"font-size: xx-small;\"><br \/>\n<\/span><span style=\"color: #ff0000; font-size: xx-small;\"> Web:<\/span><b><\/b> <a href=\"http:\/\/www.quasarcomunicacion.com.ar\/\"> <span style=\"font-size: xx-small;\">www.quasarcomunicacion.com.ar<\/span><\/a><span style=\"font-size: xx-small;\"><br \/>\n<\/span><span style=\"font-size: xx-small;\"> <span style=\"color: #ff0000;\"> Mail<\/span><b>:<\/b><\/span><span style=\"font-size: xx-small;\"><a href=\"mailto:fernanda@quasarcomunicacion.com.ar\"> fernanda@quasarcomunicacion.com.ar<\/a><\/span><\/p>\n<\/td>\n<\/tr>\n<\/tbody>\n<\/table>\n<\/div>\n","protected":false},"excerpt":{"rendered":"<p>Con m\u00e1s de 40 emprendedores que participaron de la II Ronda de Networking para Emprendedores en Wid\u00fa Networking Space, comenz\u00f3 [&hellip;]<\/p>\n","protected":false},"author":2,"featured_media":7991,"comment_status":"open","ping_status":"open","sticky":false,"template":"","format":"standard","meta":[],"categories":[2],"tags":[],"_links":{"self":[{"href":"https:\/\/quasarcomunicacion.com.ar\/web\/wp-json\/wp\/v2\/posts\/7992"}],"collection":[{"href":"https:\/\/quasarcomunicacion.com.ar\/web\/wp-json\/wp\/v2\/posts"}],"about":[{"href":"https:\/\/quasarcomunicacion.com.ar\/web\/wp-json\/wp\/v2\/types\/post"}],"author":[{"embeddable":true,"href":"https:\/\/quasarcomunicacion.com.ar\/web\/wp-json\/wp\/v2\/users\/2"}],"replies":[{"embeddable":true,"href":"https:\/\/quasarcomunicacion.com.ar\/web\/wp-json\/wp\/v2\/comments?post=7992"}],"version-history":[{"count":0,"href":"https:\/\/quasarcomunicacion.com.ar\/web\/wp-json\/wp\/v2\/posts\/7992\/revisions"}],"wp:featuredmedia":[{"embeddable":true,"href":"https:\/\/quasarcomunicacion.com.ar\/web\/wp-json\/wp\/v2\/media\/7991"}],"wp:attachment":[{"href":"https:\/\/quasarcomunicacion.com.ar\/web\/wp-json\/wp\/v2\/media?parent=7992"}],"wp:term":[{"taxonomy":"category","embeddable":true,"href":"https:\/\/quasarcomunicacion.com.ar\/web\/wp-json\/wp\/v2\/categories?post=7992"},{"taxonomy":"post_tag","embeddable":true,"href":"https:\/\/quasarcomunicacion.com.ar\/web\/wp-json\/wp\/v2\/tags?post=7992"}],"curies":[{"name":"wp","href":"https:\/\/api.w.org\/{rel}","templated":true}]}}