{"id":7964,"date":"2017-10-24T14:56:49","date_gmt":"2017-10-24T17:56:49","guid":{"rendered":"https:\/\/quasarcomunicacion.com.ar\/web\/?p=7964"},"modified":"2017-10-24T14:56:49","modified_gmt":"2017-10-24T17:56:49","slug":"expoarte-y-expofotografia-en-paseo-champagnat","status":"publish","type":"post","link":"https:\/\/quasarcomunicacion.com.ar\/web\/expoarte-y-expofotografia-en-paseo-champagnat\/","title":{"rendered":"ExpoArte y ExpoFotograf\u00eda en Paseo Champagnat"},"content":{"rendered":"<p style=\"text-align: left;\" align=\"center\">\u00a0<span style=\"font-family: Verdana; font-size: small;\">Hasta el 19 de noviembre se podr\u00e1 visitar la principal exposici\u00f3n de cuadros y de fotograf\u00edas que organiza el<b> Polo Educativo<\/b>. Se trata de la <b>XV Edici\u00f3n de la Expoarte y de la IV Edici\u00f3n de la\u00a0 Expofotograf\u00eda<\/b>, muestras de pinturas y fotograf\u00edas de alumnos de colegios de Pilar y partidos vecinos.<!--more--><\/span><\/p>\n<p><a href=\"https:\/\/quasarcomunicacion.com.ar\/web\/wp-content\/uploads\/2017\/10\/expoarte1.gif\"><img class=\"aligncenter\" alt=\"expoarte1\" src=\"https:\/\/quasarcomunicacion.com.ar\/web\/wp-content\/uploads\/2017\/10\/expoarte1.gif\" \/><\/a><\/p>\n<p><span style=\"font-family: Verdana; font-size: small;\">Ambas muestras ser\u00e1n expuestas, como ya es habitual, en el hall central de Paseo Champagnat (Ramal Pilar Km 56, Pilar) tanto en la planta baja como en la planta alta.La Expoarte comenz\u00f3 el 13 de octubre. La Expofofograf\u00eda comenzar\u00e1 el 1\u00b0 de noviembre. Ambas muestras finalizar\u00e1n el 19 de noviembre. <\/span><\/p>\n<p><span style=\"font-family: Verdana; font-size: small;\">Este a\u00f1o exponen 17 colegios con un total de m\u00e1s de 100 obras de alumnos de todos los niveles.<\/span><\/p>\n<p><span style=\"font-family: Verdana; font-size: small;\">Todas las im\u00e1genes pueden verse en la fan page del <b>Polo Educativo<\/b> en Facebook<\/span><\/p>\n<p><span style=\"font-family: Verdana; font-size: small;\">E<\/span><span style=\"font-family: Verdana; font-size: small;\">ste a\u00f1o exponen las siguientes instituciones:<\/span><\/p>\n<ul>\n<li><span style=\"font-family: Verdana; font-size: small;\">Bede\u2019s Grammar School<\/span><\/li>\n<li><span style=\"font-family: Verdana; font-size: small;\">Brick Towers College<\/span><\/li>\n<li><span style=\"font-family: Verdana; font-size: small;\">Dailan School &amp; Sports<\/span><\/li>\n<li><span style=\"font-family: Verdana; font-size: small;\">Colegio del Pilar<\/span><\/li>\n<li><span style=\"font-family: Verdana; font-size: small;\">Del Viso Day School<\/span><\/li>\n<li><span style=\"font-family: Verdana; font-size: small;\">Godspell College<\/span><\/li>\n<li><span style=\"font-family: Verdana; font-size: small;\">Colegio Los Robles<\/span><\/li>\n<li><span style=\"font-family: Verdana; font-size: small;\">Lucero Norte<\/span><\/li>\n<li><span style=\"font-family: Verdana; font-size: small;\">Colegio Norbridge<\/span><\/li>\n<li><span style=\"font-family: Verdana; font-size: small;\">Noodjwick College<\/span><\/li>\n<li><span style=\"font-family: Verdana; font-size: small;\">Northern International School<\/span><\/li>\n<li><span style=\"font-family: Verdana; font-size: small;\">Northfield School<\/span><\/li>\n<li><span style=\"font-family: Verdana; font-size: small;\">Colegio North Hills<\/span><\/li>\n<li><span style=\"font-family: Verdana; font-size: small;\">Colegio Oakhill Pilar<\/span><\/li>\n<li><span style=\"font-family: Verdana; font-size: small;\">St. Mary of the Hills<\/span><\/li>\n<li><span style=\"font-family: Verdana; font-size: small;\">St. Matthew\u2019s College North<\/span><\/li>\n<li><span style=\"font-family: Verdana; font-size: small;\">EP N\u00b0 3 \u00abPbro. Juan Isidro Illescas\u00bb<\/span><\/li>\n<\/ul>\n<p><span style=\"font-family: Verdana; font-size: small;\">Esta muestra art\u00edstica se realiza en forma consecutiva todos los a\u00f1os y convoca a numerosos alumnos desde el Nivel Inicial hasta la Secundaria.<\/span><\/p>\n<p><span style=\"font-family: Verdana; font-size: small;\">Quienes se acerquen a Paseo Champagnat podr\u00e1n observar la calidad y creatividad de estos peque\u00f1os y j\u00f3venes artistas expresadas a trav\u00e9s de sus obras.<\/span><\/p>\n<p><span style=\"font-family: Verdana; font-size: small;\">El <b>Polo Educativo Pilar<\/b> agradece muy especialmente a Paseo Champagnat por permitirles, a\u00f1o tras a\u00f1o, la realizaci\u00f3n de esta muestra art\u00edstica, \u00fanica por sus caracter\u00edsticas, en sus instalaciones.<\/span><\/p>\n<p><span style=\"font-family: Verdana; font-size: small;\">Todas las fotos en <a href=\"https:\/\/www.facebook.com\/poloeducativo\/\"> https:\/\/www.facebook.com\/poloeducativo\/<\/a> <\/span><\/p>\n<p><span style=\"font-size: small;\"><b><i><span style=\"font-family: Arial;\">Por otras im\u00e1genes, audios o entrevistas no dude en contactarse entrevistas no dude en contactarse<\/span><\/i><\/b><\/span><\/p>\n<div align=\"left\">\n<table width=\"100%\" border=\"1\" cellpadding=\"2\" align=\"left\">\n<tbody>\n<tr>\n<td width=\"50%\">\n<p align=\"left\"><span style=\"font-size: medium;\"><strong> <span style=\"color: #808080; font-family: Arial; font-size: small;\"> Camila Sarmiento &#8211; Asistente de Cuentas<\/span><\/strong><\/span><\/p>\n<p><span style=\"font-size: xx-small;\"><span style=\"color: #ff0000;\"> Directo<\/span><b>: <\/b> 0230<\/span><span style=\"font-size: xx-small;\">-4664772<\/span><span style=\"font-size: xx-small;\"><span style=\"color: #ff0000;\"><br \/>\nM\u00f3vil:<\/span><b> <\/b> 0230<\/span><span style=\"font-size: xx-small;\">-15-4584535<\/span><span style=\"font-size: xx-small;\"><span style=\"color: #ff0000;\"><br \/>\nMail<\/span><b>:<\/b><\/span><span style=\"font-size: xx-small;\"> <a href=\"mailto:fernanda@quasarcomunicacion.com.ar\"> candela<\/a><a href=\"mailto:fernanda@quasarcomunicacion.com.ar\">@quasarcomunicacion.com.ar<\/a><\/span><span style=\"color: #ff0000; font-size: xx-small;\"><br \/>\nSkype:<\/span><span style=\"font-size: xx-small;\"> quasarcomunicacion<br \/>\n<\/span><span style=\"color: #ff0000; font-size: xx-small;\"> Twitter:<\/span><span style=\"font-size: xx-small;\"> @quasarpilar<br \/>\n<\/span><span style=\"color: #ff0000; font-size: xx-small;\"> Gr<\/span><span style=\"color: #ff0000; font-size: xx-small;\">upo y p\u00e1gina en Facebook: <\/span> <span style=\"color: #808080; font-size: xx-small;\">www.facebook.com\/<\/span><a href=\"mailto:mfipata@gmail.com\"><span style=\"font-size: xx-small;\">Quasar<\/span><\/a><span style=\"font-size: xx-small;\">Comunicacion<br \/>\n<\/span><span style=\"color: #ff0000; font-size: xx-small;\"> Web:<\/span><b><\/b> <a href=\"http:\/\/www.quasarcomunicacion.com.ar\/\"> <span style=\"font-size: xx-small;\">www.quasarcomunicacion.com.ar<\/span><\/a><\/p>\n<p align=\"left\">\n<\/td>\n<td width=\"50%\">\n<p align=\"right\"><span style=\"font-size: medium;\"><strong> <span style=\"color: #808080; font-family: Arial; font-size: small;\"> Lic. Mar\u00eda Fernanda Ipata &#8211; Directora<br \/>\n<\/span> <\/strong><\/span> <span style=\"font-size: xx-small;\"><span style=\"color: #ff0000;\"><br \/>\nDirecto<\/span><b>: <\/b> 0230<\/span><span style=\"font-size: xx-small;\">-4664772<\/span><span style=\"font-size: xx-small;\"><br \/>\n<\/span><span style=\"font-size: xx-small;\"> <span style=\"color: #ff0000;\">M\u00f3vil:<\/span><b> <\/b> 0230<\/span><span style=\"font-size: xx-small;\">-15-4584535<br \/>\n011-15-6096-4656 ID 558*3763<br \/>\n<\/span><span style=\"color: #ff0000; font-size: xx-small;\"> Skype:<\/span><span style=\"font-size: xx-small;\"> quasarcomunicacion<br \/>\n<\/span><span style=\"color: #ff0000; font-size: xx-small;\"> Twitter:<\/span><span style=\"font-size: xx-small;\"> @quasarpilar<br \/>\n<\/span><span style=\"color: #ff0000; font-size: xx-small;\"> Gr<\/span><span style=\"color: #ff0000; font-size: xx-small;\">upo y p\u00e1gina en Facebook: <\/span> <span style=\"color: #808080; font-size: xx-small;\">www.facebook.com\/<\/span><a href=\"mailto:mfipata@gmail.com\"><span style=\"font-size: xx-small;\">Quasar<\/span><\/a><span style=\"font-size: xx-small;\">Comunicacion<br \/>\n<\/span><span style=\"font-size: xx-small;\"> <span style=\"color: #ff0000;\">LinkedIn<\/span><b>: <\/b><\/span> <a title=\"Ver perfil p\u00fablico\" href=\"http:\/\/ar.linkedin.com\/pub\/mar%C3%83%C2%AD-a-fernanda-ipata\/a\/293\/212\"> <span style=\"font-size: xx-small;\"> http:\/\/ar.linkedin.com\/pub\/mar%C3%AD-a-fernanda-ipata\/a\/293\/212<\/span><\/a><span style=\"font-size: xx-small;\"><br \/>\n<\/span><span style=\"color: #ff0000; font-size: xx-small;\"> Web:<\/span><b><\/b> <a href=\"http:\/\/www.quasarcomunicacion.com.ar\/\"> <span style=\"font-size: xx-small;\">www.quasarcomunicacion.com.ar<\/span><\/a><span style=\"font-size: xx-small;\"><br \/>\n<\/span><span style=\"font-size: xx-small;\"> <span style=\"color: #ff0000;\">Blog:<\/span> <a href=\"http:\/\/www.quasarcomunicacion.wordpress.com\/\">www.quasarcomunicacion.wordpress.com<\/a><span style=\"color: #ff0000;\"><br \/>\nMail<\/span><b>:<\/b><\/span><span style=\"font-size: xx-small;\"><a href=\"mailto:fernanda@quasarcomunicacion.com.ar\"> fernanda@quasarcomunicacion.com.ar<\/a><\/span><\/p>\n<\/td>\n<\/tr>\n<\/tbody>\n<\/table>\n<\/div>\n<hr \/>\n<p align=\"left\"><b><span style=\"color: #ff0000; font-family: Verdana; font-size: small;\">Acerca del Polo Educativo Pilar<\/span><\/b><\/p>\n<p align=\"left\">El\u00a0<b>Polo Educativo Pilar\u00a0<\/b>es una asociaci\u00f3n civil sin fines de lucro que fue fundada en el a\u00f1o 2002, que re\u00fane a instituciones educativas del Partido de Pilar y tiene como objetivo principal el promover y desarrollar la educaci\u00f3n, p\u00fablica y privada, en todo el distrito.<\/p>\n<p>La asociaci\u00f3n nace a partir de 1999 cuando los directivos de los j\u00f3venes colegios privados de Pilar, junto con los que llevaban m\u00e1s a\u00f1os en la ciudad, comienzan a reunirse para considerar sus problem\u00e1ticas comunes. Este hecho, in\u00e9dito en la educaci\u00f3n privada en la Argentina, alcanza un alto grado de sinergia cuando los Colegios deciden trazar un plan para convertir al Partido de Pilar en una localidad que sea conocida por su alto nivel educativo, tanto en las instituciones privadas como en las p\u00fablicas. Con esa idea, un grupo original de 14 Colegios de distintos niveles, funda el\u00a0<b>Polo Educativo Pilar<\/b>.<\/p>\n<p>Cabe destacar que entidad obtuvo su personer\u00eda jur\u00eddica en diciembre de 2004 bajo el Nro. 7000\/04 expedido por la Inspecci\u00f3n de Persona jur\u00eddica de la Provincia de Buenos Aires. En el a\u00f1o 2003 es declarada entidad de Bien P\u00fablico por el Municipio de Pilar por Decreto Municipal Nro. 6679\/2003.<\/p>\n","protected":false},"excerpt":{"rendered":"<p>\u00a0Hasta el 19 de noviembre se podr\u00e1 visitar la principal exposici\u00f3n de cuadros y de fotograf\u00edas que organiza el Polo [&hellip;]<\/p>\n","protected":false},"author":2,"featured_media":7963,"comment_status":"open","ping_status":"open","sticky":false,"template":"","format":"standard","meta":[],"categories":[2],"tags":[],"_links":{"self":[{"href":"https:\/\/quasarcomunicacion.com.ar\/web\/wp-json\/wp\/v2\/posts\/7964"}],"collection":[{"href":"https:\/\/quasarcomunicacion.com.ar\/web\/wp-json\/wp\/v2\/posts"}],"about":[{"href":"https:\/\/quasarcomunicacion.com.ar\/web\/wp-json\/wp\/v2\/types\/post"}],"author":[{"embeddable":true,"href":"https:\/\/quasarcomunicacion.com.ar\/web\/wp-json\/wp\/v2\/users\/2"}],"replies":[{"embeddable":true,"href":"https:\/\/quasarcomunicacion.com.ar\/web\/wp-json\/wp\/v2\/comments?post=7964"}],"version-history":[{"count":0,"href":"https:\/\/quasarcomunicacion.com.ar\/web\/wp-json\/wp\/v2\/posts\/7964\/revisions"}],"wp:featuredmedia":[{"embeddable":true,"href":"https:\/\/quasarcomunicacion.com.ar\/web\/wp-json\/wp\/v2\/media\/7963"}],"wp:attachment":[{"href":"https:\/\/quasarcomunicacion.com.ar\/web\/wp-json\/wp\/v2\/media?parent=7964"}],"wp:term":[{"taxonomy":"category","embeddable":true,"href":"https:\/\/quasarcomunicacion.com.ar\/web\/wp-json\/wp\/v2\/categories?post=7964"},{"taxonomy":"post_tag","embeddable":true,"href":"https:\/\/quasarcomunicacion.com.ar\/web\/wp-json\/wp\/v2\/tags?post=7964"}],"curies":[{"name":"wp","href":"https:\/\/api.w.org\/{rel}","templated":true}]}}