{"id":7936,"date":"2017-10-10T10:02:23","date_gmt":"2017-10-10T13:02:23","guid":{"rendered":"https:\/\/quasarcomunicacion.com.ar\/web\/?p=7936"},"modified":"2017-10-10T10:02:23","modified_gmt":"2017-10-10T13:02:23","slug":"tips-para-descansar-durante-el-fin-de-semana-largo-de-pascuas-2","status":"publish","type":"post","link":"https:\/\/quasarcomunicacion.com.ar\/web\/tips-para-descansar-durante-el-fin-de-semana-largo-de-pascuas-2\/","title":{"rendered":"Tips para descansar durante el fin de semana largo"},"content":{"rendered":"<p style=\"text-align: left;\" align=\"center\"><span style=\"font-family: Verdana; font-size: small;\">Estamos en las puertas de un nuevo fin de semana largo, momento en el que muchas personas aprovechan para descansar durante estos d\u00edas, incluso haciendo una escapada tur\u00edstica y muchos evaluando las reservas para las vacaciones de verano. Ahora bien \u00bfc\u00f3mo nos desconectamos y descansamos en tan poco tiempo?. Para resolver esta cuesti\u00f3n, desde el\u00a0 <\/span><b style=\"font-family: Verdana; font-size: small;\"> Centro de Estudios Especializados en Trastornos de Ansiedad (CEETA),<\/b><span style=\"font-family: Verdana; font-size: small;\"> elaboraron un informe sobre c\u00f3mo encarar los viajes realizados durante los d\u00edas feriados y c\u00f3mo organizarse para lograr concebir el descanso necesario durante los fines de semana largos, a pesar del corto tiempo de desconexi\u00f3n.<!--more--><\/span><\/p>\n<p><a href=\"https:\/\/quasarcomunicacion.com.ar\/web\/wp-content\/uploads\/2015\/11\/vacaciones.gif\"><img class=\"aligncenter\" alt=\"vacaciones\" src=\"https:\/\/quasarcomunicacion.com.ar\/web\/wp-content\/uploads\/2015\/11\/vacaciones.gif\" \/><\/a><\/p>\n<p><span style=\"font-family: Verdana; font-size: small;\">La Licenciada Gabriela Mart\u00ednez Castro, directora del <b>CEETA (Centro de Estudios Especializados en Trastornos de Ansiedad) <\/b>afirma que \u201ces productivo hacer una escapada, a los fines del descanso, pero cuidado con las expectativas: no vamos a lograr el descanso que logramos en vacaciones cuando se trata de pocos d\u00edas\u201d, explica la especialista refiri\u00e9ndose a las mini-vacaciones que suelen hacerse los d\u00edas feriados, y que no siempre resultan como se esperaba. <\/span><\/p>\n<p><span style=\"font-family: Verdana; font-size: small;\">\u201cLos preparativos y las congestiones vehiculares pueden ser graves causantes de estr\u00e9s en una peque\u00f1a escapada. Aunque cierto descanso se va a lograr, por el cambio de ambiente, eso refresca la rutina\u201d, indica Mart\u00ednez Castro.<\/span><\/p>\n<p><span style=\"font-family: Verdana; font-size: small;\">Respecto a la cantidad de d\u00edas necesarios para poder concebir un buen descanso, la licenciada explica que \u201cse necesitan al menos quince d\u00edas para lograr desconectarse: la primera semana a\u00fan se contin\u00faa con la inercia de la sensaci\u00f3n de obligaciones y preocupaciones, y la segunda, se logra el verdadero descanso. Hay personas ansiosas o preocupadizas, que frente a las preparaciones previas, consideran m\u00e1s relajante quedarse en casa, lo cual de cierta forma, es verdadero\u201d.<\/span><\/p>\n<div align=\"center\"><center><\/p>\n<table width=\"90%\" border=\"0\" cellspacing=\"4\" cellpadding=\"4\">\n<tbody>\n<tr>\n<td bgcolor=\"#ECFFF9\" width=\"100%\"><i> <span style=\"font-family: Verdana; font-size: xx-small;\">El equipo de profesionales del <b>CEETA<\/b><\/span><\/i><span style=\"font-family: Verdana; font-size: xx-small;\"><i> est\u00e1 disponible para consultas o entrevistas sobre el tema. Comunicarse al 0230-4664772 \u00f3 0230 15 4584535 para concretarlas o enviar un mail a <a href=\"mailto:gabriela@quasarcomunicacion.com.ar\"> candela@quasarcomunicacion.com.ar <\/a>\u00a0<\/i><\/span><\/td>\n<\/tr>\n<\/tbody>\n<\/table>\n<p>&nbsp;<\/p>\n<p><\/center><\/div>\n<p><span style=\"font-family: Verdana; font-size: small;\">Luego indag\u00f3 sobre el estr\u00e9s que puede producir la etapa previa y realizar los preparativos, \u201cla preocupaci\u00f3n de no olvidar nada, y la anticipaci\u00f3n mental de alg\u00fan inconveniente\/accidente durante el traslado o viaje nos estresa por anticipado\u201d. Otro inconveniente puede llegar a ser la cantidad de familiares o participantes del viaje: \u201ccuando la escapada incluye familia numerosa (cinco o m\u00e1s personas), resulta m\u00e1s estresante por la cantidad de cosas a llevar, a no olvidar, y por la sensaci\u00f3n de necesitar satisfacer a tantas personas a la vez, en un corto per\u00edodo de tiempo\u201d. <\/span><\/p>\n<p><span style=\"font-family: Verdana; font-size: small;\">La Licenciada Gabriela Mart\u00ednez Castro ofrece entonces una serie de tips para lograr desconectarse y aprovechar los viajes realizados durante estos cortos per\u00edodos de tiempo:<\/span><\/p>\n<p><span style=\"font-family: Verdana; font-size: small;\">-Preparar las maletas con bastante anticipaci\u00f3n, para lograr el descanso desde antes de salir de mini-vacaciones.<\/span><\/p>\n<p><span style=\"font-family: Verdana; font-size: small;\">-Ser realista: pueden ocurrir cuestiones que hagan que no todo sea perfecto, no poseer buen tiempo, no cumplir con todas las actividades deseadas, no anticiparse negativamente a hechos por suceder, como accidentes, peleas, etc.<\/span><\/p>\n<p><span style=\"font-family: Verdana; font-size: small;\">-Considerar que se dispone de pocos d\u00edas, con lo cual, el descanso tambi\u00e9n ser\u00e1 limitado.<\/span><\/p>\n<p><span style=\"font-family: Verdana; font-size: small;\">-No viajar de noche, como prevenci\u00f3n de tensi\u00f3n nerviosa y accidentes.<\/span><\/p>\n<p><span style=\"font-family: Verdana; font-size: small;\">-E ingerir peque\u00f1as dosis de carbohidratos para disminuir la ansiedad de llegar, durante el viaje, que debiera ser parte del descanso. <\/span><\/p>\n<p><span style=\"font-family: Verdana; font-size: small;\">E<\/span>l <b>Centro de Estudios Especializados en Trastornos de Ansiedad (CEETA)<\/b> tiene su sede central en el Edificio Concord-Sector Los Almendros-piso segundo Oficina 202. Km 50 de la ruta Panamericana ramal Pilar. Tel\u00e9fono: \u00a00230-4667175 o al 011-4788-6245 \u00f3 al Celular 15-4416-1578 <a href=\"http:\/\/www.ceeta.org\/\"> www.ceeta.org<\/a>\u00a0 Tambi\u00e9n tiene sedes en\u00a0 Parque Patricios, Barrio Norte, Belgrano, San Isidro, Mor\u00f3n, Lomas de Zamora y Quilmes . En <b>facebook<\/b>, la fan page es <a href=\"https:\/\/www.facebook.com\/ansiedad.ceeta\"> https:\/\/www.facebook.com\/ansiedad.ceeta<\/a><\/p>\n<p align=\"center\"><span style=\"font-family: Verdana; font-size: small;\">Acceso a toda la informaci\u00f3n ingresando en <a href=\"https:\/\/quasarcomunicacion.com.ar\/web\/ceeta\/\"> https:\/\/quasarcomunicacion.com.ar\/web\/ceeta\/<\/a> <\/span><\/p>\n<p><span style=\"font-size: small;\"><b><i>\u00a0<span style=\"font-family: Arial;\">Por otras im\u00e1genes, audios o entrevistas no dude en contactarse<\/span><\/i><\/b><\/span><\/p>\n<p align=\"center\"><span style=\"font-size: small;\"><b><i> Contactos de Prensa<\/i><\/b><\/span><\/p>\n<div align=\"left\">\n<table width=\"100%\" border=\"1\" cellpadding=\"2\" align=\"left\">\n<tbody>\n<tr>\n<td width=\"50%\">\n<p align=\"left\"><span style=\"font-size: medium;\"><strong> <span style=\"color: #808080; font-family: Arial; font-size: small;\"> Camila Sarmiento &#8211; Asistente de Cuentas<\/span><\/strong><\/span><\/p>\n<p><span style=\"font-size: xx-small;\"><span style=\"color: #ff0000;\"> Directo<\/span><b>: <\/b> 0230<\/span><span style=\"font-size: xx-small;\">-4664772<\/span><span style=\"font-size: xx-small;\"><span style=\"color: #ff0000;\"><br \/>\nM\u00f3vil:<\/span><b> <\/b> 0230<\/span><span style=\"font-size: xx-small;\">-15-4584535<\/span><span style=\"font-size: xx-small;\"><span style=\"color: #ff0000;\"><br \/>\nMail<\/span><b>:<\/b><\/span><span style=\"font-size: xx-small;\"> <a href=\"mailto:fernanda@quasarcomunicacion.com.ar\"> candela<\/a><a href=\"mailto:fernanda@quasarcomunicacion.com.ar\">@quasarcomunicacion.com.ar<\/a><\/span><span style=\"color: #ff0000; font-size: xx-small;\"><br \/>\nSkype:<\/span><span style=\"font-size: xx-small;\"> quasarcomunicacion<br \/>\n<\/span><span style=\"color: #ff0000; font-size: xx-small;\"> Twitter:<\/span><span style=\"font-size: xx-small;\"> @quasarpilar<br \/>\n<\/span><span style=\"color: #ff0000; font-size: xx-small;\"> Gr<\/span><span style=\"color: #ff0000; font-size: xx-small;\">upo y p\u00e1gina en Facebook: <\/span> <span style=\"color: #808080; font-size: xx-small;\">www.facebook.com\/<\/span><a href=\"mailto:mfipata@gmail.com\"><span style=\"font-size: xx-small;\">Quasar<\/span><\/a><span style=\"font-size: xx-small;\">Comunicacion<br \/>\n<\/span><span style=\"color: #ff0000; font-size: xx-small;\"> Web:<\/span><b><\/b> <a href=\"http:\/\/www.quasarcomunicacion.com.ar\/\"> <span style=\"font-size: xx-small;\">www.quasarcomunicacion.com.ar<\/span><\/a><\/p>\n<p align=\"left\">\n<\/td>\n<td width=\"50%\">\n<p align=\"right\"><span style=\"font-size: medium;\"><strong> <span style=\"color: #808080; font-family: Arial; font-size: small;\"> Lic. Mar\u00eda Fernanda Ipata &#8211; Directora<br \/>\n<\/span> <\/strong><\/span> <span style=\"font-size: xx-small;\"><span style=\"color: #ff0000;\"><br \/>\nDirecto<\/span><b>: <\/b> 0230<\/span><span style=\"font-size: xx-small;\">-4664772<\/span><span style=\"font-size: xx-small;\"><br \/>\n<\/span><span style=\"font-size: xx-small;\"> <span style=\"color: #ff0000;\">M\u00f3vil:<\/span><b> <\/b> 0230<\/span><span style=\"font-size: xx-small;\">-15-4584535<br \/>\n<\/span><span style=\"color: #ff0000; font-size: xx-small;\"> Skype:<\/span><span style=\"font-size: xx-small;\"> quasarcomunicacion<br \/>\n<\/span><span style=\"color: #ff0000; font-size: xx-small;\"> Twitter:<\/span><span style=\"font-size: xx-small;\"> @quasarpilar<br \/>\n<\/span><span style=\"color: #ff0000; font-size: xx-small;\"> Gr<\/span><span style=\"color: #ff0000; font-size: xx-small;\">upo y p\u00e1gina en Facebook: <\/span> <span style=\"color: #808080; font-size: xx-small;\">www.facebook.com\/<\/span><a href=\"mailto:mfipata@gmail.com\"><span style=\"font-size: xx-small;\">Quasar<\/span><\/a><span style=\"font-size: xx-small;\">Comunicacion<br \/>\n<\/span><span style=\"font-size: xx-small;\"> <span style=\"color: #ff0000;\">LinkedIn<\/span><b>: <a href=\"https:\/\/www.linkedin.com\/in\/mfipata\/\"> https:\/\/www.linkedin.com\/in\/mfipata\/<\/a> <\/b><\/span> <span style=\"font-size: xx-small;\"><br \/>\n<\/span><span style=\"color: #ff0000; font-size: xx-small;\"> Web:<\/span><b><\/b> <a href=\"http:\/\/www.quasarcomunicacion.com.ar\/\"> <span style=\"font-size: xx-small;\">www.quasarcomunicacion.com.ar<\/span><\/a><span style=\"font-size: xx-small;\"><br \/>\n<\/span><span style=\"font-size: xx-small;\"> <span style=\"color: #ff0000;\">Blog:<\/span> <a href=\"http:\/\/www.quasarcomunicacion.wordpress.com\/\">www.quasarcomunicacion.wordpress.com<\/a><span style=\"color: #ff0000;\"><br \/>\nMail<\/span><b>:<\/b><\/span><span style=\"font-size: xx-small;\"><a href=\"mailto:fernanda@quasarcomunicacion.com.ar\"> fernanda@quasarcomunicacion.com.ar<\/a><\/span><\/p>\n<\/td>\n<\/tr>\n<\/tbody>\n<\/table>\n<\/div>\n<hr \/>\n<p><center><span style=\"font-family: Verdana; font-size: xx-small;\"><b>Acerca de la Lic. Gabriela Mart\u00ednez Castro<\/b><\/span><\/center>&nbsp;<\/p>\n<p align=\"left\"><i><span style=\"font-family: Verdana; font-size: xx-small;\">Gabriela Mart\u00ednez Castro es Licenciada en Psicolog\u00eda egresada de la Universidad de Belgrano en 1991. M\u00e1ster en Psicolog\u00eda Cl\u00ednica en M\u00e9xico. <\/span><\/i><\/p>\n<p>&nbsp;<\/p>\n<p align=\"left\"><i><span style=\"font-family: Verdana; font-size: xx-small;\">Post-grado en Trastornos de Ansiedad de la Asociaci\u00f3n Argentina de Trastornos de Ansiedad. Psicoterapeuta Cognitiva-Conductual, orientada al trabajo con Trastornos de Ansiedad y Trastornos de la Personalidad.<\/span><\/i><\/p>\n<p align=\"left\"><i><span style=\"font-family: Verdana; font-size: xx-small;\">Formaci\u00f3n en Terapia Cognitivo Conductual de Tercera Ola en la Fundaci\u00f3n Favaloro.<\/span><\/i><\/p>\n<p>Ex coordinadora docente de la c\u00e1tedra de Psicolog\u00eda General en la Universidad de Belgrano. Ex coordinadora del Departamento de Psicodiagn\u00f3stico del Hospital Franc\u00e9s, \u00e1rea de Consultorios Externos.<\/p>\n<p>&nbsp;<\/p>\n<p align=\"left\"><i><span style=\"font-family: Verdana; font-size: xx-small;\">Miembro de la Asociaci\u00f3n Argentina de Trastornos de Ansiedad. <\/span><\/i><\/p>\n<p>&nbsp;<\/p>\n<p align=\"left\"><i><span style=\"font-family: Verdana; font-size: xx-small;\">Directora de CEETA (Centro de Estudios Especializados en Trastornos de Ansiedad) <\/span><\/i><\/p>\n<p>&nbsp;<\/p>\n<p align=\"left\"><span style=\"font-family: Verdana; font-size: xx-small;\"><i>Centro de Estudios Especializados en Trastornos de Ansiedad (CEETA) &#8211; Edificio Concord-Sector los Almendros-piso segundo Oficina 202. Km 50 de la ruta Panamericana ramal Pilar. Tel\u00e9fono: 02322-667175 \u00f3 al Celular 15-4416-1578 <a href=\"http:\/\/www.ceeta.org\/\">www.ceeta.org<\/a>\u00a0 \u00a0 \u00a0 \u00a0 \u00a0 \u00a0 \u00a0 \u00a0 \u00a0 \u00a0 \u00a0 \u00a0 \u00a0\u00a0<\/i><\/span><\/p>\n","protected":false},"excerpt":{"rendered":"<p>Estamos en las puertas de un nuevo fin de semana largo, momento en el que muchas personas aprovechan para descansar [&hellip;]<\/p>\n","protected":false},"author":2,"featured_media":6547,"comment_status":"open","ping_status":"open","sticky":false,"template":"","format":"standard","meta":[],"categories":[2],"tags":[],"_links":{"self":[{"href":"https:\/\/quasarcomunicacion.com.ar\/web\/wp-json\/wp\/v2\/posts\/7936"}],"collection":[{"href":"https:\/\/quasarcomunicacion.com.ar\/web\/wp-json\/wp\/v2\/posts"}],"about":[{"href":"https:\/\/quasarcomunicacion.com.ar\/web\/wp-json\/wp\/v2\/types\/post"}],"author":[{"embeddable":true,"href":"https:\/\/quasarcomunicacion.com.ar\/web\/wp-json\/wp\/v2\/users\/2"}],"replies":[{"embeddable":true,"href":"https:\/\/quasarcomunicacion.com.ar\/web\/wp-json\/wp\/v2\/comments?post=7936"}],"version-history":[{"count":0,"href":"https:\/\/quasarcomunicacion.com.ar\/web\/wp-json\/wp\/v2\/posts\/7936\/revisions"}],"wp:featuredmedia":[{"embeddable":true,"href":"https:\/\/quasarcomunicacion.com.ar\/web\/wp-json\/wp\/v2\/media\/6547"}],"wp:attachment":[{"href":"https:\/\/quasarcomunicacion.com.ar\/web\/wp-json\/wp\/v2\/media?parent=7936"}],"wp:term":[{"taxonomy":"category","embeddable":true,"href":"https:\/\/quasarcomunicacion.com.ar\/web\/wp-json\/wp\/v2\/categories?post=7936"},{"taxonomy":"post_tag","embeddable":true,"href":"https:\/\/quasarcomunicacion.com.ar\/web\/wp-json\/wp\/v2\/tags?post=7936"}],"curies":[{"name":"wp","href":"https:\/\/api.w.org\/{rel}","templated":true}]}}