{"id":791,"date":"2012-09-12T19:06:45","date_gmt":"2012-09-12T19:06:45","guid":{"rendered":"http:\/\/quasarcomunicacion.wordpress.com\/?p=791"},"modified":"2012-09-12T19:06:45","modified_gmt":"2012-09-12T19:06:45","slug":"lanzan-cafe-emprendedor","status":"publish","type":"post","link":"https:\/\/quasarcomunicacion.com.ar\/web\/lanzan-cafe-emprendedor\/","title":{"rendered":"Lanzan &quot;Caf\u00e9 Emprendedor&quot;"},"content":{"rendered":"<p><em><img loading=\"lazy\" src=\"http:\/\/www.quasarcomunicacion.com.ar\/pilardeferia\/2012\/cafelogo.gif\" alt=\"\" width=\"300\" height=\"287\" align=\"right\" border=\"0\" \/><\/em><span style=\"font-family:Verdana;font-size:small;\">El\u00a0<strong>\u00abCaf\u00e9 Emprendedor\u00bb<\/strong>es un evento peri\u00f3dico organizado por Pilar de Feria, Pilar GPS y Qu\u00e1sar Comunicaci\u00f3n en alg\u00fan caf\u00e9 de la zona para que los emprendedores se conozcan y puedan intercambiar informaci\u00f3n entre ellos. El primero tendr\u00e1 lugar este s\u00e1bado 15 de septiembre a las 9.30 hs en Coffe &amp; Cake Pilar<\/span><span style=\"font-size:small;\">(Bol\u00edvar 557, a media cuadra de la plaza 12 de Octubre de Pilar)<\/span><br \/>\n<span style=\"font-size:small;\">La idea es poder aportarles a los emprendedores de la zona un espacio din\u00e1mico para\u00a0<\/span><span style=\"font-family:Verdana;font-size:small;\">conocer nueva gente, interiorizarse sobre el trabajo y las experiencias de otros emprendedores y poder compartir su historia, aciertos y errores a otros para juntos aprender.<!--more--><\/span><br \/>\n<span style=\"font-family:Verdana;font-size:small;\">La intenci\u00f3n final es tejer alianzas beneficiosas y que puedan presentar sus\u00a0 productos y servicios a otros para generar intercambios comerciales<\/span><br \/>\n<span style=\"font-family:Verdana;font-size:small;\">Durante m\u00e1s de una hora, y con un rico caf\u00e9 de por medio, se presentar\u00e1n los emprendedores presentes, mostrar\u00e1n sus productos, contar\u00e1n sus experiencias<\/span><br \/>\n<span style=\"font-family:Verdana;font-size:small;\">Adem\u00e1s, en las sucesivas ediciones se ir\u00e1n sumando profesionales para asesorarlos en diversas tem\u00e1ticas.<\/span><br \/>\n<span style=\"font-family:Verdana;font-size:small;\">Una posibilidad diferente de networking para una alianza GANAR-GANAR<br \/>\nEste evento es organizado por Pilar de Feria, Qu\u00e1sar Comunicaci\u00f3n y Pilar GPS<\/span><br \/>\n<span style=\"font-family:Verdana;font-size:small;\">M\u00e1s informaci\u00f3n sobre fechas y lugares escribiendo a<a href=\"mailto:info@pilardeferia.com.ar\">info@pilardeferia.com.ar<\/a><\/span><\/p>\n","protected":false},"excerpt":{"rendered":"<p>El\u00a0\u00abCaf\u00e9 Emprendedor\u00bbes un evento peri\u00f3dico organizado por Pilar de Feria, Pilar GPS y Qu\u00e1sar Comunicaci\u00f3n en alg\u00fan caf\u00e9 de la [&hellip;]<\/p>\n","protected":false},"author":2,"featured_media":0,"comment_status":"open","ping_status":"open","sticky":false,"template":"","format":"standard","meta":[],"categories":[2],"tags":[],"_links":{"self":[{"href":"https:\/\/quasarcomunicacion.com.ar\/web\/wp-json\/wp\/v2\/posts\/791"}],"collection":[{"href":"https:\/\/quasarcomunicacion.com.ar\/web\/wp-json\/wp\/v2\/posts"}],"about":[{"href":"https:\/\/quasarcomunicacion.com.ar\/web\/wp-json\/wp\/v2\/types\/post"}],"author":[{"embeddable":true,"href":"https:\/\/quasarcomunicacion.com.ar\/web\/wp-json\/wp\/v2\/users\/2"}],"replies":[{"embeddable":true,"href":"https:\/\/quasarcomunicacion.com.ar\/web\/wp-json\/wp\/v2\/comments?post=791"}],"version-history":[{"count":0,"href":"https:\/\/quasarcomunicacion.com.ar\/web\/wp-json\/wp\/v2\/posts\/791\/revisions"}],"wp:attachment":[{"href":"https:\/\/quasarcomunicacion.com.ar\/web\/wp-json\/wp\/v2\/media?parent=791"}],"wp:term":[{"taxonomy":"category","embeddable":true,"href":"https:\/\/quasarcomunicacion.com.ar\/web\/wp-json\/wp\/v2\/categories?post=791"},{"taxonomy":"post_tag","embeddable":true,"href":"https:\/\/quasarcomunicacion.com.ar\/web\/wp-json\/wp\/v2\/tags?post=791"}],"curies":[{"name":"wp","href":"https:\/\/api.w.org\/{rel}","templated":true}]}}