{"id":7901,"date":"2017-09-15T11:51:55","date_gmt":"2017-09-15T14:51:55","guid":{"rendered":"https:\/\/quasarcomunicacion.com.ar\/web\/?p=7901"},"modified":"2017-09-15T11:51:55","modified_gmt":"2017-09-15T14:51:55","slug":"charla-gratuita-como-armar-un-plan-de-comunicacion-3-0-el-coworking-y-el-smartfail-como-base-para-el-emprendedurismo","status":"publish","type":"post","link":"https:\/\/quasarcomunicacion.com.ar\/web\/charla-gratuita-como-armar-un-plan-de-comunicacion-3-0-el-coworking-y-el-smartfail-como-base-para-el-emprendedurismo\/","title":{"rendered":"Charla gratuita \u00ab\u00bfC\u00f3mo armar un plan de comunicaci\u00f3n 3.0? El Coworking y el SmartFail como base para el emprendedurismo\u00bb"},"content":{"rendered":"<p style=\"text-align: left;\" align=\"center\"><span style=\"font-family: Verdana; font-size: small;\">\u00a0Con la \u00faltima charla del ciclo, este jueves 21 de septiembre, en Wid\u00fa Networking Space (Parque Austral, Km 50 de ruta 8) finaliza el <\/span><b style=\"font-family: Verdana; font-size: small;\">IV Ciclo de Charlas Gratuitas para el #DesarrolloEmprendedorEnPilar.<\/b><span style=\"font-family: Verdana; font-size: small;\"> En esta oportunidad, a las 10 hs se brindar\u00e1 la capacitaci\u00f3n <\/span><b style=\"font-family: Verdana; font-size: small;\">\u00ab\u00bfC\u00f3mo armar un plan de comunicaci\u00f3n 3.0? El Coworking y el SmartFail como base para el emprendedurismo\u00bb <\/b><span style=\"font-family: Verdana; font-size: small;\">a cargo de la Lic. Ver\u00f3nica Garibaldi, del equipo de <\/span><b style=\"font-family: Verdana; font-size: small;\">Cespym Cursos<\/b><span style=\"font-family: Verdana; font-size: small;\">.<!--more--><\/span><\/p>\n<p><img loading=\"lazy\" class=\"aligncenter\" alt=\"\" src=\"https:\/\/quasarcomunicacion.com.ar\/web\/wp-content\/uploads\/2017\/09\/charlacespym.gif\" width=\"550\" height=\"309\" \/><\/p>\n<p><span style=\"font-family: Verdana; font-size: small;\">El ciclo de capacitaciones gratuitas es impulsado por <b>Emprender Hoy<\/b> y <b>Pilar Emprende<\/b>,\u00a0 la capacitaci\u00f3n es libre y gratuita y para participar solo se requiere completar el siguiente formulario online: <a href=\"http:\/\/www.emprenderhoy.com.ar\/desarrolloemprendedor2016.html\"> www.<\/a><a href=\"http:\/\/www.emprenderhoy.com.ar\/desarrolloemprendedor2017.html\">emprenderhoy.com.ar\/desarrolloemprendedor2017.html<\/a>. Informes escribiendo a <a href=\"mailto:info@emprenderhoy.com.ar\"> info@emprenderhoy.com.ar<\/a> o comunic\u00e1ndose v\u00eda whatsapp al 011-15-6742-7635. <\/span><\/p>\n<p><span style=\"font-family: Verdana; font-size: small;\">Respecto a la tem\u00e1tica que se abordar\u00e1, Garibaldi hace referencia a una frase de Steve Jobs: \u201cSi no trabajas por tus sue\u00f1os, alguien m\u00e1s te contratar\u00e1 para que trabajes por los suyos\u201d. <\/span><\/p>\n<p><span style=\"font-family: Verdana; font-size: small;\">\u00abPor eso, hoy, el emprendedor tiene un sinf\u00edn de recursos al alcance de sus manos para hacer de sus sue\u00f1os una realidad. Resulta fundamental hacer propias esas herramientas, aprehenderlas, administrar los recursos de la manera m\u00e1s eficaz y eficiente posible. Es ah\u00ed donde el dise\u00f1o de un plan de comunicaci\u00f3n comienza a ocupar un lugar preferencial en la estrategia de cualquier emprendedor\u00bb, asegura Garibaldi.<\/span><\/p>\n<p><span style=\"font-family: Verdana; font-size: small;\">A la vez que agrega \u00abpero no cualquier plan. Ya no m\u00e1s 2.0\u2026 En esta nueva era de la comunicaci\u00f3n, los usuarios requerir\u00e1n una comunicaci\u00f3n 3.0, una comunicaci\u00f3n mucho m\u00e1s fluida que hasta ahora, que invite a la conversaci\u00f3n, que demande acci\u00f3n de parte del destinatario pero que al mismo tiempo brinde un servicio\u00bb.<\/span><\/p>\n<p><span style=\"font-family: Verdana; font-size: small;\">Tambi\u00e9n se abordar\u00e1 la tem\u00e1tica del coworking. \u00abLa pr\u00e1ctica del coworking colaborar\u00e1 fomentando la creatividad, interacci\u00f3n, flexibilidad e inspiraci\u00f3n. Y la ejecuci\u00f3n de la t\u00e9cnica SmartFail, creada hace menos de dos a\u00f1os, nos ense\u00f1ar\u00e1 que fallar, no nos alejar\u00e1 del objetivo, sino que nos impulsar\u00e1 por encima de \u00e9l\u00bb, indica la profesional del equipo de <b>Cespym Cursos.<\/b><\/span><\/p>\n<p><span style=\"font-family: Verdana; font-size: small;\">Estos encuentros que tuvieron lugar el tercer jueves de cada mes y fueron declarados de Inter\u00e9s Municipal por el Concejo Deliberante de Pilar, tuvieron lugar en el marco del <b>IV Ciclo de Charlas Gratuitas para el #desarrolloemprendedor en Pilar 2017<\/b> que se llev\u00f3 a cabo en el auditorio de <b>Wid\u00fa Networking Space<\/b>. \u00a0El ciclo, que se realiza por cuarto a\u00f1o consecutivo, es organizado por <b>Emprender HOY<\/b> y <b>Pilar Emprende<\/b> con el apoyo de Cespym Cursos.<\/span><\/p>\n<p><span style=\"font-family: Verdana; font-size: small;\">La charla se brindar\u00e1 en el auditorio de <b>Wid\u00fa Networking Space<\/b>. Coordenadas del lugar del evento: auditorio de Wid\u00fa Networking Space en Parque Austral (Km 50 de ru<\/span>ta 8, frente a Easy Pilar) -34.450343, -58.866505, Edificio M3 2\u00ba piso<\/p>\n<p>Como cada a\u00f1o desde 2014, el ciclo es organizado por <b> Emprender HOY<\/b> y <b>Pilar Emprende<\/b>, este a\u00f1o se suma el Club de Emprendedores y Empresarios de la Argentina. En esta ocasi\u00f3n apoyan la iniciativa Tienda Nube, Linchpin Consultora Ingenier\u00eda + Capital Humano, Cespym Cursos; Provincia MicroEmpresas; PC Outlet; Remises F\u00e1tima; Estudioam dise\u00f1o grafico y comunicaci\u00f3n visual, Promoci\u00f3n Pilar, Diario El Term\u00f3metro, el programa radial Se hace camino al andar, Diario Resumen, PILAR GPS &#8211; Gu\u00eda de Productos y Servicios; Pilar Hoy Noticias; Radio X Pilar Fm 100.3 Mhz; Soy Emprendedora, Mujeres Atrayendo Riqueza, Pilar de Todos, MadreEmprendedora, Qu\u00e1sar Comunicaci\u00f3n, Tu consulta no molesta, Gabriela Dobler Consultora; el programa de radio de Female, Minas de Oro; Skins deco, el programa de Radio Recursos Humanos + Humanos, Le canto las 40, entre otros.<\/p>\n<p><span style=\"font-family: Verdana; font-size: small;\">Se recomienda a los asistentes concurrir con tarjetas personales o material promocional para el espacio de networking\u00a0\u00a0 <\/span><\/p>\n<p><b><span style=\"font-family: Verdana; font-size: small;\">Acerca de Ver\u00f3nica Garibaldi<\/span><\/b><\/p>\n<p>Licenciada en Comunicaci\u00f3n Social especializada en comunicaci\u00f3n corporativa, capacitaci\u00f3n y coordinaci\u00f3n integral de eventos. Cuenta con amplia experiencia en gesti\u00f3n de canales de comunicaci\u00f3n interna, redes sociales y proyectos vinculados a la mejora de procesos. Ejerci\u00f3 como docente en distintas materias de nivel secundario y universitario. Se desarroll\u00f3 como periodista, productora y conductora de distintos programas en la Radio 89.1 de La Universidad Nacional de La Matanza. Particip\u00f3 en la Edici\u00f3n 2006 del Programa OEA \u2013 Modelo de Asamblea General de la Organizaci\u00f3n de los Estados Americanos como Delegada L\u00edder. Actualmente, trabaja como Consultora en Comunicaci\u00f3n Interna para PyMEs y forma parte del Staff de Cespym Cursos a distancia creado por la Lic. Elizabeth Farias. Creadora del blog BeComIn \u201cBeneficios de la Comunicaci\u00f3n Interna\u201d. Miembro de la Asociaci\u00f3n Argentina de Comunicaci\u00f3n Interna (AAdeCI).<\/p>\n<p><strong>Acerca de Cespym Cursos<\/strong><\/p>\n<div><b> Cespym Cursos abre la inscripci\u00f3n<\/b>\u00a0para sus\u00a0<b>cursos a distancia<\/b>\u00a0de 2(dos) y 3 (tres) meses de duraci\u00f3n, destinados a emprendedores y mipymes<\/div>\n<p><span style=\"font-family: Verdana; font-size: xx-small;\">CESPYM es una empresa joven conformada por mujeres profesionales formadas en disciplinas como Administraci\u00f3n de Empresas, RRPP, Sociolog\u00eda, Filosof\u00eda, Coaching empresarial y educaci\u00f3n en entornos virtuales, lo que garantiza un abordaje interdisciplinario de la organizaci\u00f3n. <\/span><\/p>\n<p><span style=\"font-family: Verdana; font-size: xx-small;\">Nuestro objetivo es permitirles a todas aquellas mipymes y emprendedores que lo deseen, realizar una capacitaci\u00f3n din\u00e1mica, de breve duraci\u00f3n y con valores accesibles. Para realizar nuestros cursos solo necesita una computadora con conexi\u00f3n a internet y ganas de capacitarse. <\/span><\/p>\n<p><span style=\"font-family: Verdana; font-size: xx-small;\">CESPYM es Capacitaci\u00f3n para empresas peque\u00f1as y medianas. <\/span><\/p>\n<p><b><span style=\"font-family: Verdana; font-size: small;\">Acerca de Emprender HOY<\/span><\/b><\/p>\n<p><span style=\"font-family: Verdana; font-size: xx-small;\"><b>Emprender HOY<\/b> es un espacio para todos los emprendedores que se materializa en diversos eventos como ferias, encuentros, capacitaciones, consultor\u00edas, espacios de networking, entre otros. Somos un equipo de profesionales emprendedores que ofrecemos nuestra experiencia y conocimiento para ayudar a otros que est\u00e1n emprendiendo a crecer con sus proyectos.<\/span><\/p>\n<p><span style=\"font-family: Verdana; font-size: xx-small;\">La raz\u00f3n de ser, la misi\u00f3n, de<b> Emprender HOY <\/b>es proporcionar al sector Emprendedor herramientas y conocimientos que le permitan desarrollar su propio emprendimiento e incorporar competencias que deriven en su mejora continua. <\/span><\/p>\n<p><span style=\"font-family: Verdana; font-size: xx-small;\">Buscamos fomentar una cultura colaborativa, el autoempleo y la sustentabilidad de los proyectos contribuyendo a la generaci\u00f3n de valor econ\u00f3mico en la sociedad a trav\u00e9s de la creaci\u00f3n y sostenimiento de un ecosistema emprendedor. <\/span><\/p>\n<p><span style=\"font-family: Verdana; font-size: xx-small;\">Aspiran a ser un canal de comunicaci\u00f3n entre los emprendedores y entre las instituciones y organismos dedicados a ellos<\/span><\/p>\n<p><span style=\"font-family: Verdana; font-size: xx-small;\"><b>Emprender Hoy<\/b>, a trav\u00e9s del proyecto <b>#DESARROLLOEMPRENDEDOR<\/b> desarrolla por tercer a\u00f1o consecutivo un ciclo de actividades gratuitas compuesto por charlas y encuentros de networking.<\/span><\/p>\n<p><span style=\"font-family: Verdana; font-size: xx-small;\">El mismo se desarrolla en la ciudad de Pilar (Bs. As., Argentina) y cuenta con el apoyo de diferentes instituciones, particulares, medios de comunicaci\u00f3n y consultores independientes que comparten su conocimiento de manera desinteresada. <\/span><\/p>\n<p><b><span style=\"font-family: Verdana; font-size: small;\">Acerca de Pilar Emprende by Emprender HOY <\/span><\/b><\/p>\n<p><span style=\"font-family: Verdana; font-size: xx-small;\"><b> Pilar Emprende<\/b> surge a partir del trabajo de <b>Emprender HOY, <\/b> un espacio que busca otorgarle valor a los proyectos de emprendedores de la zona, acompa\u00f1arlos en su puesta en marcha y disfrutar en equipo de los objetivos cumplidos <\/span><\/p>\n<p><span style=\"font-family: Verdana; font-size: xx-small;\">Para cumplir con su misi\u00f3n, brindan herramientas, espacios de networking, capacitaciones, tips, noticias, consultor\u00eda y todo lo que necesita el emprendedor para crecer y conformar un s\u00f3lido ecosistema emprendedor. <\/span><\/p>\n<p><span style=\"font-family: Verdana; font-size: xx-small;\"><b>Pilar Emprende<\/b> es un espacio pensado por emprendedores para los emprendedores de Pilar que junto a <b>Emprender HOY<\/b> le brindan oportunidades para crecer con su proyecto<\/span><\/p>\n<p><span style=\"font-family: Verdana; font-size: xx-small;\">Adem\u00e1s, cuenta desde 2015 con el espacio radial Pilar Emprende Radio que durante 2015 se emite los martes de 15 a 17 hs por Radio X Pilar (FM 100.3 \/ <a href=\"http:\/\/www.radioxpilar.com\/\">www.radioxpilar.com<\/a>.ar) en su segunda temporada.<\/span><\/p>\n<p><span style=\"font-family: Verdana; font-size: xx-small;\"><b> Emprender HOY <\/b>es un espacio para todos los emprendedores que se materializa en diversos eventos como ferias, encuentros, capacitaciones, consultor\u00edas, espacios de networking, entre otros. <\/span><\/p>\n<p><span style=\"font-family: Verdana; font-size: xx-small;\">La raz\u00f3n de ser, la misi\u00f3n, de <b>Emprender HOY <\/b>es proporcionar al sector Emprendedor herramientas y conocimientos que le permitan desarrollar su propio emprendimiento e incorporar competencias que deriven en su mejora continua. <\/span><\/p>\n<p><span style=\"font-family: Verdana; font-size: xx-small;\">Desde la instituci\u00f3n buscan fomentar el autoempleo y la sustentabilidad de los proyectos contribuyendo a la generaci\u00f3n de valor econ\u00f3mico en la sociedad a trav\u00e9s de la creaci\u00f3n y sostenimiento de un ecosistema emprendedor. Aspiran a ser un canal de comunicaci\u00f3n entre los emprendedores y entre las instituciones y organismos dedicados a ellos <\/span><\/p>\n<p><span style=\"font-family: Verdana; font-size: xx-small;\">Tambi\u00e9n cuentan con un grupo de consultores independientes que acercan su saber a los emprendedores, gener\u00e1ndose una comunidad donde la informaci\u00f3n se comparte de forma exponencial y viral <\/span><\/p>\n<p><span style=\"font-size: small;\"><b><i><span style=\"font-family: Arial;\">Por otras im\u00e1genes, audios o entrevistas no dude en contactarse<\/span><\/i><\/b><\/span><\/p>\n<p align=\"center\"><span style=\"font-size: small;\"><b><i> Contactos de Prensa<\/i><\/b><\/span><\/p>\n<div align=\"left\">\n<table width=\"100%\" border=\"1\" cellpadding=\"2\" align=\"left\">\n<tbody>\n<tr>\n<td align=\"center\" width=\"50%\">\n<p align=\"left\"><strong> <span style=\"color: #ff0000; font-family: Arial; font-size: small;\">Mayra Ibarra<\/span><\/strong><span style=\"font-size: medium;\"><strong><span style=\"color: #808080; font-family: Arial; font-size: small;\"> &#8211; Asistente de Cuentas<\/p>\n<p><\/span> <\/strong><\/span> <span style=\"font-size: xx-small;\"><span style=\"color: #ff0000;\"> Directo<\/span><b>: <\/b> 0230<\/span><span style=\"font-size: xx-small;\">-4664772<br \/>\n<\/span><span style=\"color: #ff0000; font-size: xx-small;\"> Skype:<\/span><span style=\"font-size: xx-small;\"> quasarcomunicacion<br \/>\n<\/span><span style=\"color: #ff0000; font-size: xx-small;\"> Twitter:<\/span><span style=\"font-size: xx-small;\"> @quasarpilar<br \/>\n<\/span><span style=\"color: #ff0000; font-size: xx-small;\"> Gr<\/span><span style=\"color: #ff0000; font-size: xx-small;\">upo y p\u00e1gina en Facebook: <\/span> <span style=\"color: #808080; font-size: xx-small;\">www.facebook.com\/<\/span><a href=\"mailto:mfipata@gmail.com\"><span style=\"font-size: xx-small;\">Quasar<\/span><\/a><span style=\"font-size: xx-small;\">Comunicacion<br \/>\n<\/span><span style=\"color: #ff0000; font-size: xx-small;\"> Web:<\/span><b><\/b> <a href=\"http:\/\/www.quasarcomunicacion.com.ar\/\"> <span style=\"font-size: xx-small;\">www.quasarcomunicacion.com.ar<\/span><\/a><\/p>\n<p align=\"left\"><span style=\"font-size: xx-small;\"> <span style=\"color: #ff0000;\">Mail<\/span><b>:<\/b><\/span><span style=\"font-size: xx-small;\"> <a href=\"mailto:fernanda@quasarcomunicacion.com.ar\"> quasar@quasarcomunicacion.com.ar<\/a><\/span><\/p>\n<\/td>\n<td align=\"center\" width=\"50%\">\n<p align=\"right\"><span style=\"font-size: medium;\"><strong> <span style=\"color: #808080; font-family: Arial; font-size: small;\"> Lic. Mar\u00eda Fernanda Ipata &#8211; Directora<br \/>\n<\/span> <\/strong><\/span> <span style=\"font-size: xx-small;\"><span style=\"color: #ff0000;\"><br \/>\nDirecto<\/span><b>: <\/b> 0230<\/span><span style=\"font-size: xx-small;\">-4664772<\/span><span style=\"font-size: xx-small;\"><br \/>\n<\/span><span style=\"font-size: xx-small;\"> <span style=\"color: #ff0000;\">M\u00f3vil:<\/span><b> <\/b> 0230<\/span><span style=\"font-size: xx-small;\">-15-4584535<br \/>\n011-15-6096-4656 ID 558*3763<br \/>\n<\/span><span style=\"color: #ff0000; font-size: xx-small;\"> Skype:<\/span><span style=\"font-size: xx-small;\"> quasarcomunicacion<br \/>\n<\/span><span style=\"color: #ff0000; font-size: xx-small;\"> Twitter:<\/span><span style=\"font-size: xx-small;\"> @quasarpilar<br \/>\n<\/span><span style=\"color: #ff0000; font-size: xx-small;\"> Gr<\/span><span style=\"color: #ff0000; font-size: xx-small;\">upo y p\u00e1gina en Facebook: <\/span> <span style=\"color: #808080; font-size: xx-small;\">www.facebook.com\/<\/span><a href=\"mailto:mfipata@gmail.com\"><span style=\"font-size: xx-small;\">Quasar<\/span><\/a><span style=\"font-size: xx-small;\">Comunicacion<br \/>\n<\/span><span style=\"font-size: xx-small;\"> <span style=\"color: #ff0000;\">LinkedIn<\/span><b>:\u00a0 <\/b><\/span> <span style=\"font-size: xx-small;\"><b> <a href=\"http:\/\/www.linkedin.com\/in\/mfipata\"> http:\/\/www.linkedin.com\/in\/mfipata<\/a><\/b><\/span><span style=\"font-size: xx-small;\"><br \/>\n<\/span><span style=\"color: #ff0000; font-size: xx-small;\"> Web:<\/span><b><\/b> <a href=\"http:\/\/www.quasarcomunicacion.com.ar\/\"> <span style=\"font-size: xx-small;\">www.quasarcomunicacion.com.ar<\/span><\/a><span style=\"font-size: xx-small;\"><br \/>\n<\/span><span style=\"font-size: xx-small;\"> <span style=\"color: #ff0000;\">Mail<\/span><b>:<\/b><\/span><span style=\"font-size: xx-small;\"><a href=\"mailto:fernanda@quasarcomunicacion.com.ar\"> fernanda@quasarcomunicacion.com.ar<\/a><\/span><\/p>\n<\/td>\n<\/tr>\n<\/tbody>\n<\/table>\n<\/div>\n","protected":false},"excerpt":{"rendered":"<p>\u00a0Con la \u00faltima charla del ciclo, este jueves 21 de septiembre, en Wid\u00fa Networking Space (Parque Austral, Km 50 de [&hellip;]<\/p>\n","protected":false},"author":2,"featured_media":7892,"comment_status":"open","ping_status":"open","sticky":false,"template":"","format":"standard","meta":[],"categories":[2],"tags":[],"_links":{"self":[{"href":"https:\/\/quasarcomunicacion.com.ar\/web\/wp-json\/wp\/v2\/posts\/7901"}],"collection":[{"href":"https:\/\/quasarcomunicacion.com.ar\/web\/wp-json\/wp\/v2\/posts"}],"about":[{"href":"https:\/\/quasarcomunicacion.com.ar\/web\/wp-json\/wp\/v2\/types\/post"}],"author":[{"embeddable":true,"href":"https:\/\/quasarcomunicacion.com.ar\/web\/wp-json\/wp\/v2\/users\/2"}],"replies":[{"embeddable":true,"href":"https:\/\/quasarcomunicacion.com.ar\/web\/wp-json\/wp\/v2\/comments?post=7901"}],"version-history":[{"count":0,"href":"https:\/\/quasarcomunicacion.com.ar\/web\/wp-json\/wp\/v2\/posts\/7901\/revisions"}],"wp:featuredmedia":[{"embeddable":true,"href":"https:\/\/quasarcomunicacion.com.ar\/web\/wp-json\/wp\/v2\/media\/7892"}],"wp:attachment":[{"href":"https:\/\/quasarcomunicacion.com.ar\/web\/wp-json\/wp\/v2\/media?parent=7901"}],"wp:term":[{"taxonomy":"category","embeddable":true,"href":"https:\/\/quasarcomunicacion.com.ar\/web\/wp-json\/wp\/v2\/categories?post=7901"},{"taxonomy":"post_tag","embeddable":true,"href":"https:\/\/quasarcomunicacion.com.ar\/web\/wp-json\/wp\/v2\/tags?post=7901"}],"curies":[{"name":"wp","href":"https:\/\/api.w.org\/{rel}","templated":true}]}}