{"id":79,"date":"2012-03-07T13:50:33","date_gmt":"2012-03-07T13:50:33","guid":{"rendered":"http:\/\/quasarcomunicacion.wordpress.com\/?p=79"},"modified":"2012-03-07T13:50:33","modified_gmt":"2012-03-07T13:50:33","slug":"revista-vivienda-las-tendencias-de-estilo-pilar-2012","status":"publish","type":"post","link":"https:\/\/quasarcomunicacion.com.ar\/web\/revista-vivienda-las-tendencias-de-estilo-pilar-2012\/","title":{"rendered":"Revista Vivienda: Las tendencias de Estilo Pilar 2012"},"content":{"rendered":"<div>\n<p><strong><img loading=\"lazy\" title=\"estilopilar\" src=\"http:\/\/www.revistavivienda.com.ar\/wp-content\/uploads\/estilopilar5.jpg\" alt=\"\" width=\"266\" height=\"191\" \/><\/strong><\/p>\n<p><strong>Este a\u00f1o la feria contar\u00e1 con 25 departamentos decorados, 11 espacios de arte y 4 lugares para showrooms. La idea es ambientar departamentos iguales con historias diferentes. <\/strong>Cada due\u00f1o trasmite el \u201calma\u201d de su casa inspirada en un personaje o las personas que la habitan. Los mismos espacios con diferentes historias<strong> bajo la consigna de \u201cCasas con Alma\u201d.<!--more--><\/strong>En esta edici\u00f3n especial de Estilo Pilar 2012 <strong>\u201cSimplemente Urbano\u201d, el paisajismo acompa\u00f1ar\u00e1 al estilo Urbano predominante permitiendo un intercambio entre el ecosistema natural y lo construido. Se podr\u00e1n visualizar algunos proyectos y espacios verdes en convivencia con la vida urbana.<\/strong><\/p>\n<p>En el avance de tendencias realizado en Espacio Pilar, algunos de los expositores presentaron los principales conceptos que llevar\u00e1n a Estilo Pilar 2012.<\/p>\n<p><strong>Con referencia a las tendencias, los muebles, las texturas, los colores, al mobiliario, de modo imperceptible se le incorpora la \u00faltima tecnolog\u00eda para proteger y destacar sus m\u00e1s preciadas obras, facilit\u00e1ndole su conexi\u00f3n con el exterior y as\u00ed sorprender a sus invitados.<\/strong><\/p>\n<p>El uso de los materiales nobles, madera en su estado natural, cuero patinado, metal forjado, lino, yute, generan un lenguaje de calidad y tradici\u00f3n, que tambi\u00e9n hacen honor a la nobleza del oficio.<\/p>\n<h3>Estilo Pilar en Cifras<\/h3>\n<p>\u2022 25 millones de d\u00f3lares de inversi\u00f3n en el desarrollo del emprendimiento \u201cCivis en Tortugas Norte\u201d.<br \/>\n\u2022 4000 m2 de puro interiorismo.<br \/>\n\u2022 25 departamentos decorados.<br \/>\n\u2022 11 espacios de arte.<br \/>\n\u2022 4 lugares para showrooms.<br \/>\n\u2022 5 propuestas gastron\u00f3micas diferentes.<br \/>\n\u2022 10 \u00e1reas destinadas al paisajismo.<br \/>\n\u2022 40 espacios en el Paseo de Compras.<br \/>\n\u2022 4 espacios de Garden Walk.<\/p>\n<p><em><strong>Estilo Pilar fue concebida para ayudar al desarrollo y el mantenimiento de los Consultorios Odontol\u00f3gicos Pedi\u00e1tricos gratuitos de Amigos del Pilar (ADP). Todo lo recaudado en la muestra se destina a esta entidad que desde su inauguraci\u00f3n, en el a\u00f1o 2004, ha realizado 79.669 prestaciones a 43.636 ni\u00f1os de bajos recursos de la zona.<\/strong><\/em><\/p>\n<p>Para agendar:<strong><br \/>\nLugar y Fecha \u201dCIVIS en Tortugas Norte\u201d<br \/>\nDesde el 29 de marzo al 22 de abril de 2012.<\/strong><br \/>\nCalle Santa Rosa 1407 (altura Panamericana km38) Ramal Pilar<br \/>\nBuenos Aires<\/p>\n<p>Horarios de Apertura:<strong><br \/>\nMi\u00e9rcoles, jueves domingos y feriados de 11 a 19 Hs.<br \/>\nViernes, s\u00e1bados y v\u00edsperas de feriado de 11 a 20 Hs.<br \/>\nLunes y martes: Cerrado <\/strong><\/p>\n<p>Entradas\/Tickets<br \/>\n$35 Valor entrada general<br \/>\n$30 Valor entrada con descuento (jubilados y grupos de Mass de 10 personas)<br \/>\n20% de descuento socios Club La Naci\u00f3n de mi\u00e9rcoles a domingo<br \/>\nGratis menores de 12 a\u00f1os<\/p>\n<p>ESTILO PILAR (<a href=\"http:\/\/www.estilopilar.com.ar\/\" target=\"_blank\" rel=\"noopener noreferrer\">www.estilopilar.com.ar<\/a>)<br \/>\nInformes: (02322) 427 960\/435132<br \/>\n<a href=\"mailto:info@amigosdelpilar.org.ar\">info@amigosdelpilar.org.ar<\/a><\/p>\n<\/div>\n","protected":false},"excerpt":{"rendered":"<p>Este a\u00f1o la feria contar\u00e1 con 25 departamentos decorados, 11 espacios de arte y 4 lugares para showrooms. La idea [&hellip;]<\/p>\n","protected":false},"author":2,"featured_media":0,"comment_status":"open","ping_status":"open","sticky":false,"template":"","format":"standard","meta":[],"categories":[42],"tags":[],"_links":{"self":[{"href":"https:\/\/quasarcomunicacion.com.ar\/web\/wp-json\/wp\/v2\/posts\/79"}],"collection":[{"href":"https:\/\/quasarcomunicacion.com.ar\/web\/wp-json\/wp\/v2\/posts"}],"about":[{"href":"https:\/\/quasarcomunicacion.com.ar\/web\/wp-json\/wp\/v2\/types\/post"}],"author":[{"embeddable":true,"href":"https:\/\/quasarcomunicacion.com.ar\/web\/wp-json\/wp\/v2\/users\/2"}],"replies":[{"embeddable":true,"href":"https:\/\/quasarcomunicacion.com.ar\/web\/wp-json\/wp\/v2\/comments?post=79"}],"version-history":[{"count":0,"href":"https:\/\/quasarcomunicacion.com.ar\/web\/wp-json\/wp\/v2\/posts\/79\/revisions"}],"wp:attachment":[{"href":"https:\/\/quasarcomunicacion.com.ar\/web\/wp-json\/wp\/v2\/media?parent=79"}],"wp:term":[{"taxonomy":"category","embeddable":true,"href":"https:\/\/quasarcomunicacion.com.ar\/web\/wp-json\/wp\/v2\/categories?post=79"},{"taxonomy":"post_tag","embeddable":true,"href":"https:\/\/quasarcomunicacion.com.ar\/web\/wp-json\/wp\/v2\/tags?post=79"}],"curies":[{"name":"wp","href":"https:\/\/api.w.org\/{rel}","templated":true}]}}