{"id":7893,"date":"2017-09-12T18:38:57","date_gmt":"2017-09-12T21:38:57","guid":{"rendered":"https:\/\/quasarcomunicacion.com.ar\/web\/?p=7893"},"modified":"2017-09-12T18:38:57","modified_gmt":"2017-09-12T21:38:57","slug":"se-celebrara-en-pilar-el-dia-nacional-del-joven-empresario","status":"publish","type":"post","link":"https:\/\/quasarcomunicacion.com.ar\/web\/se-celebrara-en-pilar-el-dia-nacional-del-joven-empresario\/","title":{"rendered":"Se celebrar\u00e1 en Pilar el D\u00eda Nacional del Joven Empresario"},"content":{"rendered":"<p style=\"text-align: left;\" align=\"center\"><span style=\"font-family: Verdana; font-size: small;\">\u00a0Por segunda vez en el distrito se celebrar\u00e1 en Pilar el <\/span><b style=\"font-family: Verdana; font-size: small;\">D\u00eda Nacional del Joven Empresario<\/b><span style=\"font-family: Verdana; font-size: small;\">. Esta vez el encuentro se realizar\u00e1 en la <\/span><b style=\"font-family: Verdana; font-size: small;\">Cervecer\u00eda Artesanal Quiquia en La F\u00e1brica<\/b><span style=\"font-family: Verdana; font-size: small;\"> (Juan Bautista Ambrosetti 633, Bo La Esmeralda, altura Km 50 Pilar) el mi\u00e9rcoles 20 de septiembre de 19 a 21 hs.<!--more--><\/span><\/p>\n<p>\u00a0<span style=\"font-family: Verdana; font-size: small;\">Quienes deseen sumarse podr\u00e1n adquirir su entrada en <a href=\"http:\/\/emprenderhoy.com.ar\/producto\/individual-2\"> http:\/\/emprenderhoy.com.ar\/producto\/individual-2<\/a> . El valor de la entrada anticipada es de $ 150 e incluye pizza, cerveza, espacio de networking, sorteos y regalos.<\/span><\/p>\n<p><a href=\"https:\/\/quasarcomunicacion.com.ar\/web\/wp-content\/uploads\/2017\/09\/diajoven.gif\"><img class=\"aligncenter\" alt=\"diajoven\" src=\"https:\/\/quasarcomunicacion.com.ar\/web\/wp-content\/uploads\/2017\/09\/diajoven.gif\" \/><\/a><\/p>\n<p><span style=\"font-family: Verdana; font-size: small;\">La primera vez que se celebr\u00f3 esta fecha en Pilar fue en 2014, ahora, nuevamente por iniciativa de <b>Emprender Hoy y Pilar Emprende<\/b> se vuelve a recordar ese d\u00eda. En esta oportunidad se realizar\u00e1 un reconocimiento a 20 j\u00f3venes empresarios de la zona, habr\u00e1 espacio de networking y compartir\u00e1n pizzas y cerveza en un entorno distendido. Y tambi\u00e9n se llevar\u00e1n regalos y premios durante los sorteos que se har\u00e1n entre todos los asistentes.<\/span><\/p>\n<p><span style=\"font-family: Verdana; font-size: small;\">La acci\u00f3n que busca fomentar el esp\u00edritu empresarial en los j\u00f3venes, cuenta con el apoyo de Promoci\u00f3n Pilar, Cespym Cursos, Pilar GPS, Qu\u00e1sar Comunicaci\u00f3n, Pilar Hoy Noticias, Net Fem, Agencia Cocom, La Iacona Fotograf\u00eda, entre otros.<\/span><\/p>\n<p><span style=\"font-family: Verdana; font-size: small;\">Cabe recordar que el D\u00eda Nacional del Joven Empresario fue sancionado como tal por el Congreso a trav\u00e9s de la Ley N\u00b0 26.878, impulsada por la Federaci\u00f3n Argentina de J\u00f3venes Empresarios (FEDAJE), rama joven de la Confederaci\u00f3n Argentina de la Mediana Empresa (CAME). Esto ocurri\u00f3 en el a\u00f1o 2013.<\/span><\/p>\n<p><span style=\"font-family: Verdana; font-size: small;\">La ley tiene como objeto reconocer el esfuerzo que realizan muchos emprendedores juveniles en nuestro pa\u00eds. El empresariado juvenil lucha y se esfuerza a diario para llevar adelante su cometido, generando expectativas de progreso y ampliando las fuentes de trabajo de nuestra comunidad. De esta forma, queda clara la importancia de impulsar la acci\u00f3n de j\u00f3venes capacitados en tareas empresariales que expandan todas las fronteras productivas. <\/span><\/p>\n<p><span style=\"font-family: Verdana; font-size: small;\">La elecci\u00f3n del 19 de septiembre como D\u00eda Nacional del Joven Empresario se remonta al 19 de septiembre de 2007 cuando, en el marco del 1\u00ba Encuentro Nacional, reuni\u00f3n sectorial masiva de j\u00f3venes empresarios que deriv\u00f3 en una Asamblea Constitutiva, representantes de todo el pa\u00eds avalaron la conformaci\u00f3n de la FEDAJE, convirti\u00e9ndose en una verdadera red con esp\u00edritu federal para la defensa de los intereses de las nuevas generaciones de empresarios de todo el pa\u00eds.<\/span><\/p>\n<p><span style=\"font-family: Verdana; font-size: small;\">M\u00e1s info en <a href=\"http:\/\/www.emprenderhoy.com.ar\/\"> www.emprenderhoy.com.ar<\/a> <\/span><\/p>\n<p><b><span style=\"font-family: Verdana; font-size: small;\">Acerca de Emprender HOY<\/span><\/b><\/p>\n<p><span style=\"font-family: Verdana; font-size: xx-small;\"><b>Emprender HOY<\/b> es un espacio para todos los emprendedores que se materializa en diversos eventos como ferias, encuentros, capacitaciones, consultor\u00edas, espacios de networking, entre otros. Somos un equipo de profesionales emprendedores que ofrecemos nuestra experiencia y conocimiento para ayudar a otros que est\u00e1n emprendiendo a crecer con sus proyectos.<\/span><\/p>\n<p><span style=\"font-family: Verdana; font-size: xx-small;\">La raz\u00f3n de ser, la misi\u00f3n, de<b> Emprender HOY <\/b>es proporcionar al sector Emprendedor herramientas y conocimientos que le permitan desarrollar su propio emprendimiento e incorporar competencias que deriven en su mejora continua. <\/span><\/p>\n<p><span style=\"font-family: Verdana; font-size: xx-small;\">Buscamos fomentar una cultura colaborativa, el autoempleo y la sustentabilidad de los proyectos contribuyendo a la generaci\u00f3n de valor econ\u00f3mico en la sociedad a trav\u00e9s de la creaci\u00f3n y sostenimiento de un ecosistema emprendedor. <\/span><\/p>\n<p><span style=\"font-family: Verdana; font-size: xx-small;\">Aspiran a ser un canal de comunicaci\u00f3n entre los emprendedores y entre las instituciones y organismos dedicados a ellos<\/span><\/p>\n<p><span style=\"font-family: Verdana; font-size: xx-small;\"><b>Emprender Hoy<\/b>, a trav\u00e9s del proyecto <b>#DESARROLLOEMPRENDEDOR<\/b> desarrolla por tercer a\u00f1o consecutivo un ciclo de actividades gratuitas compuesto por charlas y encuentros de networking.<\/span><\/p>\n<p><span style=\"font-family: Verdana; font-size: xx-small;\">El mismo se desarrolla en la ciudad de Pilar (Bs. As., Argentina) y cuenta con el apoyo de diferentes instituciones, particulares, medios de comunicaci\u00f3n y consultores independientes que comparten su conocimiento de manera desinteresada. <\/span><\/p>\n<p><b><span style=\"font-family: Verdana; font-size: small;\">Acerca de Pilar Emprende by Emprender HOY <\/span><\/b><\/p>\n<p><span style=\"font-family: Verdana; font-size: xx-small;\"><b> Pilar Emprende<\/b> surge a partir del trabajo de <b>Emprender HOY, <\/b> un espacio que busca otorgarle valor a los proyectos de emprendedores de la zona, acompa\u00f1arlos en su puesta en marcha y disfrutar en equipo de los objetivos cumplidos <\/span><\/p>\n<p><span style=\"font-family: Verdana; font-size: xx-small;\">Para cumplir con su misi\u00f3n, brindan herramientas, espacios de networking, capacitaciones, tips, noticias, consultor\u00eda y todo lo que necesita el emprendedor para crecer y conformar un s\u00f3lido ecosistema emprendedor. <\/span><\/p>\n<p><span style=\"font-family: Verdana; font-size: xx-small;\"><b>Pilar Emprende<\/b> es un espacio pensado por emprendedores para los emprendedores de Pilar que junto a <b>Emprender HOY<\/b> le brindan oportunidades para crecer con su proyecto<\/span><\/p>\n<p><span style=\"font-family: Verdana; font-size: xx-small;\">Adem\u00e1s, cuenta desde 2015 con el espacio radial Pilar Emprende Radio que durante 2015 se emite los martes de 15 a 17 hs por Radio X Pilar (FM 100.3 \/ <a href=\"http:\/\/www.radioxpilar.com\/\">www.radioxpilar.com<\/a>.ar) en su segunda temporada.<\/span><\/p>\n<p><span style=\"font-family: Verdana; font-size: xx-small;\"><b> Emprender HOY <\/b>es un espacio para todos los emprendedores que se materializa en diversos eventos como ferias, encuentros, capacitaciones, consultor\u00edas, espacios de networking, entre otros. <\/span><\/p>\n<p><span style=\"font-family: Verdana; font-size: xx-small;\">La raz\u00f3n de ser, la misi\u00f3n, de <b>Emprender HOY <\/b>es proporcionar al sector Emprendedor herramientas y conocimientos que le permitan desarrollar su propio emprendimiento e incorporar competencias que deriven en su mejora continua. <\/span><\/p>\n<p><span style=\"font-family: Verdana; font-size: xx-small;\">Desde la instituci\u00f3n buscan fomentar el autoempleo y la sustentabilidad de los proyectos contribuyendo a la generaci\u00f3n de valor econ\u00f3mico en la sociedad a trav\u00e9s de la creaci\u00f3n y sostenimiento de un ecosistema emprendedor. Aspiran a ser un canal de comunicaci\u00f3n entre los emprendedores y entre las instituciones y organismos dedicados a ellos <\/span><\/p>\n<p><span style=\"font-family: Verdana; font-size: xx-small;\">Tambi\u00e9n cuentan con un grupo de consultores independientes que acercan su saber a los emprendedores, gener\u00e1ndose una comunidad donde la informaci\u00f3n se comparte de forma exponencial y viral <\/span><\/p>\n<p><span style=\"font-size: small;\"><b><i><span style=\"font-family: Arial;\">Por otras im\u00e1genes, audios o entrevistas no dude en contactarse<\/span><\/i><\/b><\/span><\/p>\n<p align=\"center\"><span style=\"font-size: small;\"><b><i> Contactos de Prensa<\/i><\/b><\/span><\/p>\n<div align=\"left\">\n<table width=\"100%\" border=\"1\" cellpadding=\"2\" align=\"left\">\n<tbody>\n<tr>\n<td align=\"center\" width=\"50%\">\n<p align=\"left\"><strong> <span style=\"color: #ff0000; font-family: Arial; font-size: small;\">Mayra Ibarra<\/span><\/strong><span style=\"font-size: medium;\"><strong><span style=\"color: #808080; font-family: Arial; font-size: small;\"> &#8211; Asistente de Cuentas<\/p>\n<p><\/span> <\/strong><\/span> <span style=\"font-size: xx-small;\"><span style=\"color: #ff0000;\"> Directo<\/span><b>: <\/b> 0230<\/span><span style=\"font-size: xx-small;\">-4664772<br \/>\n<\/span><span style=\"color: #ff0000; font-size: xx-small;\"> Skype:<\/span><span style=\"font-size: xx-small;\"> quasarcomunicacion<br \/>\n<\/span><span style=\"color: #ff0000; font-size: xx-small;\"> Twitter:<\/span><span style=\"font-size: xx-small;\"> @quasarpilar<br \/>\n<\/span><span style=\"color: #ff0000; font-size: xx-small;\"> Gr<\/span><span style=\"color: #ff0000; font-size: xx-small;\">upo y p\u00e1gina en Facebook: <\/span> <span style=\"color: #808080; font-size: xx-small;\">www.facebook.com\/<\/span><a href=\"mailto:mfipata@gmail.com\"><span style=\"font-size: xx-small;\">Quasar<\/span><\/a><span style=\"font-size: xx-small;\">Comunicacion<br \/>\n<\/span><span style=\"color: #ff0000; font-size: xx-small;\"> Web:<\/span><b><\/b> <a href=\"http:\/\/www.quasarcomunicacion.com.ar\/\"> <span style=\"font-size: xx-small;\">www.quasarcomunicacion.com.ar<\/span><\/a><\/p>\n<p align=\"left\"><span style=\"font-size: xx-small;\"> <span style=\"color: #ff0000;\">Mail<\/span><b>:<\/b><\/span><span style=\"font-size: xx-small;\"> <a href=\"mailto:fernanda@quasarcomunicacion.com.ar\"> quasar@quasarcomunicacion.com.ar<\/a><\/span><\/p>\n<\/td>\n<td align=\"center\" width=\"50%\">\n<p align=\"right\"><span style=\"font-size: medium;\"><strong> <span style=\"color: #808080; font-family: Arial; font-size: small;\"> Lic. Mar\u00eda Fernanda Ipata &#8211; Directora<br \/>\n<\/span> <\/strong><\/span> <span style=\"font-size: xx-small;\"><span style=\"color: #ff0000;\"><br \/>\nDirecto<\/span><b>: <\/b> 0230<\/span><span style=\"font-size: xx-small;\">-4664772<\/span><span style=\"font-size: xx-small;\"><br \/>\n<\/span><span style=\"font-size: xx-small;\"> <span style=\"color: #ff0000;\">M\u00f3vil:<\/span><b> <\/b> 0230<\/span><span style=\"font-size: xx-small;\">-15-4584535<br \/>\n011-15-6096-4656 ID 558*3763<br \/>\n<\/span><span style=\"color: #ff0000; font-size: xx-small;\"> Skype:<\/span><span style=\"font-size: xx-small;\"> quasarcomunicacion<br \/>\n<\/span><span style=\"color: #ff0000; font-size: xx-small;\"> Twitter:<\/span><span style=\"font-size: xx-small;\"> @quasarpilar<br \/>\n<\/span><span style=\"color: #ff0000; font-size: xx-small;\"> Gr<\/span><span style=\"color: #ff0000; font-size: xx-small;\">upo y p\u00e1gina en Facebook: <\/span> <span style=\"color: #808080; font-size: xx-small;\">www.facebook.com\/<\/span><a href=\"mailto:mfipata@gmail.com\"><span style=\"font-size: xx-small;\">Quasar<\/span><\/a><span style=\"font-size: xx-small;\">Comunicacion<br \/>\n<\/span><span style=\"font-size: xx-small;\"> <span style=\"color: #ff0000;\">LinkedIn<\/span><b>:\u00a0 <\/b><\/span> <span style=\"font-size: xx-small;\"><b> <a href=\"http:\/\/www.linkedin.com\/in\/mfipata\"> http:\/\/www.linkedin.com\/in\/mfipata<\/a><\/b><\/span><span style=\"font-size: xx-small;\"><br \/>\n<\/span><span style=\"color: #ff0000; font-size: xx-small;\"> Web:<\/span><b><\/b> <a href=\"http:\/\/www.quasarcomunicacion.com.ar\/\"> <span style=\"font-size: xx-small;\">www.quasarcomunicacion.com.ar<\/span><\/a><span style=\"font-size: xx-small;\"><br \/>\n<\/span><span style=\"font-size: xx-small;\"> <span style=\"color: #ff0000;\">Mail<\/span><b>:<\/b><\/span><span style=\"font-size: xx-small;\"><a href=\"mailto:fernanda@quasarcomunicacion.com.ar\"> fernanda@quasarcomunicacion.com.ar<\/a><\/span><\/p>\n<\/td>\n<\/tr>\n<\/tbody>\n<\/table>\n<\/div>\n","protected":false},"excerpt":{"rendered":"<p>\u00a0Por segunda vez en el distrito se celebrar\u00e1 en Pilar el D\u00eda Nacional del Joven Empresario. Esta vez el encuentro [&hellip;]<\/p>\n","protected":false},"author":2,"featured_media":7894,"comment_status":"open","ping_status":"open","sticky":false,"template":"","format":"standard","meta":[],"categories":[2],"tags":[],"_links":{"self":[{"href":"https:\/\/quasarcomunicacion.com.ar\/web\/wp-json\/wp\/v2\/posts\/7893"}],"collection":[{"href":"https:\/\/quasarcomunicacion.com.ar\/web\/wp-json\/wp\/v2\/posts"}],"about":[{"href":"https:\/\/quasarcomunicacion.com.ar\/web\/wp-json\/wp\/v2\/types\/post"}],"author":[{"embeddable":true,"href":"https:\/\/quasarcomunicacion.com.ar\/web\/wp-json\/wp\/v2\/users\/2"}],"replies":[{"embeddable":true,"href":"https:\/\/quasarcomunicacion.com.ar\/web\/wp-json\/wp\/v2\/comments?post=7893"}],"version-history":[{"count":0,"href":"https:\/\/quasarcomunicacion.com.ar\/web\/wp-json\/wp\/v2\/posts\/7893\/revisions"}],"wp:featuredmedia":[{"embeddable":true,"href":"https:\/\/quasarcomunicacion.com.ar\/web\/wp-json\/wp\/v2\/media\/7894"}],"wp:attachment":[{"href":"https:\/\/quasarcomunicacion.com.ar\/web\/wp-json\/wp\/v2\/media?parent=7893"}],"wp:term":[{"taxonomy":"category","embeddable":true,"href":"https:\/\/quasarcomunicacion.com.ar\/web\/wp-json\/wp\/v2\/categories?post=7893"},{"taxonomy":"post_tag","embeddable":true,"href":"https:\/\/quasarcomunicacion.com.ar\/web\/wp-json\/wp\/v2\/tags?post=7893"}],"curies":[{"name":"wp","href":"https:\/\/api.w.org\/{rel}","templated":true}]}}