{"id":7888,"date":"2017-09-08T13:38:29","date_gmt":"2017-09-08T16:38:29","guid":{"rendered":"https:\/\/quasarcomunicacion.com.ar\/web\/?p=7888"},"modified":"2017-09-08T13:38:29","modified_gmt":"2017-09-08T16:38:29","slug":"nuevas-herramientas-y-desafios-en-la-15o-de-las-jornadas-de-actualizacion-empresaria","status":"publish","type":"post","link":"https:\/\/quasarcomunicacion.com.ar\/web\/nuevas-herramientas-y-desafios-en-la-15o-de-las-jornadas-de-actualizacion-empresaria\/","title":{"rendered":"Nuevas Herramientas y Desaf\u00edos en la 15\u00ba de las Jornadas de Actualizaci\u00f3n Empresaria"},"content":{"rendered":"<p style=\"text-align: left;\" align=\"center\"><span style=\"font-family: Verdana; font-size: small;\">Se realizar\u00e1 la d\u00e9cimo quinta edici\u00f3n de las <\/span><b style=\"font-family: Verdana; font-size: small;\">\u201cJornadas de Actualizaci\u00f3n Empresaria\u201d<\/b><span style=\"font-family: Verdana; font-size: small;\">, organizadas por el<\/span><b style=\"font-family: Verdana; font-size: small;\"> Centro de Capacitaci\u00f3n y Empresa SA (CCyE)<\/b><span style=\"font-family: Verdana; font-size: small;\">, el pr\u00f3ximo 25 y 26 de septiembre en el Centro de Convenciones de la UCA (Alicia M. de Justo 1680) de 9 a 18 hs. Estas Jornadas est\u00e1n dirigidas a directores de Medianas y Peque\u00f1as Empresas. Es considerado el evento m\u00e1s espec\u00edfico para empresas de servicios, comerciales, industriales o agropecuarias.<!--more--><\/span><\/p>\n<p align=\"left\">\u00a0<span style=\"font-family: Verdana; font-size: small;\">Este a\u00f1o convocar\u00e1 a m\u00e1s de 800 due\u00f1os y directivos de pymes. El evento abordar\u00e1 los siguientes temas: Innovaci\u00f3n en Pymes, Gesti\u00f3n de decisiones, Motivaci\u00f3n en Ventas, Estrategia Comercial, Desarrollo personal del empresario, Inteligencia Emocional, Empresa Familiar y N\u00fameros del Negocio<\/span><\/p>\n<p align=\"left\"><a href=\"https:\/\/quasarcomunicacion.com.ar\/web\/wp-content\/uploads\/2014\/09\/pymes2013.gif\"><img class=\"aligncenter\" alt=\"pymes2013\" src=\"https:\/\/quasarcomunicacion.com.ar\/web\/wp-content\/uploads\/2014\/09\/pymes2013.gif\" \/><\/a><\/p>\n<p><span style=\"font-family: Verdana; font-size: small;\">Las \u201cJornadas de Actualizaci\u00f3n Empresaria\u201d brindan herramientas concretas y nuevos enfoques para que el directivo logre una mayor productividad, motivaci\u00f3n personal y dominio de la organizaci\u00f3n, consolidaci\u00f3n de la rentabilidad, criterios y visi\u00f3n de negocios. <\/span><\/p>\n<p><span style=\"font-family: Verdana; font-size: small;\">Este evento ha reunido a m\u00e1s de 20.000 empresarios y directivos destacados del sector, que encontraron en estas Jornadas, el \u00e1mbito ideal donde capacitarse e integrarse con pares, permitiendo de esta manera generar nuevos negocios y redescubrir su profesi\u00f3n: \u00abla de empresario\u00bb. <\/span><\/p>\n<p><span style=\"font-family: Verdana; font-size: small;\">Este a\u00f1o, contar\u00e1 con la presencia de disertantes de todo el mundo: Jes\u00fas Cochegrus (M\u00e9xico); Ernesto Weissmann (Argentina); M\u00f3nica Mendoza (Espa\u00f1a); Anuor Aguilar (Per\u00fa); Ignacio Fernandez (Chile); Lucas Malaisi (Argentina); Horacio Arredondo (Chile) y Ricardo \u00dabeda (Chile) <\/span><\/p>\n<p><span style=\"font-family: Verdana; font-size: small;\">Los especialistas responder\u00e1n a los siguientes interrogantes: \u00bfEn qu\u00e9 y c\u00f3mo innovar de manera rentable?; \u00bfC\u00f3mo tomar decisiones empresariales efectivas?; \u00bfC\u00f3mo prepararme para una venta?; \u00bfC\u00f3mo generar y multiplicar acciones comerciales efectivas?: \u00bfC\u00f3mo encontrar equilibrio y bienestar entre mi vida personal y empresaria?; \u00bfC\u00f3mo identificar y manejar adecuadamente mis emociones?; \u00bfC\u00f3mo hacer que la familia sea nuestra mayor ventaja?; \u00bfC\u00f3mo medir el resultado del negocio? <\/span><\/p>\n<p><span style=\"font-family: Verdana; font-size: small;\">Para m\u00e1s informaci\u00f3n <a href=\"http:\/\/www.jornadaspymes.com.ar\/\"> www.jornadaspymes.com.ar<\/a> o comun\u00edquese al 0810-888-1010 o (54) 11 4546 8707 <\/span><\/p>\n<p><span style=\"font-family: Verdana; font-size: small;\">Auspician ICBC, American Express y Seguros Sura. <\/span><\/p>\n<p><span style=\"font-family: Verdana; font-size: small;\"><b>Acerca de Centro de Capacitaci\u00f3n y Empresa S.A<\/b><br \/>\nEl Centro de Capacitaci\u00f3n y Empresa S.A organiza desde el a\u00f1o 2003 las \u00abJornadas de Actualizaci\u00f3n Empresaria\u00bb, que ya han convocado a m\u00e1s de 20.000 empresarios. Este evento est\u00e1 coordinado por el consultor y empresario, Jos\u00e9 Mar\u00eda Quir\u00f3s, el mayor exponente en la especialidad de medianas y peque\u00f1as empresas en Latinoam\u00e9rica. Sus actividades de capacitaci\u00f3n se enfocan al desarrollo de la competitividad profesional y directiva de la Empresa Mediana, Peque\u00f1a en crecimiento y Familiar. Para m\u00e1s informaci\u00f3n: (011) 4546-8700 o al 0810-888-1010 o ingrese a www.jornadaspymes.com.ar <\/span><\/p>\n<p><span style=\"font-size: small;\"><b><i><span style=\"font-family: Arial;\">Por otras im\u00e1genes, audios o entrevistas no dude en contactarse<\/span><\/i><\/b><\/span><\/p>\n<p align=\"center\"><span style=\"font-size: small;\"><b><i> Contactos de Prensa<\/i><\/b><\/span><\/p>\n<div align=\"left\">\n<table width=\"100%\" border=\"1\" cellpadding=\"2\" align=\"left\">\n<tbody>\n<tr>\n<td align=\"center\" width=\"50%\">\n<p align=\"left\"><span style=\"font-size: medium;\"><strong><span style=\"color: #808080; font-family: Arial; font-size: small;\"> Mayra Ibarra &#8211; Asistente de Cuentas<\/p>\n<p><\/span> <\/strong><\/span> <span style=\"font-size: xx-small;\"><span style=\"color: #ff0000;\"> Directo<\/span><b>: <\/b> 0230<\/span><span style=\"font-size: xx-small;\">-4664772<br \/>\n<\/span><span style=\"color: #ff0000; font-size: xx-small;\"> Skype:<\/span><span style=\"font-size: xx-small;\"> quasarcomunicacion<br \/>\n<\/span><span style=\"color: #ff0000; font-size: xx-small;\"> Twitter:<\/span><span style=\"font-size: xx-small;\"> @quasarpilar<br \/>\n<\/span><span style=\"color: #ff0000; font-size: xx-small;\"> Gr<\/span><span style=\"color: #ff0000; font-size: xx-small;\">upo y p\u00e1gina en Facebook: <\/span> <span style=\"color: #808080; font-size: xx-small;\">www.facebook.com\/<\/span><a href=\"mailto:mfipata@gmail.com\"><span style=\"font-size: xx-small;\">Quasar<\/span><\/a><span style=\"font-size: xx-small;\">Comunicacion<br \/>\n<\/span><span style=\"color: #ff0000; font-size: xx-small;\"> Web:<\/span><b><\/b> <a href=\"http:\/\/www.quasarcomunicacion.com.ar\/\"> <span style=\"font-size: xx-small;\">www.quasarcomunicacion.com.ar<\/span><\/a><\/p>\n<p align=\"left\"><span style=\"font-size: xx-small;\"> <span style=\"color: #ff0000;\">Mail<\/span><b>:<\/b><\/span><span style=\"font-size: xx-small;\"> <a href=\"mailto:fernanda@quasarcomunicacion.com.ar\"> quasar<\/a><a href=\"mailto:fernanda@quasarcomunicacion.com.ar\">@quasarcomunicacion.com.ar<\/a><\/span><\/p>\n<\/td>\n<td align=\"center\" width=\"50%\">\n<p align=\"right\"><span style=\"font-size: medium;\"><strong> <span style=\"color: #808080; font-family: Arial; font-size: small;\"> Lic. Mar\u00eda Fernanda Ipata &#8211; Directora<br \/>\n<\/span> <\/strong><\/span> <span style=\"font-size: xx-small;\"><span style=\"color: #ff0000;\"><br \/>\nDirecto<\/span><b>: <\/b> 0230<\/span><span style=\"font-size: xx-small;\">-4664772<\/span><span style=\"font-size: xx-small;\"><br \/>\n<\/span><span style=\"font-size: xx-small;\"> <span style=\"color: #ff0000;\">M\u00f3vil:<\/span><b> <\/b> 0230<\/span><span style=\"font-size: xx-small;\">-15-4584535<br \/>\n011-15-6096-4656 ID 558*3763<br \/>\n<\/span><span style=\"color: #ff0000; font-size: xx-small;\"> Skype:<\/span><span style=\"font-size: xx-small;\"> quasarcomunicacion<br \/>\n<\/span><span style=\"color: #ff0000; font-size: xx-small;\"> Twitter:<\/span><span style=\"font-size: xx-small;\"> @quasarpilar<br \/>\n<\/span><span style=\"color: #ff0000; font-size: xx-small;\"> Gr<\/span><span style=\"color: #ff0000; font-size: xx-small;\">upo y p\u00e1gina en Facebook: <\/span> <span style=\"color: #808080; font-size: xx-small;\">www.facebook.com\/<\/span><a href=\"mailto:mfipata@gmail.com\"><span style=\"font-size: xx-small;\">Quasar<\/span><\/a><span style=\"font-size: xx-small;\">Comunicacion<br \/>\n<\/span><span style=\"font-size: xx-small;\"> <span style=\"color: #ff0000;\">LinkedIn<\/span><b>:\u00a0 <\/b><\/span> <span style=\"font-size: xx-small;\"><b> <a href=\"http:\/\/www.linkedin.com\/in\/mfipata\"> http:\/\/www.linkedin.com\/in\/mfipata<\/a><\/b><\/span><span style=\"font-size: xx-small;\"><br \/>\n<\/span><span style=\"color: #ff0000; font-size: xx-small;\"> Web:<\/span><b><\/b> <a href=\"http:\/\/www.quasarcomunicacion.com.ar\/\"> <span style=\"font-size: xx-small;\">www.quasarcomunicacion.com.ar<\/span><\/a><span style=\"font-size: xx-small;\"><br \/>\n<\/span><span style=\"font-size: xx-small;\"> <span style=\"color: #ff0000;\">Mail<\/span><b>:<\/b><\/span><span style=\"font-size: xx-small;\"><a href=\"mailto:fernanda@quasarcomunicacion.com.ar\"> fernanda@quasarcomunicacion.com.ar<\/a><\/span><\/p>\n<\/td>\n<\/tr>\n<\/tbody>\n<\/table>\n<\/div>\n","protected":false},"excerpt":{"rendered":"<p>Se realizar\u00e1 la d\u00e9cimo quinta edici\u00f3n de las \u201cJornadas de Actualizaci\u00f3n Empresaria\u201d, organizadas por el Centro de Capacitaci\u00f3n y Empresa [&hellip;]<\/p>\n","protected":false},"author":2,"featured_media":6359,"comment_status":"open","ping_status":"open","sticky":false,"template":"","format":"standard","meta":[],"categories":[2],"tags":[],"_links":{"self":[{"href":"https:\/\/quasarcomunicacion.com.ar\/web\/wp-json\/wp\/v2\/posts\/7888"}],"collection":[{"href":"https:\/\/quasarcomunicacion.com.ar\/web\/wp-json\/wp\/v2\/posts"}],"about":[{"href":"https:\/\/quasarcomunicacion.com.ar\/web\/wp-json\/wp\/v2\/types\/post"}],"author":[{"embeddable":true,"href":"https:\/\/quasarcomunicacion.com.ar\/web\/wp-json\/wp\/v2\/users\/2"}],"replies":[{"embeddable":true,"href":"https:\/\/quasarcomunicacion.com.ar\/web\/wp-json\/wp\/v2\/comments?post=7888"}],"version-history":[{"count":0,"href":"https:\/\/quasarcomunicacion.com.ar\/web\/wp-json\/wp\/v2\/posts\/7888\/revisions"}],"wp:featuredmedia":[{"embeddable":true,"href":"https:\/\/quasarcomunicacion.com.ar\/web\/wp-json\/wp\/v2\/media\/6359"}],"wp:attachment":[{"href":"https:\/\/quasarcomunicacion.com.ar\/web\/wp-json\/wp\/v2\/media?parent=7888"}],"wp:term":[{"taxonomy":"category","embeddable":true,"href":"https:\/\/quasarcomunicacion.com.ar\/web\/wp-json\/wp\/v2\/categories?post=7888"},{"taxonomy":"post_tag","embeddable":true,"href":"https:\/\/quasarcomunicacion.com.ar\/web\/wp-json\/wp\/v2\/tags?post=7888"}],"curies":[{"name":"wp","href":"https:\/\/api.w.org\/{rel}","templated":true}]}}