{"id":7882,"date":"2017-09-05T10:13:43","date_gmt":"2017-09-05T13:13:43","guid":{"rendered":"https:\/\/quasarcomunicacion.com.ar\/web\/?p=7882"},"modified":"2017-09-05T10:13:43","modified_gmt":"2017-09-05T13:13:43","slug":"presentan-arfa-2017-argentina-festival-de-arte-a-realizarse-en-noviembre-en-los-angeles","status":"publish","type":"post","link":"https:\/\/quasarcomunicacion.com.ar\/web\/presentan-arfa-2017-argentina-festival-de-arte-a-realizarse-en-noviembre-en-los-angeles\/","title":{"rendered":"Presentan ARFA 2017, Argentina Festival de Arte, a realizarse en noviembre en Los Angeles"},"content":{"rendered":"<p style=\"text-align: left;\" align=\"center\"><span style=\"font-family: Verdana;\">\u00a0<\/span><span style=\"font-size: small;\">Del 4 al 25 de Noviembre del corriente a\u00f1o se llevar\u00e1 a cabo la primera edici\u00f3n de <b>ARFA 2017, ARGENTINA FESTIVAL DE ARTE<\/b>, en la Ciudad de Pomona, Los \u00c1ngeles.<!--more--><\/span><\/p>\n<p align=\"center\"><a href=\"https:\/\/quasarcomunicacion.com.ar\/web\/wp-content\/uploads\/2017\/09\/arfa.gif\"><img class=\"aligncenter\" alt=\"arfa\" src=\"https:\/\/quasarcomunicacion.com.ar\/web\/wp-content\/uploads\/2017\/09\/arfa.gif\" \/><\/a><\/p>\n<p><span style=\"font-family: Verdana; font-size: small;\">De esta manera, durante Noviembre la Ciudad de Pomona, Los \u00c1ngeles, podr\u00e1 apreciar 20 d\u00edas de Arte Argentino. Un despliegue de producciones de obras, propuestas y experiencias \u00fanicas en el LATINO ART MUESEUM de Pomona, primer Colonia de Arte de California.<\/span><\/p>\n<p><span style=\"font-family: Verdana; font-size: small;\"><b>ARFA 2017<\/b> va a ser un festival abarcativo, para disfrutar en familia y que ofrece lo mejor del arte argentino a trav\u00e9s de pinturas, esculturas, fotograf\u00eda, arte digital, producciones audiovisuales e instalaciones. El mismo se gesta con el prop\u00f3sito de llevar al mundo el arte, la cultura y la idiosincrasia argentina. <\/span><\/p>\n<p><span style=\"font-family: Verdana; font-size: small;\">Marcela Temes, directora ejecutiva y mentora de <b>ARFA 2017,<\/b> indica que<b> <\/b> \u201cestoy segura que este ser\u00e1 un encuentro generador de nuevos espacios para la creaci\u00f3n de nuevos horizontes perceptuales, de pensamiento y reflexi\u00f3n del arte argentino en el Mundo\u201d. A la vez que agreg\u00f3, \u00abel mercado del arte argentino est\u00e1 a\u00fan muy atr\u00e1s con respecto a otros pa\u00edses latinoamericanos y no condice con la realidad cultural y de producci\u00f3n que estamos viviendo por esta raz\u00f3n decid\u00ed salir \u201cque salgamos\u201d y podamos mostrarnos con fuerza\u00bb.<\/span><\/p>\n<p><span style=\"font-family: Verdana; font-size: small;\">Adem\u00e1s dentro del marco de <b> ARFA 2017, <\/b>Marcela Temes dictar\u00e1 un workshop de mercado del arte para los artistas participantes e invitados del LAM (Latino Art Museum) y se realizaran diferentes visitas por la Ciudad de Los \u00c1ngeles para analizar el mercado.<\/span><\/p>\n<p><span style=\"font-family: Verdana; font-size: small;\"><b>Artistas que participan:<\/b><\/span><\/p>\n<p><span style=\"font-family: Verdana; font-size: small;\">Ana Smith ( Pinturas y esculturas \u2013 Buenos Aires) , Andrea Guedella ( Arte Digital) , Carlos Conti y Diana Randazzo de Galer\u00eda Picasso ( Pinturas \u2013 Santa Fe) ; Cristina Galache ( Pinturas \u2013 Buenos Aires) ; Florencia Fontaine ( Pinturas \u2013 Buenos Aires) , Gerardo Manzanares( Fotograf\u00eda \u2013 Buenos Aires) , Gerardo Quintana( Cer\u00e1micas \u2013 C\u00f3rdoba) , Gladis Pereyra ( Pinturas \u2013 Tierra del Fuego) Kika Gonz\u00e1lez Feu ( Collage e Instalaci\u00f3n \u2013 La Pampa) , Lucila Cummins ( Fotograf\u00eda y Arte audiovisual \u2013 Buenos Aires ) , Marcelo Bertolini (Dibujo \u2013 Buenos Aires) , Mariano Kovalsky ( Pinturas \u2013 Buenos Aires) , Patricia Aizcorbe ( Arte Mixto \u2013 Buenos Aires) , Paula Gim\u00e9nez (Pintura- Buenos Aires), Yanina Di Martino.(Pintura- Arte Mixto \u2013 Buenos Aires) <\/span><\/p>\n<p><span style=\"font-family: Verdana; font-size: small;\"><b>Nuestra Motivaci\u00f3n <\/b> <\/span><\/p>\n<p><span style=\"font-family: Verdana; font-size: small;\">Nuestra propuesta es acercar el arte argentino a diferentes Ciudades Culturales, dentro de un contexto que sea capaz de darle soporte al artista y su obra. Es decir, que no s\u00f3lo el artista argentino participe en ferias y exposiciones internacionales, sino que podamos darle apoyo dentro de un Festival Argentino, preparado para mostrar su arte al mundo. <\/span><\/p>\n<p><span style=\"font-family: Verdana; font-size: small;\"><b>Nuestro Objetivo <\/b> <\/span><\/p>\n<p><span style=\"font-family: Verdana; font-size: small;\">Sabemos, el patrimonio cultural de un pa\u00eds est\u00e1 puesto en marcha por la acci\u00f3n de sus artistas y su inclusi\u00f3n en el Mercado de Arte, que hoy en d\u00eda contin\u00faa en curva ascendente. Sin embargo, el gran reto para Argentina, es sumar a un mayor n\u00famero de part\u00edcipes dado que la tasa de penetraci\u00f3n todav\u00eda sigue siendo baja en relaci\u00f3n de otros pa\u00edses de la regi\u00f3n.<\/span><\/p>\n<p><b><span style=\"font-family: Verdana; font-size: small;\">Sobre Marcela Temes<\/span><\/b><\/p>\n<p><a href=\"https:\/\/quasarcomunicacion.com.ar\/web\/wp-content\/uploads\/2017\/09\/temes.gif\"><img class=\"aligncenter\" alt=\"temes\" src=\"https:\/\/quasarcomunicacion.com.ar\/web\/wp-content\/uploads\/2017\/09\/temes.gif\" \/><\/a><\/p>\n<p><span style=\"font-family: Verdana; font-size: small;\">Marcela Temes, directora y mentora de <b>ARFA<\/b>, ha montado en Argentina, m\u00e1s de 50 muestras en los \u00faltimos 5 a\u00f1os.<\/span><\/p>\n<p><span style=\"font-family: Verdana; font-size: small;\">En el a\u00f1o 2015 realiz\u00f3, con mucho \u00e9xito el festival PAMPA MIA en el LAM con m\u00e1s de 10 artistas. La gran aceptaci\u00f3n del Arte y dise\u00f1o argentino en el MUSEO DE ARTE LATINO, la impulsaron a trabajar en este proyecto ambicioso de llevar la bandera argentina a Pomona, Los \u00c1ngeles.<\/span><\/p>\n<p><span style=\"font-family: Verdana; font-size: small;\">Su experiencia como coach, y agente, la ha llevado a realizar acciones concretas para introducir a los artistas en el mercado del arte internacional.<\/span><\/p>\n<p><span style=\"font-family: Verdana; font-size: small;\">Licenciada en Psicolog\u00eda, Periodista, Dise\u00f1adora y escritora, Marcela busca expandir y comunicar los valores de la cultura del arte en las ciudades culturales m\u00e1s destacadas del mundo. Mostrando la riqueza intangible, que atesora nuestro pa\u00eds, a trav\u00e9s del arte y sus artistas.<\/span><\/p>\n<p><span style=\"font-family: Verdana; font-size: small;\">De esta manera y junto a un equipo de curadores ,expertos y el apoyo de la artista argentina Graciela Horne Nardi, directora de LAM, es que se gesta a partir del 4 de noviembre y hasta el 25 del mismo mes, el ARGENTINA FESTIVAL DE ARTE en el LATINO ART MUSEUM DE POMONA, LOS ANGELES<\/span><\/p>\n<p><b>Sobre Latino Art Museum <\/b><\/p>\n<p><span style=\"font-family: Verdana; font-size: small;\">El Museo de Arte Latino, fundado por la artista argentina Graciela Horne Nardi, es una organizaci\u00f3n sin fines de lucro que fund\u00f3 el museo en 2001, con un doble prop\u00f3sito: El prop\u00f3sito principal es introducir, promover y animar a los artistas latinoamericanos que viven, trabajan y crean arte en los Estados Unidos, y act\u00faa como un centro cultural socialmente integrado que ofrece una amplia gama de programas de arte, educaci\u00f3n y cultura. El museo es el resultado de la visi\u00f3n y los continuos esfuerzos apasionados de m\u00ed, director ejecutivo y fundador.<\/span><\/p>\n<p><span style=\"font-family: Verdana; font-size: small;\">El Museo de Arte Latino tiene que expandirse y con su apoyo el impacto a corto plazo del museo de recibir apoyo ser\u00e1 capaz de expandir inmediatamente su gama de clases de ni\u00f1os y adultos, especialmente durante la tarde y despu\u00e9s de la escuela.<\/span><\/p>\n<p><span style=\"font-family: Verdana; font-size: small;\">El museo atrae a los participantes a exposiciones, clases, programaci\u00f3n educativa de una mezcla \u00e9tnica y geogr\u00e1fica m\u00e1s diversa de las comunidades que habita la Ciudad de Los \u00c1ngeles.<\/span><\/p>\n<p><b><span style=\"font-family: Verdana; font-size: small;\">Sobre Pomona \u201cfirst art Colony County California\u201d <\/span><\/b><\/p>\n<p><span style=\"font-family: Verdana; font-size: small;\">La ciudad fue fundada en 1888. Situada en el condado de Los \u00c1ngeles en el Estado estadounidense de California.<\/span><\/p>\n<p><span style=\"font-family: Verdana; font-size: small;\">Cada mes en el segundo s\u00e1bado, el Paseo del Arte aporta grandes multitudes a Downtown Pomona durante lo que son tradicionalmente la inauguraci\u00f3n recepciones para m\u00e1s de tres docenas de galer\u00edas, la mayor\u00eda de las cuales est\u00e1n abiertas desde 6-9 pm. <\/span><\/p>\n<p><span style=\"font-family: Verdana; font-size: small;\">Las calles est\u00e1n llenas de amantes de la cocina de arte, que, adem\u00e1s de experimentar lo que las galer\u00edas tienen que ofrecer, puede leer una selecci\u00f3n de artistas callejeros y vendedores.<\/span><\/p>\n<p><span style=\"font-family: Verdana; font-size: small;\">Por m\u00e1s de 20 a\u00f1os, el centro de Pomona ha sido el hogar de una escena art\u00edstica vibrante que incluye tanto la corriente principal y las artes independientes, con artistas residentes que ocupan espacios \/ trabajo vivo en nuestros edificios hist\u00f3ricos donde anfitri\u00f3n corte exposiciones de vanguardia y concursos de poes\u00eda energ\u00e9ticos.<\/span><\/p>\n<p><span style=\"font-family: Verdana; font-size: small;\">Hoy en d\u00eda, la expansi\u00f3n de Pomona Paseo del Arte es un testimonio vivo de la herencia Pomona establecida hace muchos a\u00f1os y su continuo compromiso para forjar una poderosa colaboraci\u00f3n entre artistas y comunidad. <\/span><\/p>\n<p><span style=\"font-family: Verdana; font-size: small;\">Hoy, Pomona is the first art Colony County California.<\/span><\/p>\n<p align=\"center\"><span style=\"font-family: Verdana; font-size: small;\"> <a href=\"http:\/\/www.festivaldearte.com\/\">www.festivaldearte.com<\/a> <\/span><\/p>\n<p align=\"center\"><span style=\"font-size: small;\"><b><i> Contactos de Prensa<\/i><\/b><\/span><\/p>\n<div align=\"left\">\n<table width=\"100%\" border=\"1\" cellpadding=\"2\" align=\"left\">\n<tbody>\n<tr>\n<td align=\"center\" width=\"50%\">\n<p align=\"left\"><strong> <span style=\"color: #ff0000; font-family: Arial; font-size: small;\">Mayra Ibarra<\/span><\/strong><span style=\"font-size: medium;\"><strong><span style=\"color: #808080; font-family: Arial; font-size: small;\"> &#8211; Asistente de Cuentas<\/span><\/strong><\/span><\/p>\n<p><span style=\"font-size: xx-small;\"><span style=\"color: #ff0000;\"> Directo<\/span><b>: <\/b> 0230<\/span><span style=\"font-size: xx-small;\">-4664772<br \/>\n<\/span><span style=\"color: #ff0000; font-size: xx-small;\"> Skype:<\/span><span style=\"font-size: xx-small;\"> quasarcomunicacion<br \/>\n<\/span><span style=\"color: #ff0000; font-size: xx-small;\"> Twitter:<\/span><span style=\"font-size: xx-small;\"> @quasarpilar<br \/>\n<\/span><span style=\"color: #ff0000; font-size: xx-small;\"> Gr<\/span><span style=\"color: #ff0000; font-size: xx-small;\">upo y p\u00e1gina en Facebook: <\/span> <span style=\"color: #808080; font-size: xx-small;\">www.facebook.com\/<\/span><a href=\"mailto:mfipata@gmail.com\"><span style=\"font-size: xx-small;\">Quasar<\/span><\/a><span style=\"font-size: xx-small;\">Comunicacion<br \/>\n<\/span><span style=\"color: #ff0000; font-size: xx-small;\"> Web:<\/span><b><\/b> <a href=\"http:\/\/www.quasarcomunicacion.com.ar\/\"> <span style=\"font-size: xx-small;\">www.quasarcomunicacion.com.ar<\/span><\/a><\/p>\n<p align=\"left\"><span style=\"font-size: xx-small;\"> <span style=\"color: #ff0000;\">Mail<\/span><b>:<\/b><\/span><span style=\"font-size: xx-small;\"> <a href=\"mailto:fernanda@quasarcomunicacion.com.ar\"> quasar@quasarcomunicacion.com.ar<\/a><\/span><\/p>\n<\/td>\n<td align=\"center\" width=\"50%\">\n<p align=\"right\"><span style=\"font-size: medium;\"><strong> <span style=\"color: #808080; font-family: Arial; font-size: small;\"> Lic. Mar\u00eda Fernanda Ipata &#8211; Directora<br \/>\n<\/span> <\/strong><\/span> <span style=\"font-size: xx-small;\"><span style=\"color: #ff0000;\"><br \/>\nDirecto<\/span><b>: <\/b> 0230<\/span><span style=\"font-size: xx-small;\">-4664772<\/span><span style=\"font-size: xx-small;\"><br \/>\n<\/span><span style=\"font-size: xx-small;\"> <span style=\"color: #ff0000;\">M\u00f3vil:<\/span><b> <\/b> 0230<\/span><span style=\"font-size: xx-small;\">-15-4584535<br \/>\n011-15-6096-4656 ID 558*3763<br \/>\n<\/span><span style=\"color: #ff0000; font-size: xx-small;\"> Skype:<\/span><span style=\"font-size: xx-small;\"> quasarcomunicacion<br \/>\n<\/span><span style=\"color: #ff0000; font-size: xx-small;\"> Twitter:<\/span><span style=\"font-size: xx-small;\"> @quasarpilar<br \/>\n<\/span><span style=\"color: #ff0000; font-size: xx-small;\"> Gr<\/span><span style=\"color: #ff0000; font-size: xx-small;\">upo y p\u00e1gina en Facebook: <\/span> <span style=\"color: #808080; font-size: xx-small;\">www.facebook.com\/<\/span><a href=\"mailto:mfipata@gmail.com\"><span style=\"font-size: xx-small;\">Quasar<\/span><\/a><span style=\"font-size: xx-small;\">Comunicacion<br \/>\n<\/span><span style=\"font-size: xx-small;\"> <span style=\"color: #ff0000;\">LinkedIn<\/span><b>:\u00a0 <\/b><\/span> <span style=\"font-size: xx-small;\"><b> <a href=\"http:\/\/www.linkedin.com\/in\/mfipata\"> http:\/\/www.linkedin.com\/in\/mfipata<\/a><\/b><\/span><span style=\"font-size: xx-small;\"><br \/>\n<\/span><span style=\"color: #ff0000; font-size: xx-small;\"> Web:<\/span><b><\/b> <a href=\"http:\/\/www.quasarcomunicacion.com.ar\/\"> <span style=\"font-size: xx-small;\">www.quasarcomunicacion.com.ar<\/span><\/a><span style=\"font-size: xx-small;\"><br \/>\n<\/span><span style=\"font-size: xx-small;\"> <span style=\"color: #ff0000;\"> Mail<\/span><b>:<\/b><\/span><span style=\"font-size: xx-small;\"><a href=\"mailto:fernanda@quasarcomunicacion.com.ar\"> fernanda@quasarcomunicacion.com.ar<\/a><\/span><\/p>\n<\/td>\n<\/tr>\n<\/tbody>\n<\/table>\n<\/div>\n<hr \/>\n<div align=\"center\"><center><center>&nbsp;<\/p>\n<p>&nbsp;<\/p>\n<p>&nbsp;<\/p>\n<p>&nbsp;<\/p>\n<p><\/center><\/center><\/div>\n","protected":false},"excerpt":{"rendered":"<p>\u00a0Del 4 al 25 de Noviembre del corriente a\u00f1o se llevar\u00e1 a cabo la primera edici\u00f3n de ARFA 2017, ARGENTINA [&hellip;]<\/p>\n","protected":false},"author":2,"featured_media":7880,"comment_status":"open","ping_status":"open","sticky":false,"template":"","format":"standard","meta":[],"categories":[2],"tags":[],"_links":{"self":[{"href":"https:\/\/quasarcomunicacion.com.ar\/web\/wp-json\/wp\/v2\/posts\/7882"}],"collection":[{"href":"https:\/\/quasarcomunicacion.com.ar\/web\/wp-json\/wp\/v2\/posts"}],"about":[{"href":"https:\/\/quasarcomunicacion.com.ar\/web\/wp-json\/wp\/v2\/types\/post"}],"author":[{"embeddable":true,"href":"https:\/\/quasarcomunicacion.com.ar\/web\/wp-json\/wp\/v2\/users\/2"}],"replies":[{"embeddable":true,"href":"https:\/\/quasarcomunicacion.com.ar\/web\/wp-json\/wp\/v2\/comments?post=7882"}],"version-history":[{"count":0,"href":"https:\/\/quasarcomunicacion.com.ar\/web\/wp-json\/wp\/v2\/posts\/7882\/revisions"}],"wp:featuredmedia":[{"embeddable":true,"href":"https:\/\/quasarcomunicacion.com.ar\/web\/wp-json\/wp\/v2\/media\/7880"}],"wp:attachment":[{"href":"https:\/\/quasarcomunicacion.com.ar\/web\/wp-json\/wp\/v2\/media?parent=7882"}],"wp:term":[{"taxonomy":"category","embeddable":true,"href":"https:\/\/quasarcomunicacion.com.ar\/web\/wp-json\/wp\/v2\/categories?post=7882"},{"taxonomy":"post_tag","embeddable":true,"href":"https:\/\/quasarcomunicacion.com.ar\/web\/wp-json\/wp\/v2\/tags?post=7882"}],"curies":[{"name":"wp","href":"https:\/\/api.w.org\/{rel}","templated":true}]}}