{"id":7876,"date":"2017-08-29T12:56:03","date_gmt":"2017-08-29T15:56:03","guid":{"rendered":"https:\/\/quasarcomunicacion.com.ar\/web\/?p=7876"},"modified":"2017-08-29T12:56:03","modified_gmt":"2017-08-29T15:56:03","slug":"el-polo-educativo-realizo-el-segundo-encuentro-coral-del-ano-en-el-auditorio-de-la-usal","status":"publish","type":"post","link":"https:\/\/quasarcomunicacion.com.ar\/web\/el-polo-educativo-realizo-el-segundo-encuentro-coral-del-ano-en-el-auditorio-de-la-usal\/","title":{"rendered":"El Polo Educativo realiz\u00f3 el segundo Encuentro Coral del a\u00f1o en el Auditorio de la USAL"},"content":{"rendered":"<p style=\"text-align: left;\" align=\"center\"><i><\/i><span style=\"font-family: Verdana; font-size: small;\">El pasado mi\u00e9rcoles 23 de agosto se realiz\u00f3 el segundo <b>Encuentro Coral<\/b> del a\u00f1o, por s\u00e9ptimo a\u00f1o consecutivo, organizado por el <b>Polo Educativo Pilar<\/b> en el Auditorio de la Universidad del Salvador.<\/span><\/p>\n<p align=\"left\"><span style=\"font-family: Verdana; font-size: small;\">Esta vez se dieron cita alrededor de 200 alumnos representando a 6 colegios acompa\u00f1ados por sus directores de coro y familiares con un auditorio colmado, como sucede siempre en esta actividad.<\/span>\u00a0<!--more--><\/p>\n<p align=\"left\"><a href=\"https:\/\/quasarcomunicacion.com.ar\/web\/wp-content\/uploads\/2017\/08\/coralagosto.gif\"><img class=\"aligncenter\" alt=\"coralagosto\" src=\"https:\/\/quasarcomunicacion.com.ar\/web\/wp-content\/uploads\/2017\/08\/coralagosto.gif\" \/><\/a><\/p>\n<p align=\"left\"><span style=\"font-family: Verdana; font-size: small;\">Como en ocasiones anteriores la presentaci\u00f3n de cada coro despert\u00f3 enorme entusiasmo en el p\u00fablico que con inocultable emoci\u00f3n y alegr\u00eda festejaron cada interpretaci\u00f3n. Tambi\u00e9n los ni\u00f1os y j\u00f3venes participantes, y sus directores de coro, disfrutaron como todos los presentes cre\u00e1ndose un clima de alta emotividad y alegr\u00eda contagiosa en todo el auditorio durante el transcurso de la actividad. <\/span><\/p>\n<p align=\"left\"><span style=\"font-family: Verdana; font-size: small;\">En junio hab\u00eda tenido lugar el primer encuentro y en esta oportunidad demostraron sus habilidades con la voz los alumnos del Colegio North Hills, San Jorge Loma Verde, Colegio Los Robles, Del Viso Day School, Colegio Norbridge y Northfield School.<\/span><\/p>\n<p align=\"left\"><span style=\"font-family: Verdana; font-size: small;\"> <a href=\"https:\/\/www.facebook.com\/poloeducativo\/\">Ver \u00e1lbum de im\u00e1genes haciendo click aqui y videos en la Fan page del Polo Educativo Pilar.<\/a><br \/>\n<\/span><\/p>\n<p align=\"left\">\n<p align=\"left\"><span style=\"font-family: Verdana; font-size: small;\">Adem\u00e1s, las autoridades del Polo Educativo Pilar aprovecharon la ocasi\u00f3n para homenajear al Prof. Javier Escobar, quien edici\u00f3n tras edici\u00f3n es el presentador de cada velada. <\/span><\/p>\n<p align=\"left\"><span style=\"font-family: Verdana; font-size: small;\">Los alumnos interpretaron los siguientes temas, presentados por el Prof. Javier Escobar<\/span><\/p>\n<p><b><span style=\"font-family: Verdana; font-size: small;\">Colegio North Hills. <\/span><\/b><span style=\"font-family: Verdana; font-size: small;\">Director: Prof. Ricardo Sagastizabal. <\/span><\/p>\n<p><span style=\"font-family: Verdana; font-size: small;\">\u00abSome Nights\u00bb ( JeffBrashker) <\/span><\/p>\n<p><span style=\"font-family: Verdana; font-size: small;\">\u00abLet it be\u00bb ( The Beatles) <\/span><\/p>\n<p><span style=\"font-family: Verdana; font-size: small;\">\u201cMedley Queen\u00bb (Freddy Mercury) <\/span><\/p>\n<p><b><span style=\"font-family: Verdana; font-size: small;\">San Jorge Loma Verde. <\/span><\/b><span style=\"font-family: Verdana; font-size: small;\">Directora: Prof. Mabel Bellini. <\/span><\/p>\n<p><span style=\"font-family: Verdana; font-size: small;\">\u201cI Believe I Can Fly\u201d\u2013 (R. Kelly) <\/span><\/p>\n<p><span style=\"font-family: Verdana; font-size: small;\">\u201cWhole Lotta Love\u201d\u2013( Led Zeppelin) <\/span><\/p>\n<p><span style=\"font-family: Verdana; font-size: small;\">\u201cOlvidate de mi\u201d \u2013 (ManRay)<\/p>\n<p><\/span><b><span style=\"font-family: Verdana; font-size: small;\">Colegio Los Robles . <\/span><\/b><span style=\"font-family: Verdana; font-size: small;\">Directora: Prof. Victoria Clara Ramonda <\/span><\/p>\n<p><span style=\"font-family: Verdana; font-size: small;\">\u201cAll you need is love\u201d. (The Beatles) <\/span><\/p>\n<p><span style=\"font-family: Verdana; font-size: small;\">\u201cSamba le le\u201d (M\u00fasica infantil popular Caribe\u00f1a\/Brasile\u00f1a)<\/p>\n<p>\u201cPuedes Cambiar el Mundo\u201d ( Alejandro Lerner) <\/span><\/p>\n<p><b><span style=\"font-family: Verdana; font-size: small;\">Del Viso Day School. <\/span><\/b><span style=\"font-family: Verdana; font-size: small;\">Director: Prof. Mar\u00eda Eugenia Navarro. <\/span><\/p>\n<p><span style=\"font-family: Verdana; font-size: small;\">\u201cCanon de melod\u00edas tradicionales inglesas\u201d (An\u00f3nimo). <\/span><\/p>\n<p><span style=\"font-family: Verdana; font-size: small;\">\u201cCu\u00e1n lejos voy, Moana\u201d (Manuel Miranda). <\/span><\/p>\n<p><span style=\"font-family: Verdana; font-size: small;\">\u201cMammamia\u201d (Abba). <\/span><\/p>\n<p><b><span style=\"font-family: Verdana; font-size: small;\">Colegio Norbridge. <\/span> <\/b><span style=\"font-family: Verdana; font-size: small;\">Director: Prof. Gustavo P\u00e9rez <\/span><\/p>\n<p><span style=\"font-family: Verdana; font-size: small;\">\u201cSomos la vida\u00bb ( LosArroye\u00f1os) <\/span><\/p>\n<p><span style=\"font-family: Verdana; font-size: small;\">\u00abRoar\u00bb ( Katy Perry) <\/span><\/p>\n<p><span style=\"font-family: Verdana; font-size: small;\">\u00abCanci\u00f3n de la Independencia\u00bb(Gustavo P\u00e9rez y Luis Fonzi) <\/span><\/p>\n<p><b><span style=\"font-family: Verdana; font-size: small;\">Northfield School. <\/span> <\/b><span style=\"font-family: Verdana; font-size: small;\">Directora: Mariela Muchico <\/span><\/p>\n<p><span style=\"font-family: Verdana; font-size: small;\">\u201cBanaha\u201d (cancion africana, autor an\u00f3nimo) <\/span><\/p>\n<p><span style=\"font-family: Verdana; font-size: small;\">\u201cSeize the day\u201d (Alan Menken, Newsies musical)<\/span><\/p>\n<p align=\"left\"><span style=\"font-family: Verdana; font-size: small;\">Para finalizar la actividad, todos los alumnos participantes subieron al escenario para la gran foto final.<\/span><\/p>\n<p><span style=\"font-family: Verdana; font-size: small;\">Para m\u00e1s informaci\u00f3n ingresar a <a href=\"http:\/\/www.poloeducativopilar.org.ar\/\"> www.poloeducativopilar.org.ar<\/a> <\/span><\/p>\n<p align=\"center\"><span style=\"font-size: small;\"><b><i><span style=\"font-family: Arial;\">Por otras im\u00e1genes, audios o entrevistas no dude en contactarse entrevistas no dude en contactarse<\/span><\/i><\/b><\/span><\/p>\n<div align=\"left\">\n<table width=\"100%\" border=\"1\" cellpadding=\"2\" align=\"left\">\n<tbody>\n<tr>\n<td align=\"center\" width=\"50%\">\n<p align=\"left\"><span style=\"font-size: medium;\"><strong><span style=\"color: #808080; font-family: Arial; font-size: small;\"> Mayra Ibarra &#8211; Asistente de Cuentas<\/p>\n<p><\/span> <\/strong><\/span> <span style=\"font-size: xx-small;\"><span style=\"color: #ff0000;\"> Directo<\/span><b>: <\/b> 0230<\/span><span style=\"font-size: xx-small;\">-4664772<br \/>\n<\/span><span style=\"color: #ff0000; font-size: xx-small;\"> Skype:<\/span><span style=\"font-size: xx-small;\"> quasarcomunicacion<br \/>\n<\/span><span style=\"color: #ff0000; font-size: xx-small;\"> Twitter:<\/span><span style=\"font-size: xx-small;\"> @quasarpilar<br \/>\n<\/span><span style=\"color: #ff0000; font-size: xx-small;\"> Gr<\/span><span style=\"color: #ff0000; font-size: xx-small;\">upo y p\u00e1gina en Facebook: <\/span> <span style=\"color: #808080; font-size: xx-small;\">www.facebook.com\/<\/span><a href=\"mailto:mfipata@gmail.com\"><span style=\"font-size: xx-small;\">Quasar<\/span><\/a><span style=\"font-size: xx-small;\">Comunicacion<br \/>\n<\/span><span style=\"color: #ff0000; font-size: xx-small;\"> Web:<\/span><b><\/b> <a href=\"http:\/\/www.quasarcomunicacion.com.ar\/\"> <span style=\"font-size: xx-small;\">www.quasarcomunicacion.com.ar<\/span><\/a><\/p>\n<p align=\"left\"><span style=\"font-size: xx-small;\"> <span style=\"color: #ff0000;\">Mail<\/span><b>:<\/b><\/span><span style=\"font-size: xx-small;\"> <a href=\"mailto:fernanda@quasarcomunicacion.com.ar\"> quasar<\/a><a href=\"mailto:fernanda@quasarcomunicacion.com.ar\">@quasarcomunicacion.com.ar<\/a><\/span><\/p>\n<\/td>\n<td align=\"center\" width=\"50%\">\n<p align=\"right\"><span style=\"font-size: medium;\"><strong> <span style=\"color: #808080; font-family: Arial; font-size: small;\"> Lic. Mar\u00eda Fernanda Ipata &#8211; Directora<br \/>\n<\/span> <\/strong><\/span> <span style=\"font-size: xx-small;\"><span style=\"color: #ff0000;\"><br \/>\nDirecto<\/span><b>: <\/b> 0230<\/span><span style=\"font-size: xx-small;\">-4664772<\/span><span style=\"font-size: xx-small;\"><br \/>\n<\/span><span style=\"font-size: xx-small;\"> <span style=\"color: #ff0000;\">M\u00f3vil:<\/span><b> <\/b> 0230<\/span><span style=\"font-size: xx-small;\">-15-4584535<br \/>\n<\/span><span style=\"color: #ff0000; font-size: xx-small;\"> Skype:<\/span><span style=\"font-size: xx-small;\"> quasarcomunicacion<br \/>\n<\/span><span style=\"color: #ff0000; font-size: xx-small;\"> Twitter:<\/span><span style=\"font-size: xx-small;\"> @quasarpilar<br \/>\n<\/span><span style=\"color: #ff0000; font-size: xx-small;\"> Gr<\/span><span style=\"color: #ff0000; font-size: xx-small;\">upo y p\u00e1gina en Facebook: <\/span> <span style=\"color: #808080; font-size: xx-small;\">www.facebook.com\/<\/span><a href=\"mailto:mfipata@gmail.com\"><span style=\"font-size: xx-small;\">Quasar<\/span><\/a><span style=\"font-size: xx-small;\">Comunicacion<br \/>\n<\/span><span style=\"font-size: xx-small;\"> <span style=\"color: #ff0000;\">LinkedIn<\/span><b>:\u00a0 <\/b><\/span> <span style=\"font-size: xx-small;\"><b> <a href=\"http:\/\/www.linkedin.com\/in\/mfipata\"> http:\/\/www.linkedin.com\/in\/mfipata<\/a><\/b><\/span><span style=\"font-size: xx-small;\"><br \/>\n<\/span><span style=\"color: #ff0000; font-size: xx-small;\"> Web:<\/span><b><\/b> <a href=\"http:\/\/www.quasarcomunicacion.com.ar\/\"> <span style=\"font-size: xx-small;\">www.quasarcomunicacion.com.ar<\/span><\/a><span style=\"font-size: xx-small;\"><br \/>\n<\/span><span style=\"font-size: xx-small;\"> <span style=\"color: #ff0000;\">Mail<\/span><b>:<\/b><\/span><span style=\"font-size: xx-small;\"><a href=\"mailto:fernanda@quasarcomunicacion.com.ar\"> fernanda@quasarcomunicacion.com.ar<\/a><\/span><\/p>\n<\/td>\n<\/tr>\n<\/tbody>\n<\/table>\n<\/div>\n<p align=\"right\">\n<hr \/>\n<p align=\"left\">\u00a0<b><span style=\"color: #ff0000; font-family: Verdana; font-size: small;\">Acerca del Polo Educativo Pilar<\/span><\/b><\/p>\n<p align=\"left\">El\u00a0<b>Polo Educativo Pilar\u00a0<\/b>es una asociaci\u00f3n civil sin fines de lucro que fue fundada en el a\u00f1o 2002, que re\u00fane a instituciones educativas del Partido de Pilar y tiene como objetivo principal el promover y desarrollar la educaci\u00f3n, p\u00fablica y privada, en todo el distrito.<\/p>\n<p>La asociaci\u00f3n nace a partir de 1999 cuando los directivos de los j\u00f3venes colegios privados de Pilar, junto con los que llevaban m\u00e1s a\u00f1os en la ciudad, comienzan a reunirse para considerar sus problem\u00e1ticas comunes. Este hecho, in\u00e9dito en la educaci\u00f3n privada en la Argentina, alcanza un alto grado de sinergia cuando los Colegios deciden trazar un plan para convertir al Partido de Pilar en una localidad que sea conocida por su alto nivel educativo, tanto en las instituciones privadas como en las p\u00fablicas. Con esa idea, un grupo original de 14 Colegios de distintos niveles, funda el\u00a0<b>Polo Educativo Pilar<\/b>.<\/p>\n<p>Cabe destacar que entidad obtuvo su personer\u00eda jur\u00eddica en diciembre de 2004 bajo el Nro. 7000\/04 expedido por la Inspecci\u00f3n de Persona jur\u00eddica de la Provincia de Buenos Aires. En el a\u00f1o 2003 es declarada entidad de Bien P\u00fablico por el Municipio de Pilar por Decreto Municipal Nro. 6679\/2003.<\/p>\n","protected":false},"excerpt":{"rendered":"<p>El pasado mi\u00e9rcoles 23 de agosto se realiz\u00f3 el segundo Encuentro Coral del a\u00f1o, por s\u00e9ptimo a\u00f1o consecutivo, organizado por [&hellip;]<\/p>\n","protected":false},"author":2,"featured_media":7871,"comment_status":"open","ping_status":"open","sticky":false,"template":"","format":"standard","meta":[],"categories":[2],"tags":[],"_links":{"self":[{"href":"https:\/\/quasarcomunicacion.com.ar\/web\/wp-json\/wp\/v2\/posts\/7876"}],"collection":[{"href":"https:\/\/quasarcomunicacion.com.ar\/web\/wp-json\/wp\/v2\/posts"}],"about":[{"href":"https:\/\/quasarcomunicacion.com.ar\/web\/wp-json\/wp\/v2\/types\/post"}],"author":[{"embeddable":true,"href":"https:\/\/quasarcomunicacion.com.ar\/web\/wp-json\/wp\/v2\/users\/2"}],"replies":[{"embeddable":true,"href":"https:\/\/quasarcomunicacion.com.ar\/web\/wp-json\/wp\/v2\/comments?post=7876"}],"version-history":[{"count":0,"href":"https:\/\/quasarcomunicacion.com.ar\/web\/wp-json\/wp\/v2\/posts\/7876\/revisions"}],"wp:featuredmedia":[{"embeddable":true,"href":"https:\/\/quasarcomunicacion.com.ar\/web\/wp-json\/wp\/v2\/media\/7871"}],"wp:attachment":[{"href":"https:\/\/quasarcomunicacion.com.ar\/web\/wp-json\/wp\/v2\/media?parent=7876"}],"wp:term":[{"taxonomy":"category","embeddable":true,"href":"https:\/\/quasarcomunicacion.com.ar\/web\/wp-json\/wp\/v2\/categories?post=7876"},{"taxonomy":"post_tag","embeddable":true,"href":"https:\/\/quasarcomunicacion.com.ar\/web\/wp-json\/wp\/v2\/tags?post=7876"}],"curies":[{"name":"wp","href":"https:\/\/api.w.org\/{rel}","templated":true}]}}