{"id":785,"date":"2012-09-10T16:56:16","date_gmt":"2012-09-10T16:56:16","guid":{"rendered":"http:\/\/quasarcomunicacion.wordpress.com\/?p=785"},"modified":"2012-09-10T16:56:16","modified_gmt":"2012-09-10T16:56:16","slug":"dia-del-maestro-en-pilar-point","status":"publish","type":"post","link":"https:\/\/quasarcomunicacion.com.ar\/web\/dia-del-maestro-en-pilar-point\/","title":{"rendered":"D\u00eda del Maestro en Pilar Point"},"content":{"rendered":"<p style=\"text-align:left;\" align=\"center\"><span style=\"font-size:small;\">\u00a0<\/span><span style=\"font-size:small;\"><strong>Pilar Point<\/strong>\u00a0una vez m\u00e1s se suma a los festejos de los docentes en su d\u00eda, esta vez, como parte de las celebraciones del D\u00eda del Maestro se realizar\u00e1 un divertido Festival Musical el viernes 14 de septiembre en el Patio de Comidas del paseo comercial ubicado en ruta 8 esquina Ituzaing\u00f3.<!--more--><\/span><\/p>\n<p><img loading=\"lazy\" src=\"http:\/\/www.quasarcomunicacion.com.ar\/pilarpoint\/2012\/docentes.gif\" alt=\"\" width=\"500\" height=\"254\" \/><br \/>\n<span style=\"font-size:small;\">A partir de las 20:30hs, con entrada libre y gratuita, habr\u00e1 shows musicales, presentaci\u00f3n de artistas y baile. Adem\u00e1s, podr\u00e1n disfrutar de las promociones de los locales gastron\u00f3micos.<\/span><br \/>\n<span style=\"font-size:small;\">La celebraci\u00f3n est\u00e1 auspiciada por Horizonte sin Fronteras, el programa emitido por Telered y conducido por H\u00e9ctor Mosqueira.<\/span><br \/>\n<span style=\"font-size:small;\"><strong>Pilar Point<\/strong>\u00a0cuenta con estacionamiento, seguridad, wi fi y todos los servicios de un centro comercial<\/span><br \/>\n<span style=\"font-size:small;\">Segu\u00ed a\u00a0<strong>Pilar Point<\/strong>\u00a0en\u00a0<a href=\"http:\/\/www.facebook.com\/pilarpoint\">www.facebook.com\/pilarpoint<\/a><\/span><br \/>\n<strong>Servicios y ubicaci\u00f3n privilegiada<\/strong><br \/>\n<img loading=\"lazy\" src=\"http:\/\/www.quasarcomunicacion.com.ar\/pilarpoint\/2012\/fachadaeco.gif\" alt=\"\" width=\"500\" height=\"342\" \/><br \/>\n<strong>Pilar Point\u00a0<\/strong>se inaugur\u00f3 en Diciembre 2009 y ya est\u00e1 consolidado como el shopping del centro de Pilar.<br \/>\nEl centro comercial ofrece en forma permanente propuestas abiertas para la comunidad como clases de tanto, folklore, ajedrez, bailoterapia, espect\u00e1culos musicales, muestras art\u00edsticas, concursos, cine gratuito para ni\u00f1os y adultos, entre otras opciones.<br \/>\nAdem\u00e1s, cuenta con locales comerciales, oficinas, y la posibilidad de alquilar estudios en forma temporaria por hora o m\u00f3dulo.<br \/>\n<strong>Pilar Point<\/strong>\u00a0posee estacionamiento sin cargo, RapiPago y WiFi.<br \/>\n<strong>Pilar Point\u00a0<\/strong>cuenta con cinco plantas para 45 locales comerciales que ofrecen una variada gama de productos y servicios y 3000 m<sup>2\u00a0<\/sup>de Oficinas &amp; Estudios desde 30 m<sup>2<\/sup>\u00a0en venta y alquiler. Adem\u00e1s cocheras para 200 veh\u00edculos.<br \/>\nEl emplazamiento del desarrollo es una ubicaci\u00f3n estrat\u00e9gica y \u00fanica en la zona de Pilar, sobre Estanislao L\u00f3pez (ex Ruta 8), esquina Ituzaing\u00f3 y en la misma manzana que el edificio de Bomberos, la Fiscal\u00eda, la Comisar\u00eda central de Pilar.<br \/>\nTambi\u00e9n, su acceso desde Panamericana es directo, entrando por el Puente Champagnat, y luego la calle Rivadavia (300 mts), facilitando la llegada desde el Parque Industrial o de cualquiera de los Barrios Privados o Countries de la zona; o por Ruta 25, tambi\u00e9n llamada Tratado del Pilar permitiendo el acceso desde Escobar y desde zona oeste.<\/p>\n","protected":false},"excerpt":{"rendered":"<p>\u00a0Pilar Point\u00a0una vez m\u00e1s se suma a los festejos de los docentes en su d\u00eda, esta vez, como parte de [&hellip;]<\/p>\n","protected":false},"author":2,"featured_media":0,"comment_status":"open","ping_status":"open","sticky":false,"template":"","format":"standard","meta":[],"categories":[2],"tags":[],"_links":{"self":[{"href":"https:\/\/quasarcomunicacion.com.ar\/web\/wp-json\/wp\/v2\/posts\/785"}],"collection":[{"href":"https:\/\/quasarcomunicacion.com.ar\/web\/wp-json\/wp\/v2\/posts"}],"about":[{"href":"https:\/\/quasarcomunicacion.com.ar\/web\/wp-json\/wp\/v2\/types\/post"}],"author":[{"embeddable":true,"href":"https:\/\/quasarcomunicacion.com.ar\/web\/wp-json\/wp\/v2\/users\/2"}],"replies":[{"embeddable":true,"href":"https:\/\/quasarcomunicacion.com.ar\/web\/wp-json\/wp\/v2\/comments?post=785"}],"version-history":[{"count":0,"href":"https:\/\/quasarcomunicacion.com.ar\/web\/wp-json\/wp\/v2\/posts\/785\/revisions"}],"wp:attachment":[{"href":"https:\/\/quasarcomunicacion.com.ar\/web\/wp-json\/wp\/v2\/media?parent=785"}],"wp:term":[{"taxonomy":"category","embeddable":true,"href":"https:\/\/quasarcomunicacion.com.ar\/web\/wp-json\/wp\/v2\/categories?post=785"},{"taxonomy":"post_tag","embeddable":true,"href":"https:\/\/quasarcomunicacion.com.ar\/web\/wp-json\/wp\/v2\/tags?post=785"}],"curies":[{"name":"wp","href":"https:\/\/api.w.org\/{rel}","templated":true}]}}