{"id":7837,"date":"2017-07-26T15:31:38","date_gmt":"2017-07-26T18:31:38","guid":{"rendered":"https:\/\/quasarcomunicacion.com.ar\/web\/?p=7837"},"modified":"2017-07-26T15:31:38","modified_gmt":"2017-07-26T18:31:38","slug":"emprendedores-pilarenses-llegan-con-sus-productos-a-capital-federal","status":"publish","type":"post","link":"https:\/\/quasarcomunicacion.com.ar\/web\/emprendedores-pilarenses-llegan-con-sus-productos-a-capital-federal\/","title":{"rendered":"Emprendedores pilarenses llegan con sus productos a Capital Federal"},"content":{"rendered":"<p style=\"text-align: left;\" align=\"center\"><span style=\"font-family: Verdana; font-size: small;\">Esta semana se firm\u00f3 un Acuerdo Marco de Colaboraci\u00f3n entre <\/span><b style=\"font-family: Verdana; font-size: small;\">Happy Art Na\u00f3n <\/b><span style=\"font-family: Verdana; font-size: small;\">y <\/span><b style=\"font-family: Verdana; font-size: small;\">Pilar Emprende<\/b><span style=\"font-family: Verdana; font-size: small;\"> por el cual se le dar\u00e1 la oportunidad a emprendedores pilarenses de exhibir sus productos para la venta en el espacio de arte al paso de Belgrano R (Av. R\u00f3mulo Na\u00f3n 2189).<!--more--><\/span><strong> <\/strong><\/p>\n<p>\u00a0<span style=\"font-family: Verdana; font-size: small;\"><b>Happy Art Na\u00f3n <\/b>es un emprendimiento de arte al paso que busca expandirse ofreciendo objetos personales, altamente personalizados y \u00fanicos.<\/span><\/p>\n<p><span style=\"font-family: Verdana; font-size: small;\">\u00abBuscamos objetos artesanales que puedan convertirse en un regalo \u00fanico, con otro contenido, que no sea producci\u00f3n en masa sino que tenga ese detalle que lo har\u00e1 inigualable\u00bb, explic\u00f3 Marcela Temes que junto con Martina Milstein son las responsables de esta nueva etapa de <b>Happy Art Na\u00f3n<\/b>.<\/span><\/p>\n<p><a href=\"https:\/\/quasarcomunicacion.com.ar\/web\/wp-content\/uploads\/2017\/07\/happyart.gif\"><img class=\"aligncenter\" alt=\"happyart\" src=\"https:\/\/quasarcomunicacion.com.ar\/web\/wp-content\/uploads\/2017\/07\/happyart.gif\" \/><\/a><\/p>\n<p><span style=\"font-family: Verdana; font-size: small;\">A la vez que agreg\u00f3 \u00abyo recorr\u00ed varias veces la feria para emprendedores que organizaba Pilar Emprende con Pilar de Feria y por eso pens\u00e9 en ellos para esta alianza, ya que en tiempos dif\u00edciles es bueno generar alianzas de este tipo donde todos nos podamos ayudar\u00bb, agreg\u00f3 Temes.<\/span><\/p>\n<p><span style=\"font-family: Verdana; font-size: small;\">De la firma del acuerdo particip\u00f3 Mar\u00eda Fernanda Ipata, responsable de<b> Pilar Emprende<\/b> quien asegur\u00f3 que \u00abnosotros siempre estamos abiertos y es nuestro leit motiv el trabajo colaborativo para poder brindarle m\u00e1s herramientas a los emprendedores de nuestra comunidad. Por eso cuando Marcela nos propuso este proyecto inmediatamente nos pusimos a trabajar porque creemos que es una excelente oportunidad para los emprendedores locales ya que les permitir\u00e1 ampliar su radio de acci\u00f3n y tener m\u00e1s posibilidades de ventas\u00bb.<\/span><\/p>\n<p><a href=\"https:\/\/quasarcomunicacion.com.ar\/web\/wp-content\/uploads\/2017\/07\/happyart1.gif\"><img class=\"aligncenter\" alt=\"happyart1\" src=\"https:\/\/quasarcomunicacion.com.ar\/web\/wp-content\/uploads\/2017\/07\/happyart1.gif\" \/><\/a><\/p>\n<p><span style=\"font-family: Verdana; font-size: small;\">Tambi\u00e9n agreg\u00f3 \u00abes bueno que los emprendedores \u00abusen\u00bb en el buen sentido de la palabra esta alianza para expandirse y para llegar a esos clientes potenciales que seguramente tienen en Capital Federal y que por razones de distancia, no terminan comprando\u00bb. Adem\u00e1s, all\u00ed tomar\u00e1n pedidos de productos personalizados y tendr\u00e1n un amplio cat\u00e1logo on line de cada emprendedor para ampliar las posibilidades de compra de sus productos.<\/span><\/p>\n<p><span style=\"font-family: Verdana; font-size: small;\"><b>Happy Art<\/b> tiene su versi\u00f3n local en el Hotel Howard Johnson donde se enfocan m\u00e1s en la exhibici\u00f3n y venta de obras de artes. En el espacio de arte al paso de Capital Federal exhibir\u00e1n los productos artesanales que estar\u00e1n a la venta a precios super convenientes para aquellos interesados en hacer un regalo \u00fanico.<\/span><\/p>\n<p><span style=\"font-family: Verdana; font-size: small;\">El s\u00e1bado 5 de agosto est\u00e1 previsto el lanzamiento oficial de este nuevo espacio con invitados especiales. En esta primera experiencia y por 60 d\u00edas estar\u00e1n las creaciones de Petra Arte en Accesorios; Leoninas con sus tejidos al crochet; las Carteras Artesanales de Romina Schublin; los tejidos al telar y con otras t\u00e9cnicas de Fiochan y mucho m\u00e1s.<\/span><\/p>\n<p><span style=\"font-family: Verdana; font-size: small;\">Los productos son dados en consignaci\u00f3n por los emprendedores y <b>Happy Art Na\u00f3n <\/b>es el encargado de la selecci\u00f3n y curadur\u00eda de los mismos. Aquellos emprendedores interesados en sumarse a la iniciativa, podr\u00e1n enviar un mail a <a href=\"mailto:contacto@pilaremprende.com.ar\"> contacto@pilaremprende.com.ar<\/a> con fotos ilustrativas de su trabajo.<\/span><\/p>\n<p><b><span style=\"font-family: Verdana; font-size: small;\">Acerca de Emprender HOY<\/span><\/b><\/p>\n<p><b style=\"font-family: Verdana; font-size: xx-small;\">Emprender HOY<\/b><span style=\"font-family: Verdana; font-size: xx-small;\"> es un espacio para todos los emprendedores que se materializa en diversos eventos como ferias, encuentros, capacitaciones, consultor\u00edas, espacios de networking, entre otros. Somos un equipo de profesionales emprendedores que ofrecemos nuestra experiencia y conocimiento para ayudar a otros que est\u00e1n emprendiendo a crecer con sus proyectos.<\/span><\/p>\n<p><span style=\"font-family: Verdana; font-size: xx-small;\">La raz\u00f3n de ser, la misi\u00f3n, de<b> Emprender HOY <\/b>es proporcionar al sector Emprendedor herramientas y conocimientos que le permitan desarrollar su propio emprendimiento e incorporar competencias que deriven en su mejora continua. <\/span><\/p>\n<p><span style=\"font-family: Verdana; font-size: xx-small;\">Buscamos fomentar una cultura colaborativa, el autoempleo y la sustentabilidad de los proyectos contribuyendo a la generaci\u00f3n de valor econ\u00f3mico en la sociedad a trav\u00e9s de la creaci\u00f3n y sostenimiento de un ecosistema emprendedor. <\/span><\/p>\n<p><span style=\"font-family: Verdana; font-size: xx-small;\">Aspiran a ser un canal de comunicaci\u00f3n entre los emprendedores y entre las instituciones y organismos dedicados a ellos<\/span><\/p>\n<p><span style=\"font-family: Verdana; font-size: xx-small;\"><b>Emprender Hoy<\/b>, a trav\u00e9s del proyecto <b>#DESARROLLOEMPRENDEDOR<\/b> desarrolla por tercer a\u00f1o consecutivo un ciclo de actividades gratuitas compuesto por charlas y encuentros de networking.<\/span><\/p>\n<p><span style=\"font-family: Verdana; font-size: xx-small;\">El mismo se desarrolla en la ciudad de Pilar (Bs. As., Argentina) y cuenta con el apoyo de diferentes instituciones, particulares, medios de comunicaci\u00f3n y consultores independientes que comparten su conocimiento de manera desinteresada. <\/span><\/p>\n<p><b><span style=\"font-family: Verdana; font-size: small;\">Acerca de Pilar Emprende by Emprender HOY <\/span><\/b><\/p>\n<p><span style=\"font-family: Verdana; font-size: xx-small;\"><b> Pilar Emprende<\/b> surge a partir del trabajo de <b>Emprender HOY, <\/b> un espacio que busca otorgarle valor a los proyectos de emprendedores de la zona, acompa\u00f1arlos en su puesta en marcha y disfrutar en equipo de los objetivos cumplidos <\/span><\/p>\n<p><span style=\"font-family: Verdana; font-size: xx-small;\">Para cumplir con su misi\u00f3n, brindan herramientas, espacios de networking, capacitaciones, tips, noticias, consultor\u00eda y todo lo que necesita el emprendedor para crecer y conformar un s\u00f3lido ecosistema emprendedor. <\/span><\/p>\n<p><span style=\"font-family: Verdana; font-size: xx-small;\"><b>Pilar Emprende<\/b> es un espacio pensado por emprendedores para los emprendedores de Pilar que junto a <b>Emprender HOY<\/b> le brindan oportunidades para crecer con su proyecto<\/span><\/p>\n<p><span style=\"font-family: Verdana; font-size: xx-small;\">Adem\u00e1s, cuenta desde 2015 con el espacio radial Pilar Emprende Radio que durante 2015 se emite los martes de 15 a 17 hs por Radio X Pilar (FM 100.3 \/ <a href=\"http:\/\/www.radioxpilar.com\/\">www.radioxpilar.com<\/a>.ar) en su segunda temporada.<\/span><\/p>\n<p><span style=\"font-family: Verdana; font-size: xx-small;\"><b> Emprender HOY <\/b>es un espacio para todos los emprendedores que se materializa en diversos eventos como ferias, encuentros, capacitaciones, consultor\u00edas, espacios de networking, entre otros. <\/span><\/p>\n<p><span style=\"font-family: Verdana; font-size: xx-small;\">La raz\u00f3n de ser, la misi\u00f3n, de <b>Emprender HOY <\/b>es proporcionar al sector Emprendedor herramientas y conocimientos que le permitan desarrollar su propio emprendimiento e incorporar competencias que deriven en su mejora continua. <\/span><\/p>\n<p><span style=\"font-family: Verdana; font-size: xx-small;\">Desde la instituci\u00f3n buscan fomentar el autoempleo y la sustentabilidad de los proyectos contribuyendo a la generaci\u00f3n de valor econ\u00f3mico en la sociedad a trav\u00e9s de la creaci\u00f3n y sostenimiento de un ecosistema emprendedor. Aspiran a ser un canal de comunicaci\u00f3n entre los emprendedores y entre las instituciones y organismos dedicados a ellos <\/span><\/p>\n<p><span style=\"font-family: Verdana; font-size: xx-small;\">Tambi\u00e9n cuentan con un grupo de consultores independientes que acercan su saber a los emprendedores, gener\u00e1ndose una comunidad donde la informaci\u00f3n se comparte de forma exponencial y viral <\/span><\/p>\n<p><span style=\"font-size: small;\"><b><i><span style=\"font-family: Arial;\">Por otras im\u00e1genes, audios o entrevistas no dude en contactarse<\/span><\/i><\/b><\/span><\/p>\n<p align=\"center\"><span style=\"font-size: small;\"><b><i> Contactos de Prensa<\/i><\/b><\/span><\/p>\n<div align=\"left\">\n<table width=\"100%\" border=\"1\" cellpadding=\"2\" align=\"left\">\n<tbody>\n<tr>\n<td align=\"center\" width=\"50%\">\n<p align=\"left\"><strong> <span style=\"color: #ff0000; font-family: Arial; font-size: small;\">Mayra Ibarra<\/span><\/strong><span style=\"font-size: medium;\"><strong><span style=\"color: #808080; font-family: Arial; font-size: small;\"> &#8211; Asistente de Cuentas<\/p>\n<p><\/span> <\/strong><\/span> <span style=\"font-size: xx-small;\"><span style=\"color: #ff0000;\"> Directo<\/span><b>: <\/b> 0230<\/span><span style=\"font-size: xx-small;\">-4664772<br \/>\n<\/span><span style=\"color: #ff0000; font-size: xx-small;\"> Skype:<\/span><span style=\"font-size: xx-small;\"> quasarcomunicacion<br \/>\n<\/span><span style=\"color: #ff0000; font-size: xx-small;\"> Twitter:<\/span><span style=\"font-size: xx-small;\"> @quasarpilar<br \/>\n<\/span><span style=\"color: #ff0000; font-size: xx-small;\"> Gr<\/span><span style=\"color: #ff0000; font-size: xx-small;\">upo y p\u00e1gina en Facebook: <\/span> <span style=\"color: #808080; font-size: xx-small;\">www.facebook.com\/<\/span><a href=\"mailto:mfipata@gmail.com\"><span style=\"font-size: xx-small;\">Quasar<\/span><\/a><span style=\"font-size: xx-small;\">Comunicacion<br \/>\n<\/span><span style=\"color: #ff0000; font-size: xx-small;\"> Web:<\/span><b><\/b> <a href=\"http:\/\/www.quasarcomunicacion.com.ar\/\"> <span style=\"font-size: xx-small;\">www.quasarcomunicacion.com.ar<\/span><\/a><\/p>\n<p align=\"left\"><span style=\"font-size: xx-small;\"> <span style=\"color: #ff0000;\">Mail<\/span><b>:<\/b><\/span><span style=\"font-size: xx-small;\"> <a href=\"mailto:fernanda@quasarcomunicacion.com.ar\"> quasar@quasarcomunicacion.com.ar<\/a><\/span><\/p>\n<\/td>\n<td align=\"center\" width=\"50%\">\n<p align=\"right\"><span style=\"font-size: medium;\"><strong> <span style=\"color: #808080; font-family: Arial; font-size: small;\"> Lic. Mar\u00eda Fernanda Ipata &#8211; Directora<br \/>\n<\/span> <\/strong><\/span> <span style=\"font-size: xx-small;\"><span style=\"color: #ff0000;\"><br \/>\nDirecto<\/span><b>: <\/b> 0230<\/span><span style=\"font-size: xx-small;\">-4664772<\/span><span style=\"font-size: xx-small;\"><br \/>\n<\/span><span style=\"font-size: xx-small;\"> <span style=\"color: #ff0000;\">M\u00f3vil:<\/span><b> <\/b> 0230<\/span><span style=\"font-size: xx-small;\">-15-4584535<br \/>\n011-15-6096-4656 ID 558*3763<br \/>\n<\/span><span style=\"color: #ff0000; font-size: xx-small;\"> Skype:<\/span><span style=\"font-size: xx-small;\"> quasarcomunicacion<br \/>\n<\/span><span style=\"color: #ff0000; font-size: xx-small;\"> Twitter:<\/span><span style=\"font-size: xx-small;\"> @quasarpilar<br \/>\n<\/span><span style=\"color: #ff0000; font-size: xx-small;\"> Gr<\/span><span style=\"color: #ff0000; font-size: xx-small;\">upo y p\u00e1gina en Facebook: <\/span> <span style=\"color: #808080; font-size: xx-small;\">www.facebook.com\/<\/span><a href=\"mailto:mfipata@gmail.com\"><span style=\"font-size: xx-small;\">Quasar<\/span><\/a><span style=\"font-size: xx-small;\">Comunicacion<br \/>\n<\/span><span style=\"font-size: xx-small;\"> <span style=\"color: #ff0000;\">LinkedIn<\/span><b>:\u00a0 <\/b><\/span> <span style=\"font-size: xx-small;\"><b> <a href=\"http:\/\/www.linkedin.com\/in\/mfipata\"> http:\/\/www.linkedin.com\/in\/mfipata<\/a><\/b><\/span><span style=\"font-size: xx-small;\"><br \/>\n<\/span><span style=\"color: #ff0000; font-size: xx-small;\"> Web:<\/span><b><\/b> <a href=\"http:\/\/www.quasarcomunicacion.com.ar\/\"> <span style=\"font-size: xx-small;\">www.quasarcomunicacion.com.ar<\/span><\/a><span style=\"font-size: xx-small;\"><br \/>\n<\/span><span style=\"font-size: xx-small;\"> <span style=\"color: #ff0000;\">Mail<\/span><b>:<\/b><\/span><span style=\"font-size: xx-small;\"><a href=\"mailto:fernanda@quasarcomunicacion.com.ar\"> fernanda@quasarcomunicacion.com.ar<\/a><\/span><\/p>\n<\/td>\n<\/tr>\n<\/tbody>\n<\/table>\n<\/div>\n","protected":false},"excerpt":{"rendered":"<p>Esta semana se firm\u00f3 un Acuerdo Marco de Colaboraci\u00f3n entre Happy Art Na\u00f3n y Pilar Emprende por el cual se [&hellip;]<\/p>\n","protected":false},"author":2,"featured_media":7827,"comment_status":"open","ping_status":"open","sticky":false,"template":"","format":"standard","meta":[],"categories":[2],"tags":[],"_links":{"self":[{"href":"https:\/\/quasarcomunicacion.com.ar\/web\/wp-json\/wp\/v2\/posts\/7837"}],"collection":[{"href":"https:\/\/quasarcomunicacion.com.ar\/web\/wp-json\/wp\/v2\/posts"}],"about":[{"href":"https:\/\/quasarcomunicacion.com.ar\/web\/wp-json\/wp\/v2\/types\/post"}],"author":[{"embeddable":true,"href":"https:\/\/quasarcomunicacion.com.ar\/web\/wp-json\/wp\/v2\/users\/2"}],"replies":[{"embeddable":true,"href":"https:\/\/quasarcomunicacion.com.ar\/web\/wp-json\/wp\/v2\/comments?post=7837"}],"version-history":[{"count":0,"href":"https:\/\/quasarcomunicacion.com.ar\/web\/wp-json\/wp\/v2\/posts\/7837\/revisions"}],"wp:featuredmedia":[{"embeddable":true,"href":"https:\/\/quasarcomunicacion.com.ar\/web\/wp-json\/wp\/v2\/media\/7827"}],"wp:attachment":[{"href":"https:\/\/quasarcomunicacion.com.ar\/web\/wp-json\/wp\/v2\/media?parent=7837"}],"wp:term":[{"taxonomy":"category","embeddable":true,"href":"https:\/\/quasarcomunicacion.com.ar\/web\/wp-json\/wp\/v2\/categories?post=7837"},{"taxonomy":"post_tag","embeddable":true,"href":"https:\/\/quasarcomunicacion.com.ar\/web\/wp-json\/wp\/v2\/tags?post=7837"}],"curies":[{"name":"wp","href":"https:\/\/api.w.org\/{rel}","templated":true}]}}