{"id":7830,"date":"2017-07-25T11:23:45","date_gmt":"2017-07-25T14:23:45","guid":{"rendered":"https:\/\/quasarcomunicacion.com.ar\/web\/?p=7830"},"modified":"2017-07-25T11:23:45","modified_gmt":"2017-07-25T14:23:45","slug":"merienda-para-mamas-emprendedoras-en-muniz","status":"publish","type":"post","link":"https:\/\/quasarcomunicacion.com.ar\/web\/merienda-para-mamas-emprendedoras-en-muniz\/","title":{"rendered":"Merienda para Mam\u00e1s Emprendedoras en Mu\u00f1iz"},"content":{"rendered":"<p style=\"text-align: left;\" align=\"center\"><span style=\"font-family: Verdana; font-size: small;\">\u00a0El pr\u00f3ximo jueves 10 de agosto a las 17 hs tendr\u00e1 lugar una <\/span><b style=\"font-family: Verdana; font-size: small;\">Merienda exclusiva para Mam\u00e1s Emprendedoras <\/b><span style=\"font-family: Verdana; font-size: small;\">en Casa Wayra (Gelly y Obes 845, Mu\u00f1iz) organizada por <\/span><b style=\"font-family: Verdana; font-size: small;\">Cespym Cursos<\/b><span style=\"font-family: Verdana; font-size: small;\"> con el apoyo de Emprender Hoy. Requiere inscripci\u00f3n previa. Inscripciones $ 400 o dos a $ 650. Vacantes limitadas. Inscripciones y pagos on line en <\/span><a style=\"font-family: Verdana; font-size: small;\" href=\"http:\/\/bit.ly\/2tbCI1v\"> http:\/\/bit.ly\/2tbCI1v<\/a><span style=\"font-family: Verdana; font-size: small;\"> o pueden coordinar el pago personalmente en las oficinas de Cespym en el centro de San Miguel.<!--more--><\/span><strong> <\/strong><\/p>\n<p>\u00a0<span style=\"font-family: Verdana; font-size: small;\">\u00bfSos mam\u00e1? \u00bfEst\u00e1s emprendiendo? \u00bfTen\u00e9s una idea? \u00bfQuer\u00e9s emprender y no sab\u00e9s por d\u00f3nde empezar? \u00a1Este taller es para vos! Se viene la primera edici\u00f3n de \u00abMamisInmotion &#8211; Mam\u00e1s que hacen-\u00ab.<\/span><\/p>\n<p><span style=\"font-family: Verdana; font-size: small;\">Durante las dos horas se compartir\u00e1 una merienda deliciosa a cargo de Moka Cakes, adem\u00e1s se brindar\u00e1 un taller a cargo de la Lic. Mar\u00eda Fernanda Ipata de Qu\u00e1sar Comunicaci\u00f3n y Emprender Hoy sobre \u00abPrimeros pasos para emprender\u00bb y tambi\u00e9n habr\u00e1 tips para administrar el tiempo a cargo de Lic. Elizabeth Farias de Cespym Cursos.<\/span><\/p>\n<p><span style=\"font-family: Verdana; font-size: small;\">Para finalizar, \u00a1Dos casos de \u00e9xito! Dos mam\u00e1s emprendedoras y exitosas contar\u00e1n su experiencia y demostrar\u00e1n que ser mam\u00e1, emprendedora y exitosa es posible. <\/span><\/p>\n<p><span style=\"font-family: Verdana; font-size: small;\">La actividad destinada a mujeres emprendedoras, profesionales freelance, mam\u00e1s con un oficio que quieren ordenarse, o que tienen una idea y quieren concretarla! Se tratar\u00e1 de\u00a0 un Taller te\u00f3rico-pr\u00e1ctico adaptable a cada idea o emprendimiento<\/span><\/p>\n<p>Acerca de Cespym Cursos<\/p>\n<div><b> Cespym Cursos abre la inscripci\u00f3n<\/b>\u00a0para sus\u00a0<b>cursos a distancia<\/b>\u00a0de 2(dos) y 3 (tres) meses de duraci\u00f3n, destinados a emprendedores y mipymes<\/div>\n<p><span style=\"font-family: Verdana; font-size: xx-small;\">CESPYM es una empresa joven conformada por mujeres profesionales formadas en disciplinas como Administraci\u00f3n de Empresas, RRPP, Sociolog\u00eda, Filosof\u00eda, Coaching empresarial y educaci\u00f3n en entornos virtuales, lo que garantiza un abordaje interdisciplinario de la organizaci\u00f3n. <\/span><\/p>\n<p><span style=\"font-family: Verdana; font-size: xx-small;\">Nuestro objetivo es permitirles a todas aquellas mipymes y emprendedores que lo deseen, realizar una capacitaci\u00f3n din\u00e1mica, de breve duraci\u00f3n y con valores accesibles. Para realizar nuestros cursos solo necesita una computadora con conexi\u00f3n a internet y ganas de capacitarse. <\/span><\/p>\n<p><span style=\"font-family: Verdana; font-size: xx-small;\">CESPYM es Capacitaci\u00f3n para empresas peque\u00f1as y medianas. <\/span><\/p>\n<p><span style=\"font-family: Verdana; font-size: xx-small;\"> <a href=\"http:\/\/www.cespym.com.ar\/\">www.cespym.com.ar<\/a> <\/span><\/p>\n<p>Acerca de Elizabeth Far\u00edas<\/p>\n<p><span style=\"font-family: Verdana; font-size: xx-small;\">Elizabeth Farias es Lic. en Ciencias Sociales y Humanidades, especializada en teor\u00eda social y es administradora de peque\u00f1as y medianas empresas. Cuenta con experiencia en gesti\u00f3n de v\u00ednculos organizacionales, motivaci\u00f3n y desarrollo emprendedor. <\/span><\/p>\n<p><span style=\"font-family: Verdana; font-size: xx-small;\">Ejerci\u00f3 como docente de asignaturas de ciencias sociales en educaci\u00f3n media, y como columnista radial de Radio X Pilar, para el programa Pilar Emprende Radio entre 2015 y 2016. Ha dictado una decena de charlas motivacionales y talleres en el marco de diferentes ciclos de capacitaci\u00f3n. <\/span><\/p>\n<p><span style=\"font-family: Verdana; font-size: xx-small;\">Actualmente cursa un MBA en direcci\u00f3n y en administraci\u00f3n de empresas y es Directora de Cespym Cursos, donde dictan cursos de capacitaci\u00f3n a distancia y actividades presenciales destinadas a emprendedores y pymes desde 2012. <\/span><\/p>\n<p><span style=\"font-family: Verdana; font-size: xx-small;\">En marzo fue oradora de ExpoPyme 2017, con la charla \u00bfQuer\u00e9s un proyecto rentable? \u00a1enfocate en las soluciones! <\/span><\/p>\n<p><span style=\"font-family: Verdana; font-size: xx-small;\">Es miembro del Club de Emprendedores y Empresarios de la Argentina (CEEA), mantiene una alianza estrat\u00e9gica con Emprender Hoy &#8211; Un espacio de los Emprendedores- y participa por segundo a\u00f1os consecutivo del ciclo de charlas para el desarrollo emprendedor. <\/span><\/p>\n<p><b><span style=\"font-family: Verdana; font-size: small;\">Acerca de Emprender HOY<\/span><\/b><\/p>\n<p>&nbsp;<\/p>\n<p><span style=\"font-family: Verdana; font-size: xx-small;\"><b>Emprender HOY<\/b> es un espacio para todos los emprendedores que se materializa en diversos eventos como ferias, encuentros, capacitaciones, consultor\u00edas, espacios de networking, entre otros. Somos un equipo de profesionales emprendedores que ofrecemos nuestra experiencia y conocimiento para ayudar a otros que est\u00e1n emprendiendo a crecer con sus proyectos.<\/span><\/p>\n<p><span style=\"font-family: Verdana; font-size: xx-small;\">La raz\u00f3n de ser, la misi\u00f3n, de<b> Emprender HOY <\/b>es proporcionar al sector Emprendedor herramientas y conocimientos que le permitan desarrollar su propio emprendimiento e incorporar competencias que deriven en su mejora continua. <\/span><\/p>\n<p><span style=\"font-family: Verdana; font-size: xx-small;\">Buscamos fomentar una cultura colaborativa, el autoempleo y la sustentabilidad de los proyectos contribuyendo a la generaci\u00f3n de valor econ\u00f3mico en la sociedad a trav\u00e9s de la creaci\u00f3n y sostenimiento de un ecosistema emprendedor. <\/span><\/p>\n<p><span style=\"font-family: Verdana; font-size: xx-small;\">Aspiran a ser un canal de comunicaci\u00f3n entre los emprendedores y entre las instituciones y organismos dedicados a ellos<\/span><\/p>\n<p><span style=\"font-family: Verdana; font-size: xx-small;\"><b>Emprender Hoy<\/b>, a trav\u00e9s del proyecto <b>#DESARROLLOEMPRENDEDOR<\/b> desarrolla por tercer a\u00f1o consecutivo un ciclo de actividades gratuitas compuesto por charlas y encuentros de networking.<\/span><\/p>\n<p><span style=\"font-family: Verdana; font-size: xx-small;\">El mismo se desarrolla en la ciudad de Pilar (Bs. As., Argentina) y cuenta con el apoyo de diferentes instituciones, particulares, medios de comunicaci\u00f3n y consultores independientes que comparten su conocimiento de manera desinteresada. <\/span><\/p>\n<p><b><span style=\"font-family: Verdana; font-size: small;\">Acerca de Pilar Emprende by Emprender HOY <\/span><\/b><\/p>\n<p><span style=\"font-family: Verdana; font-size: xx-small;\"><b> Pilar Emprende<\/b> surge a partir del trabajo de <b>Emprender HOY, <\/b> un espacio que busca otorgarle valor a los proyectos de emprendedores de la zona, acompa\u00f1arlos en su puesta en marcha y disfrutar en equipo de los objetivos cumplidos <\/span><\/p>\n<p><span style=\"font-family: Verdana; font-size: xx-small;\">Para cumplir con su misi\u00f3n, brindan herramientas, espacios de networking, capacitaciones, tips, noticias, consultor\u00eda y todo lo que necesita el emprendedor para crecer y conformar un s\u00f3lido ecosistema emprendedor. <\/span><\/p>\n<p><span style=\"font-family: Verdana; font-size: xx-small;\"><b>Pilar Emprende<\/b> es un espacio pensado por emprendedores para los emprendedores de Pilar que junto a <b>Emprender HOY<\/b> le brindan oportunidades para crecer con su proyecto<\/span><\/p>\n<p><span style=\"font-family: Verdana; font-size: xx-small;\">Adem\u00e1s, cuenta desde 2015 con el espacio radial Pilar Emprende Radio que durante 2015 se emite los martes de 15 a 17 hs por Radio X Pilar (FM 100.3 \/ <a href=\"http:\/\/www.radioxpilar.com\/\">www.radioxpilar.com<\/a>.ar) en su segunda temporada.<\/span><\/p>\n<p><span style=\"font-family: Verdana; font-size: xx-small;\"><b> Emprender HOY <\/b>es un espacio para todos los emprendedores que se materializa en diversos eventos como ferias, encuentros, capacitaciones, consultor\u00edas, espacios de networking, entre otros. <\/span><\/p>\n<p><span style=\"font-family: Verdana; font-size: xx-small;\">La raz\u00f3n de ser, la misi\u00f3n, de <b>Emprender HOY <\/b>es proporcionar al sector Emprendedor herramientas y conocimientos que le permitan desarrollar su propio emprendimiento e incorporar competencias que deriven en su mejora continua. <\/span><\/p>\n<p><span style=\"font-family: Verdana; font-size: xx-small;\">Desde la instituci\u00f3n buscan fomentar el autoempleo y la sustentabilidad de los proyectos contribuyendo a la generaci\u00f3n de valor econ\u00f3mico en la sociedad a trav\u00e9s de la creaci\u00f3n y sostenimiento de un ecosistema emprendedor. Aspiran a ser un canal de comunicaci\u00f3n entre los emprendedores y entre las instituciones y organismos dedicados a ellos <\/span><\/p>\n<p><span style=\"font-family: Verdana; font-size: xx-small;\">Tambi\u00e9n cuentan con un grupo de consultores independientes que acercan su saber a los emprendedores, gener\u00e1ndose una comunidad donde la informaci\u00f3n se comparte de forma exponencial y viral <\/span><\/p>\n<p><span style=\"font-size: small;\"><b><i><span style=\"font-family: Arial;\">Por otras im\u00e1genes, audios o entrevistas no dude en contactarse<\/span><\/i><\/b><\/span><\/p>\n<p align=\"center\"><span style=\"font-size: small;\"><b><i> Contactos de Prensa<\/i><\/b><\/span><\/p>\n<div align=\"left\">\n<table width=\"100%\" border=\"1\" cellpadding=\"2\" align=\"left\">\n<tbody>\n<tr>\n<td align=\"center\" width=\"50%\">\n<p align=\"left\"><strong> <span style=\"color: #ff0000; font-family: Arial; font-size: small;\">Mayra Ibarra<\/span><\/strong><span style=\"font-size: medium;\"><strong><span style=\"color: #808080; font-family: Arial; font-size: small;\"> &#8211; Asistente de Cuentas<\/p>\n<p><\/span> <\/strong><\/span> <span style=\"font-size: xx-small;\"><span style=\"color: #ff0000;\"> Directo<\/span><b>: <\/b> 0230<\/span><span style=\"font-size: xx-small;\">-4664772<br \/>\n<\/span><span style=\"color: #ff0000; font-size: xx-small;\"> Skype:<\/span><span style=\"font-size: xx-small;\"> quasarcomunicacion<br \/>\n<\/span><span style=\"color: #ff0000; font-size: xx-small;\"> Twitter:<\/span><span style=\"font-size: xx-small;\"> @quasarpilar<br \/>\n<\/span><span style=\"color: #ff0000; font-size: xx-small;\"> Gr<\/span><span style=\"color: #ff0000; font-size: xx-small;\">upo y p\u00e1gina en Facebook: <\/span> <span style=\"color: #808080; font-size: xx-small;\">www.facebook.com\/<\/span><a href=\"mailto:mfipata@gmail.com\"><span style=\"font-size: xx-small;\">Quasar<\/span><\/a><span style=\"font-size: xx-small;\">Comunicacion<br \/>\n<\/span><span style=\"color: #ff0000; font-size: xx-small;\"> Web:<\/span><b><\/b> <a href=\"http:\/\/www.quasarcomunicacion.com.ar\/\"> <span style=\"font-size: xx-small;\">www.quasarcomunicacion.com.ar<\/span><\/a><\/p>\n<p align=\"left\"><span style=\"font-size: xx-small;\"> <span style=\"color: #ff0000;\">Mail<\/span><b>:<\/b><\/span><span style=\"font-size: xx-small;\"> <a href=\"mailto:fernanda@quasarcomunicacion.com.ar\"> quasar@quasarcomunicacion.com.ar<\/a><\/span><\/p>\n<\/td>\n<td align=\"center\" width=\"50%\">\n<p align=\"right\"><span style=\"font-size: medium;\"><strong> <span style=\"color: #808080; font-family: Arial; font-size: small;\"> Lic. Mar\u00eda Fernanda Ipata &#8211; Directora<br \/>\n<\/span> <\/strong><\/span> <span style=\"font-size: xx-small;\"><span style=\"color: #ff0000;\"><br \/>\nDirecto<\/span><b>: <\/b> 0230<\/span><span style=\"font-size: xx-small;\">-4664772<\/span><span style=\"font-size: xx-small;\"><br \/>\n<\/span><span style=\"font-size: xx-small;\"> <span style=\"color: #ff0000;\">M\u00f3vil:<\/span><b> <\/b> 0230<\/span><span style=\"font-size: xx-small;\">-15-4584535<br \/>\n011-15-6096-4656 ID 558*3763<br \/>\n<\/span><span style=\"color: #ff0000; font-size: xx-small;\"> Skype:<\/span><span style=\"font-size: xx-small;\"> quasarcomunicacion<br \/>\n<\/span><span style=\"color: #ff0000; font-size: xx-small;\"> Twitter:<\/span><span style=\"font-size: xx-small;\"> @quasarpilar<br \/>\n<\/span><span style=\"color: #ff0000; font-size: xx-small;\"> Gr<\/span><span style=\"color: #ff0000; font-size: xx-small;\">upo y p\u00e1gina en Facebook: <\/span> <span style=\"color: #808080; font-size: xx-small;\">www.facebook.com\/<\/span><a href=\"mailto:mfipata@gmail.com\"><span style=\"font-size: xx-small;\">Quasar<\/span><\/a><span style=\"font-size: xx-small;\">Comunicacion<br \/>\n<\/span><span style=\"font-size: xx-small;\"> <span style=\"color: #ff0000;\">LinkedIn<\/span><b>:\u00a0 <\/b><\/span> <span style=\"font-size: xx-small;\"><b> <a href=\"http:\/\/www.linkedin.com\/in\/mfipata\"> http:\/\/www.linkedin.com\/in\/mfipata<\/a><\/b><\/span><span style=\"font-size: xx-small;\"><br \/>\n<\/span><span style=\"color: #ff0000; font-size: xx-small;\"> Web:<\/span><b><\/b> <a href=\"http:\/\/www.quasarcomunicacion.com.ar\/\"> <span style=\"font-size: xx-small;\">www.quasarcomunicacion.com.ar<\/span><\/a><span style=\"font-size: xx-small;\"><br \/>\n<\/span><span style=\"font-size: xx-small;\"> <span style=\"color: #ff0000;\">Mail<\/span><b>:<\/b><\/span><span style=\"font-size: xx-small;\"><a href=\"mailto:fernanda@quasarcomunicacion.com.ar\"> fernanda@quasarcomunicacion.com.ar<\/a><\/span><\/p>\n<\/td>\n<\/tr>\n<\/tbody>\n<\/table>\n<\/div>\n","protected":false},"excerpt":{"rendered":"<p>\u00a0El pr\u00f3ximo jueves 10 de agosto a las 17 hs tendr\u00e1 lugar una Merienda exclusiva para Mam\u00e1s Emprendedoras en Casa [&hellip;]<\/p>\n","protected":false},"author":2,"featured_media":7212,"comment_status":"open","ping_status":"open","sticky":false,"template":"","format":"standard","meta":[],"categories":[2],"tags":[],"_links":{"self":[{"href":"https:\/\/quasarcomunicacion.com.ar\/web\/wp-json\/wp\/v2\/posts\/7830"}],"collection":[{"href":"https:\/\/quasarcomunicacion.com.ar\/web\/wp-json\/wp\/v2\/posts"}],"about":[{"href":"https:\/\/quasarcomunicacion.com.ar\/web\/wp-json\/wp\/v2\/types\/post"}],"author":[{"embeddable":true,"href":"https:\/\/quasarcomunicacion.com.ar\/web\/wp-json\/wp\/v2\/users\/2"}],"replies":[{"embeddable":true,"href":"https:\/\/quasarcomunicacion.com.ar\/web\/wp-json\/wp\/v2\/comments?post=7830"}],"version-history":[{"count":0,"href":"https:\/\/quasarcomunicacion.com.ar\/web\/wp-json\/wp\/v2\/posts\/7830\/revisions"}],"wp:featuredmedia":[{"embeddable":true,"href":"https:\/\/quasarcomunicacion.com.ar\/web\/wp-json\/wp\/v2\/media\/7212"}],"wp:attachment":[{"href":"https:\/\/quasarcomunicacion.com.ar\/web\/wp-json\/wp\/v2\/media?parent=7830"}],"wp:term":[{"taxonomy":"category","embeddable":true,"href":"https:\/\/quasarcomunicacion.com.ar\/web\/wp-json\/wp\/v2\/categories?post=7830"},{"taxonomy":"post_tag","embeddable":true,"href":"https:\/\/quasarcomunicacion.com.ar\/web\/wp-json\/wp\/v2\/tags?post=7830"}],"curies":[{"name":"wp","href":"https:\/\/api.w.org\/{rel}","templated":true}]}}