{"id":782,"date":"2012-09-06T21:37:01","date_gmt":"2012-09-06T21:37:01","guid":{"rendered":"http:\/\/quasarcomunicacion.wordpress.com\/?p=782"},"modified":"2012-09-06T21:37:01","modified_gmt":"2012-09-06T21:37:01","slug":"las-secuelas-psicologicos-de-las-victimas-de-catastrofes-naturales","status":"publish","type":"post","link":"https:\/\/quasarcomunicacion.com.ar\/web\/las-secuelas-psicologicos-de-las-victimas-de-catastrofes-naturales\/","title":{"rendered":"Las secuelas psicol\u00f3gicos de las v\u00edctimas de cat\u00e1strofes naturales"},"content":{"rendered":"<p style=\"text-align:left;\" align=\"center\"><em>\u00a0<\/em><span style=\"font-family:Verdana;font-size:small;\">Es de p\u00fablico conocimiento la seguidilla de cat\u00e1strofes naturales que se vienen sucediendo, desde terremotos, tsunamis, inundaciones y dem\u00e1s.\u00a0<!--more--><\/span><\/p>\n<div align=\"center\">\n<table id=\"AutoNumber5\" width=\"90%\" border=\"0\" cellspacing=\"4\" cellpadding=\"4\">\n<tbody>\n<tr>\n<td bgcolor=\"#ECFFF9\" width=\"100%\"><em> <span style=\"font-family:Verdana;font-size:xx-small;\">La licenciada Gabriela Mart\u00ed<\/span><\/em><span style=\"font-family:Verdana;font-size:xx-small;\"><em>nez Castro, directora del CEETA, est\u00e1 disponible para consultas o entrevistas sobre el tema. Comunicarse al 011-4110-0183 \u00f3 011-15-6096-4656 para concretarlas o enviar un mail a <a href=\"mailto:gabriela@quasarcomunicacion.com.ar\"> fernanda@quasarcomunicacion.com.ar <\/a>\u00a0<\/em><\/span><\/td>\n<\/tr>\n<\/tbody>\n<\/table>\n<\/div>\n<p align=\"left\"><img loading=\"lazy\" src=\"http:\/\/www.quasarcomunicacion.com.ar\/ceeta\/lic.gif\" alt=\"\" width=\"300\" height=\"225\" align=\"right\" hspace=\"6\" vspace=\"6\" \/><span style=\"font-family:Verdana;font-size:small;\">Estos hechos, no s\u00f3lo traen aparejado secuelas f\u00edsicas para las v\u00edctimas, sino tambi\u00e9n graves trastornos psicol\u00f3gicos a ra\u00edz de la experiencia traum\u00e1tica vivida. Seg\u00fan un informe del <strong>Centro de Estudios Especializados en Trastornos de Ansiedad (CEETA),<\/strong> con sede en el Partido de Pilar, situaciones fatales como los ocurridos pueden activar en quien lo sufre y lo sobrevive, o en los que lo presenciaron, un Trastorno por Estr\u00e9s Postraum\u00e1tico, uno de los tipos de trastorno de ansiedad m\u00e1s comunes en estos casos.<\/span><\/p>\n<p><span style=\"font-family:Verdana;font-size:small;\">\u201cEste tipo de trastorno surge tras un cuadro traum\u00e1tico, en el cual aparecen s\u00edntomas que siguen a la exposici\u00f3n de un acontecimiento estresante y extremadamente traum\u00e1tico, donde el individuo se ve envuelto en hechos que representan un peligro real para su vida o cualquier otra amenaza para su integridad psicof\u00edsica. Tambi\u00e9n sucede cuando la persona es testigo de un acontecimiento donde se producen muertes, heridos, o existen amenazas para la vida de otras personas\u201d, explica la Psic\u00f3loga Especialista en Trastornos de Ansiedad y directora del <strong>CEETA<\/strong>, Gabriela Mart\u00ednez Castro.<br \/>\nLos s\u00edntomas t\u00edpicos de este cuadro son el temor, la desesperanza y el horror intenso. En el caso de los ni\u00f1os puede haber un comportamiento desestructurado o agitado.<br \/>\n<strong><br \/>\nEl Fen\u00f3meno de la Reexperimentaci\u00f3n<\/strong><br \/>\nMart\u00ednez Castro explica que \u201cluego del trauma, el sujeto puede presentar el fen\u00f3meno de la reexperimentaci\u00f3n, es decir, vuelve a experimentar la situaci\u00f3n traum\u00e1tica, con todos los sentidos, tal como si la estuviera viviendo, no recordando, sino revivi\u00e9ndolo. La persona se comporta como si estuviera en el momento del acontecimiento, cuando en realidad, no lo est\u00e1\u201d.<br \/>\nAdem\u00e1s, quien lo sufre, evita exponerse a est\u00edmulos asociados al episodio. Sufre de embotamiento afectivo, ya no responde afectivamente como sol\u00eda hacerlo, la persona est\u00e1 como anestesiada. Aparece tambi\u00e9n la incapacidad para recordar determinados episodios del trauma; una reducci\u00f3n del inter\u00e9s en las actividades de la vida cotidiana; la sensaci\u00f3n de desapego afectivo frente a los dem\u00e1s; la sensaci\u00f3n de un futuro desolador; dificultades para conciliar o mantener el sue\u00f1o; irritabilidad o ataques de ira; dificultad para concentrarse y para atender y memorizar respuestas y sobresalto emocional (se asustan f\u00e1cilmente).<br \/>\n<strong><br \/>\nEl Tratamiento<\/strong><br \/>\n\u201cLas alteraciones pueden aparecer al mes del episodio traum\u00e1tico, y hasta demorar 6 meses en su aparici\u00f3n. El tratamiento m\u00e1s adecuado puede ser una terapia cognitivo-conductual, por la brevedad y la rapidez en cuanto a la recuperaci\u00f3n\u201d, recomienda Mart\u00ednez Castro <\/span><br \/>\n<span style=\"font-family:Verdana;font-size:small;\">Por \u00faltimo, es necesario tener en cuenta la intensidad, duraci\u00f3n y proximidad a la exposici\u00f3n del acontecimiento traum\u00e1tico, que constituyen los factores m\u00e1s importantes que determinan la probabilidad de padecer dicho trastorno. <\/span><\/p>\n<p align=\"left\">\n<p align=\"left\"><span style=\"font-family:Verdana;font-size:small;\">La directora de <strong>CEETA<\/strong> asegura que \u00abtodos estos trastornos se recuperan con un tratamiento espec\u00edfico de terapia cognitivo-conductual (TCC) y la posible aplicaci\u00f3n de medicaci\u00f3n, en caso de ser necesario\u00bb. <\/span><\/p>\n<p align=\"left\">\n<p align=\"left\"><span style=\"font-family:Verdana;font-size:small;\">El tratamiento es breve, conducido por expertos en la materia, logr\u00e1ndose la recuperaci\u00f3n y el alta del paciente, quien recupera sus actividades habituales, sin sintomatolog\u00eda f\u00edsica ni emocional.<\/span><\/p>\n<div align=\"center\">\n<table id=\"AutoNumber4\" width=\"90%\" border=\"0\" cellspacing=\"4\" cellpadding=\"4\">\n<tbody>\n<tr>\n<td bgcolor=\"#ECFFF9\" width=\"100%\"><em> <span style=\"font-family:Verdana;font-size:xx-small;\">Especialistas del CEETA<\/span><\/em><span style=\"font-family:Verdana;font-size:xx-small;\"><em> est\u00e1n disponible para consultas o entrevistas sobre el tema. Comunicarse al 011-4110-0183 \u00f3 011-15-6096-4656 para concretarlas o enviar un mail a <a href=\"mailto:fernanda@quasarcomunicacion.com.ar\"> fernanda@quasarcomunicacion.com.ar<\/a> <\/em><\/span><\/td>\n<\/tr>\n<\/tbody>\n<\/table>\n<\/div>\n<p><span style=\"font-family:Verdana;font-size:small;\">El <strong>Centro de Estudios Especializados en Trastornos de Ansiedad (CEETA)<\/strong> est\u00e1 ubicado en el Edificio Concord-Sector los Almendros-piso segundo Oficina 202. Km 50 de la ruta Panamericana ramal Pilar. Tel\u00e9fono: 02322-667175 <a href=\"http:\/\/www.ceeta.org\/\"> www.ceeta.org<\/a> En facebook <\/span><a href=\"https:\/\/www.facebook.com\/ceeta.pilar\"> https:\/\/www.facebook.com\/ceeta.pilar<\/a><\/p>\n","protected":false},"excerpt":{"rendered":"<p>\u00a0Es de p\u00fablico conocimiento la seguidilla de cat\u00e1strofes naturales que se vienen sucediendo, desde terremotos, tsunamis, inundaciones y dem\u00e1s.\u00a0<\/p>\n","protected":false},"author":2,"featured_media":0,"comment_status":"open","ping_status":"open","sticky":false,"template":"","format":"standard","meta":[],"categories":[34],"tags":[],"_links":{"self":[{"href":"https:\/\/quasarcomunicacion.com.ar\/web\/wp-json\/wp\/v2\/posts\/782"}],"collection":[{"href":"https:\/\/quasarcomunicacion.com.ar\/web\/wp-json\/wp\/v2\/posts"}],"about":[{"href":"https:\/\/quasarcomunicacion.com.ar\/web\/wp-json\/wp\/v2\/types\/post"}],"author":[{"embeddable":true,"href":"https:\/\/quasarcomunicacion.com.ar\/web\/wp-json\/wp\/v2\/users\/2"}],"replies":[{"embeddable":true,"href":"https:\/\/quasarcomunicacion.com.ar\/web\/wp-json\/wp\/v2\/comments?post=782"}],"version-history":[{"count":0,"href":"https:\/\/quasarcomunicacion.com.ar\/web\/wp-json\/wp\/v2\/posts\/782\/revisions"}],"wp:attachment":[{"href":"https:\/\/quasarcomunicacion.com.ar\/web\/wp-json\/wp\/v2\/media?parent=782"}],"wp:term":[{"taxonomy":"category","embeddable":true,"href":"https:\/\/quasarcomunicacion.com.ar\/web\/wp-json\/wp\/v2\/categories?post=782"},{"taxonomy":"post_tag","embeddable":true,"href":"https:\/\/quasarcomunicacion.com.ar\/web\/wp-json\/wp\/v2\/tags?post=782"}],"curies":[{"name":"wp","href":"https:\/\/api.w.org\/{rel}","templated":true}]}}