{"id":7804,"date":"2017-07-11T12:56:03","date_gmt":"2017-07-11T15:56:03","guid":{"rendered":"https:\/\/quasarcomunicacion.com.ar\/web\/?p=7804"},"modified":"2017-07-11T12:56:03","modified_gmt":"2017-07-11T15:56:03","slug":"charla-gratuita-sobre-cuestiones-legales-a-tener-en-cuenta-al-iniciar-un-emprendimiento","status":"publish","type":"post","link":"https:\/\/quasarcomunicacion.com.ar\/web\/charla-gratuita-sobre-cuestiones-legales-a-tener-en-cuenta-al-iniciar-un-emprendimiento\/","title":{"rendered":"Charla gratuita sobre cuestiones legales a tener en cuenta al iniciar un emprendimiento"},"content":{"rendered":"<p style=\"text-align: left;\" align=\"center\"><span style=\"font-family: Verdana; font-size: small;\">El pr\u00f3ximo jueves 20 de julio a las 10 hs en <\/span><b style=\"font-family: Verdana; font-size: small;\">Wid\u00fa Networking Space<\/b><span style=\"font-family: Verdana; font-size: small;\"> se realizar\u00e1 la cuarta charla gratuita del ciclo para el #desarrolloemprendedor en Pilar. En esta nueva oportunidad, se hablar\u00e1 sobre <\/span><b style=\"font-family: Verdana; font-size: small;\">\u00abKick-off del negocio: cuestiones legales a tener en cuenta para comenzar mi emprendimiento\u00bb <\/b><span style=\"font-family: Verdana; font-size: small;\">a cargo de la Dra. Carla Vaccaro, de SGV Abogados.<\/span><\/p>\n<p><span style=\"font-family: Verdana; font-size: small;\">Vacantes Limitadas sujetas a la disponibilidad del lugar. La entrada a cada capacitaci\u00f3n es libre y gratuita y para participar solo se requiere completar el siguiente formulario online: <a href=\"http:\/\/www.emprenderhoy.com.ar\/desarrolloemprendedor2016.html\"> www.<\/a><a href=\"http:\/\/www.emprenderhoy.com.ar\/desarrolloemprendedor2017.html\">emprenderhoy.com.ar\/desarrolloemprendedor2017.html<\/a>. Informes escribiendo a <a href=\"mailto:info@emprenderhoy.com.ar\"> info@emprenderhoy.com.ar<\/a> o comunic\u00e1ndose v\u00eda whatsapp al 011-15-6742-7635.<!--more--> <\/span><\/p>\n<p><a href=\"https:\/\/quasarcomunicacion.com.ar\/web\/wp-content\/uploads\/2017\/07\/vaccaro1.gif\"><img class=\"aligncenter\" alt=\"vaccaro1\" src=\"https:\/\/quasarcomunicacion.com.ar\/web\/wp-content\/uploads\/2017\/07\/vaccaro1.gif\" \/><\/a><\/p>\n<p><span style=\"font-family: Verdana; font-size: small;\">Estos encuentros que tienen lugar el tercer jueves de cada mes y fueron declarados de Inter\u00e9s Municipal por el Concejo Deliberante de Pilar, se dan en el marco del <b>IV Ciclo de Charlas Gratuitas para el #desarrolloemprendedor en Pilar 2017<\/b> que se lleva a cabo en el auditorio de Wid\u00fa Networking Space. \u00a0El ciclo, que se realiza por cuarto a\u00f1o consecutivo, es organizado por <b>Emprender HOY<\/b> y <b>Pilar Emprende<\/b> con el apoyo de Cespym Cursos.<\/span><\/p>\n<p><span style=\"font-family: Verdana; font-size: small;\">Durante la charla se abordar\u00e1n los siguientes temas: An\u00e1lisis previo; Diferentes estructuras legales; Ventajas y Desventajas de cada estructura; Protecci\u00f3n de la idea; Habilitaciones y Contratos para operar; Planificaci\u00f3n del negocio.<\/span><\/p>\n<p><span style=\"font-family: Verdana; font-size: small;\">La charla se brindar\u00e1 en el auditorio de <b>Wid\u00fa Networking Space<\/b>. Coordenadas del lugar del evento: auditorio de Wid\u00fa Networking Space en Parque Austral (Km 50 de ru<\/span>ta 8, frente a Easy Pilar) -34.450343, -58.866505, Edificio M3 2\u00ba piso<\/p>\n<p>Como cada a\u00f1o desde 2014, el ciclo es organizado por <b> Emprender HOY<\/b> y <b>Pilar Emprende<\/b>, este a\u00f1o se suma el Club de Emprendedores y Empresarios de la Argentina. En esta ocasi\u00f3n apoyan la iniciativa Tienda Nube, Linchpin Consultora Ingenier\u00eda + Capital Humano, Cespym Cursos; Provincia MicroEmpresas; PC Outlet; Remises F\u00e1tima; Estudioam dise\u00f1o grafico y comunicaci\u00f3n visual, Promoci\u00f3n Pilar, Diario El Term\u00f3metro, el programa radial Se hace camino al andar, Diario Resumen, PILAR GPS &#8211; Gu\u00eda de Productos y Servicios; Pilar Hoy Noticias; Radio X Pilar Fm 100.3 Mhz; Soy Emprendedora, Mujeres Atrayendo Riqueza, Pilar de Todos, MadreEmprendedora, Qu\u00e1sar Comunicaci\u00f3n, Tu consulta no molesta, Gabriela Dobler Consultora; el programa de radio de Female, Minas de Oro; Skins deco, el programa de Radio Recursos Humanos + Humanos, Le canto las 40, entre otros.<\/p>\n<p><span style=\"font-family: Verdana; font-size: small;\">Se recomienda a los asistentes concurrir con tarjetas personales o material promocional para el espacio de networking\u00a0\u00a0 <\/span><\/p>\n<p><b><span style=\"font-family: Verdana; font-size: small;\">Acerca de la Dra. Carla Vaccaro<\/span><\/b><\/p>\n<p><span style=\"font-family: Verdana; font-size: small;\"> Abogada corporativa especializada en asesoramiento societario, comercial, fusiones y adquisiciones, variaciones de capital, contratos comerciales, asesoramiento a empresas, contratos parasocietarios, asistencia en resoluci\u00f3n de conflictos societarios, confecci\u00f3n de contratos comerciales, bases y condiciones. Consultor\u00eda a empresas de investigaci\u00f3n, desarrollo e innovaci\u00f3n; en la elaboraci\u00f3n de planes estrat\u00e9gicos, de negocios, alianzas, estructuraci\u00f3n y posicionamiento.<\/span><\/p>\n<p><span style=\"font-family: Verdana; font-size: small;\">Es la socia fundadora de <b>SGV ABOGADOS<\/b>, estudio especializado en la formaci\u00f3n de sociedades comerciales, fusiones y adquisiciones, variaciones de capital, rondas de inversi\u00f3n, disoluci\u00f3n y liquidaci\u00f3n de empresas. Elaboraci\u00f3n de contratos comerciales. Mantenimiento de libros societarios. Resoluci\u00f3n de conflictos societarios. Bases y condiciones para concursos y p\u00e1ginas web. Presentaciones ante Registro P\u00fablico de Comercio de la Ciudad de Buenos Aires, Defensa de la Competencia y Defensa del Consumidor. Inscripciones ante la Direcci\u00f3n Nacional de Protecci\u00f3n de Datos Personales. Informe de operaciones ante la Comisi\u00f3n Nacional de Defensa de la Competencia. Planeamiento estrat\u00e9gico de proyectos tecnol\u00f3gicos.<\/span><\/p>\n<p><b><span style=\"font-family: Verdana; font-size: small;\">El cronograma de charlas continuar\u00e1 de la siguiente manera:<\/span><\/b><\/p>\n<p><span style=\"font-family: Verdana; font-size: xx-small;\">El 20 de julio ser\u00e1 el turno de la Dra Carla Vaccaro de\u00a0 Estudio SGV Abogados que ahondar\u00e1 en el concepto \u00abKick-off del negocio: cuestiones legales a tener en cuenta para comenzar mi emprendimiento\u00bb; el 17 de agosto nuevamente Cespym Cursos capacitar\u00e1 con la profesora Natalia Vozzy sobre \u00ab\u00bfPor qu\u00e9 no se me ocurri\u00f3 antes? Un poco de filosof\u00eda para emprendedores\u00bb y el ciclo termina el 21 de septiembre con la charla de Ver\u00f3nica Garibaldi, del staff de Cespym Cursos que ense\u00f1ar\u00e1 \u00ab\u00bfC\u00f3mo armar un plan de comunicaci\u00f3n 3.0? El Coworking y el SmartFail como base para del emprendedurismo\u00bb<\/span><\/p>\n<p><b><span style=\"font-family: Verdana; font-size: small;\">Acerca de Emprender HOY<\/span><\/b><\/p>\n<p><span style=\"font-family: Verdana; font-size: xx-small;\"><b>Emprender HOY<\/b> es un espacio para todos los emprendedores que se materializa en diversos eventos como ferias, encuentros, capacitaciones, consultor\u00edas, espacios de networking, entre otros. Somos un equipo de profesionales emprendedores que ofrecemos nuestra experiencia y conocimiento para ayudar a otros que est\u00e1n emprendiendo a crecer con sus proyectos.<\/span><\/p>\n<p><span style=\"font-family: Verdana; font-size: xx-small;\">La raz\u00f3n de ser, la misi\u00f3n, de<b> Emprender HOY <\/b>es proporcionar al sector Emprendedor herramientas y conocimientos que le permitan desarrollar su propio emprendimiento e incorporar competencias que deriven en su mejora continua. <\/span><\/p>\n<p><span style=\"font-family: Verdana; font-size: xx-small;\">Buscamos fomentar una cultura colaborativa, el autoempleo y la sustentabilidad de los proyectos contribuyendo a la generaci\u00f3n de valor econ\u00f3mico en la sociedad a trav\u00e9s de la creaci\u00f3n y sostenimiento de un ecosistema emprendedor. <\/span><\/p>\n<p><span style=\"font-family: Verdana; font-size: xx-small;\">Aspiran a ser un canal de comunicaci\u00f3n entre los emprendedores y entre las instituciones y organismos dedicados a ellos<\/span><\/p>\n<p><span style=\"font-family: Verdana; font-size: xx-small;\"><b>Emprender Hoy<\/b>, a trav\u00e9s del proyecto <b>#DESARROLLOEMPRENDEDOR<\/b> desarrolla por tercer a\u00f1o consecutivo un ciclo de actividades gratuitas compuesto por charlas y encuentros de networking.<\/span><\/p>\n<p><span style=\"font-family: Verdana; font-size: xx-small;\">El mismo se desarrolla en la ciudad de Pilar (Bs. As., Argentina) y cuenta con el apoyo de diferentes instituciones, particulares, medios de comunicaci\u00f3n y consultores independientes que comparten su conocimiento de manera desinteresada. <\/span><\/p>\n<p><b><span style=\"font-family: Verdana; font-size: small;\">Acerca de Pilar Emprende by Emprender HOY <\/span><\/b><\/p>\n<p><span style=\"font-family: Verdana; font-size: xx-small;\"><b> Pilar Emprende<\/b> surge a partir del trabajo de <b>Emprender HOY, <\/b> un espacio que busca otorgarle valor a los proyectos de emprendedores de la zona, acompa\u00f1arlos en su puesta en marcha y disfrutar en equipo de los objetivos cumplidos <\/span><\/p>\n<p><span style=\"font-family: Verdana; font-size: xx-small;\">Para cumplir con su misi\u00f3n, brindan herramientas, espacios de networking, capacitaciones, tips, noticias, consultor\u00eda y todo lo que necesita el emprendedor para crecer y conformar un s\u00f3lido ecosistema emprendedor. <\/span><\/p>\n<p><span style=\"font-family: Verdana; font-size: xx-small;\"><b>Pilar Emprende<\/b> es un espacio pensado por emprendedores para los emprendedores de Pilar que junto a <b>Emprender HOY<\/b> le brindan oportunidades para crecer con su proyecto<\/span><\/p>\n<p><span style=\"font-family: Verdana; font-size: xx-small;\">Adem\u00e1s, cuenta desde 2015 con el espacio radial Pilar Emprende Radio que durante 2015 se emite los martes de 15 a 17 hs por Radio X Pilar (FM 100.3 \/ <a href=\"http:\/\/www.radioxpilar.com\/\">www.radioxpilar.com<\/a>.ar) en su segunda temporada.<\/span><\/p>\n<p><span style=\"font-family: Verdana; font-size: xx-small;\"><b> Emprender HOY <\/b>es un espacio para todos los emprendedores que se materializa en diversos eventos como ferias, encuentros, capacitaciones, consultor\u00edas, espacios de networking, entre otros. <\/span><\/p>\n<p><span style=\"font-family: Verdana; font-size: xx-small;\">La raz\u00f3n de ser, la misi\u00f3n, de <b>Emprender HOY <\/b>es proporcionar al sector Emprendedor herramientas y conocimientos que le permitan desarrollar su propio emprendimiento e incorporar competencias que deriven en su mejora continua. <\/span><\/p>\n<p><span style=\"font-family: Verdana; font-size: xx-small;\">Desde la instituci\u00f3n buscan fomentar el autoempleo y la sustentabilidad de los proyectos contribuyendo a la generaci\u00f3n de valor econ\u00f3mico en la sociedad a trav\u00e9s de la creaci\u00f3n y sostenimiento de un ecosistema emprendedor. Aspiran a ser un canal de comunicaci\u00f3n entre los emprendedores y entre las instituciones y organismos dedicados a ellos <\/span><\/p>\n<p><span style=\"font-family: Verdana; font-size: xx-small;\">Tambi\u00e9n cuentan con un grupo de consultores independientes que acercan su saber a los emprendedores, gener\u00e1ndose una comunidad donde la informaci\u00f3n se comparte de forma exponencial y viral <\/span><\/p>\n<p><span style=\"font-size: small;\"><b><i><span style=\"font-family: Arial;\">Por otras im\u00e1genes, audios o entrevistas no dude en contactarse<\/span><\/i><\/b><\/span><\/p>\n<p align=\"center\"><span style=\"font-size: small;\"><b><i> Contactos de Prensa<\/i><\/b><\/span><\/p>\n<div align=\"left\">\n<table width=\"100%\" border=\"1\" cellpadding=\"2\" align=\"left\">\n<tbody>\n<tr>\n<td align=\"center\" width=\"50%\">\n<p align=\"left\"><strong> <span style=\"color: #ff0000; font-family: Arial; font-size: small;\">Mayra Ibarra<\/span><\/strong><span style=\"font-size: medium;\"><strong><span style=\"color: #808080; font-family: Arial; font-size: small;\"> &#8211; Asistente de Cuentas<\/p>\n<p><\/span> <\/strong><\/span> <span style=\"font-size: xx-small;\"><span style=\"color: #ff0000;\"> Directo<\/span><b>: <\/b> 0230<\/span><span style=\"font-size: xx-small;\">-4664772<br \/>\n<\/span><span style=\"color: #ff0000; font-size: xx-small;\"> Skype:<\/span><span style=\"font-size: xx-small;\"> quasarcomunicacion<br \/>\n<\/span><span style=\"color: #ff0000; font-size: xx-small;\"> Twitter:<\/span><span style=\"font-size: xx-small;\"> @quasarpilar<br \/>\n<\/span><span style=\"color: #ff0000; font-size: xx-small;\"> Gr<\/span><span style=\"color: #ff0000; font-size: xx-small;\">upo y p\u00e1gina en Facebook: <\/span> <span style=\"color: #808080; font-size: xx-small;\">www.facebook.com\/<\/span><a href=\"mailto:mfipata@gmail.com\"><span style=\"font-size: xx-small;\">Quasar<\/span><\/a><span style=\"font-size: xx-small;\">Comunicacion<br \/>\n<\/span><span style=\"color: #ff0000; font-size: xx-small;\"> Web:<\/span><b><\/b> <a href=\"http:\/\/www.quasarcomunicacion.com.ar\/\"> <span style=\"font-size: xx-small;\">www.quasarcomunicacion.com.ar<\/span><\/a><\/p>\n<p align=\"left\"><span style=\"font-size: xx-small;\"> <span style=\"color: #ff0000;\">Mail<\/span><b>:<\/b><\/span><span style=\"font-size: xx-small;\"> <a href=\"mailto:fernanda@quasarcomunicacion.com.ar\"> quasar@quasarcomunicacion.com.ar<\/a><\/span><\/p>\n<\/td>\n<td align=\"center\" width=\"50%\">\n<p align=\"right\"><span style=\"font-size: medium;\"><strong> <span style=\"color: #808080; font-family: Arial; font-size: small;\"> Lic. Mar\u00eda Fernanda Ipata &#8211; Directora<br \/>\n<\/span> <\/strong><\/span> <span style=\"font-size: xx-small;\"><span style=\"color: #ff0000;\"><br \/>\nDirecto<\/span><b>: <\/b> 0230<\/span><span style=\"font-size: xx-small;\">-4664772<\/span><span style=\"font-size: xx-small;\"><br \/>\n<\/span><span style=\"font-size: xx-small;\"> <span style=\"color: #ff0000;\">M\u00f3vil:<\/span><b> <\/b> 0230<\/span><span style=\"font-size: xx-small;\">-15-4584535<br \/>\n011-15-6096-4656 ID 558*3763<br \/>\n<\/span><span style=\"color: #ff0000; font-size: xx-small;\"> Skype:<\/span><span style=\"font-size: xx-small;\"> quasarcomunicacion<br \/>\n<\/span><span style=\"color: #ff0000; font-size: xx-small;\"> Twitter:<\/span><span style=\"font-size: xx-small;\"> @quasarpilar<br \/>\n<\/span><span style=\"color: #ff0000; font-size: xx-small;\"> Gr<\/span><span style=\"color: #ff0000; font-size: xx-small;\">upo y p\u00e1gina en Facebook: <\/span> <span style=\"color: #808080; font-size: xx-small;\">www.facebook.com\/<\/span><a href=\"mailto:mfipata@gmail.com\"><span style=\"font-size: xx-small;\">Quasar<\/span><\/a><span style=\"font-size: xx-small;\">Comunicacion<br \/>\n<\/span><span style=\"font-size: xx-small;\"> <span style=\"color: #ff0000;\">LinkedIn<\/span><b>:\u00a0 <\/b><\/span> <span style=\"font-size: xx-small;\"><b> <a href=\"http:\/\/www.linkedin.com\/in\/mfipata\"> http:\/\/www.linkedin.com\/in\/mfipata<\/a><\/b><\/span><span style=\"font-size: xx-small;\"><br \/>\n<\/span><span style=\"color: #ff0000; font-size: xx-small;\"> Web:<\/span><b><\/b> <a href=\"http:\/\/www.quasarcomunicacion.com.ar\/\"> <span style=\"font-size: xx-small;\">www.quasarcomunicacion.com.ar<\/span><\/a><span style=\"font-size: xx-small;\"><br \/>\n<\/span><span style=\"font-size: xx-small;\"> <span style=\"color: #ff0000;\">Mail<\/span><b>:<\/b><\/span><span style=\"font-size: xx-small;\"><a href=\"mailto:fernanda@quasarcomunicacion.com.ar\"> fernanda@quasarcomunicacion.com.ar<\/a><\/span><\/p>\n<\/td>\n<\/tr>\n<\/tbody>\n<\/table>\n<\/div>\n","protected":false},"excerpt":{"rendered":"<p>El pr\u00f3ximo jueves 20 de julio a las 10 hs en Wid\u00fa Networking Space se realizar\u00e1 la cuarta charla gratuita [&hellip;]<\/p>\n","protected":false},"author":2,"featured_media":7803,"comment_status":"open","ping_status":"open","sticky":false,"template":"","format":"standard","meta":[],"categories":[2],"tags":[],"_links":{"self":[{"href":"https:\/\/quasarcomunicacion.com.ar\/web\/wp-json\/wp\/v2\/posts\/7804"}],"collection":[{"href":"https:\/\/quasarcomunicacion.com.ar\/web\/wp-json\/wp\/v2\/posts"}],"about":[{"href":"https:\/\/quasarcomunicacion.com.ar\/web\/wp-json\/wp\/v2\/types\/post"}],"author":[{"embeddable":true,"href":"https:\/\/quasarcomunicacion.com.ar\/web\/wp-json\/wp\/v2\/users\/2"}],"replies":[{"embeddable":true,"href":"https:\/\/quasarcomunicacion.com.ar\/web\/wp-json\/wp\/v2\/comments?post=7804"}],"version-history":[{"count":0,"href":"https:\/\/quasarcomunicacion.com.ar\/web\/wp-json\/wp\/v2\/posts\/7804\/revisions"}],"wp:featuredmedia":[{"embeddable":true,"href":"https:\/\/quasarcomunicacion.com.ar\/web\/wp-json\/wp\/v2\/media\/7803"}],"wp:attachment":[{"href":"https:\/\/quasarcomunicacion.com.ar\/web\/wp-json\/wp\/v2\/media?parent=7804"}],"wp:term":[{"taxonomy":"category","embeddable":true,"href":"https:\/\/quasarcomunicacion.com.ar\/web\/wp-json\/wp\/v2\/categories?post=7804"},{"taxonomy":"post_tag","embeddable":true,"href":"https:\/\/quasarcomunicacion.com.ar\/web\/wp-json\/wp\/v2\/tags?post=7804"}],"curies":[{"name":"wp","href":"https:\/\/api.w.org\/{rel}","templated":true}]}}