{"id":780,"date":"2012-09-06T21:13:29","date_gmt":"2012-09-06T21:13:29","guid":{"rendered":"http:\/\/quasarcomunicacion.wordpress.com\/2012\/09\/06\/mentedeportiva-lanza-charlas-gratuitas-para-promover-la-actividad-fisica\/"},"modified":"2012-09-06T21:13:29","modified_gmt":"2012-09-06T21:13:29","slug":"mentedeportiva-lanza-charlas-gratuitas-para-promover-la-actividad-fisica","status":"publish","type":"post","link":"https:\/\/quasarcomunicacion.com.ar\/web\/mentedeportiva-lanza-charlas-gratuitas-para-promover-la-actividad-fisica\/","title":{"rendered":"Mentedeportiva lanza charlas gratuitas para promover la Actividad F\u00edsica"},"content":{"rendered":"<p style=\"text-align:left;\" align=\"center\"><span style=\"font-family:Verdana;font-size:small;\">La asociaci\u00f3n <\/span><strong> Mentedeportiva<\/strong><span style=\"font-family:Verdana;font-size:small;\"> pone en conocimiento de la comunidad el lanzamiento de las charlas gratuitas <\/span><em>\u201cActividad f\u00edsica, vida en movimiento. Ponele movimiento a la tuya\u201d<\/em><span style=\"font-family:Verdana;font-size:small;\">, un encuentro para darse la oportunidad de descubrir el sentido de incluir el movimiento en la vida cotidiana, y c\u00f3mo alcanzar el bienestar tan deseado. Las instituciones interesadas en recibir la charla, deber\u00e1n comunicarse al 011-4865-3001 \/ 011-15-6160-8340 o v\u00eda mail a <\/span><a style=\"font-size:small;\" href=\"mailto:info@mentedeportiva.com.ar\">info@mentedeportiva.com.ar<\/a><span style=\"font-family:Verdana;font-size:small;\">\u00a0<!--more--><\/span><\/p>\n<p><span style=\"font-family:Verdana;font-size:small;\">Es conocido por todos que la actividad f\u00edsica es fuente de salud, pero, si nos preguntamos: \u00bfQu\u00e9 sentido tiene practicarla, o iniciarse en un deporte?, la soluci\u00f3n no es tan f\u00e1cil de encontrar. En palabras de la licenciada Jimena Mart\u00ednez, directora de <strong>Mentedeportiva<\/strong>, la respuesta es que \u201ctal vez de lo que se trata, entonces, es que cada uno pueda darse la oportunidad de descubrir en su interior esa invitaci\u00f3n para realizar actividad f\u00edsica o deportiva.\u201d <\/span><br \/>\n<span style=\"font-family:Verdana;font-size:small;\">Debido a las consecuencias del sedentarismo, los especialistas exhortan a la toma de conciencia sobre la importancia de realizar actividad f\u00edsica o alg\u00fan deporte, por lo cual esta es una gran oportunidad para reflexionar sobre el estilo de vida actual y obtener nuevas t\u00e9cnicas para mejorar la calidad de vida.<\/span><\/p>\n","protected":false},"excerpt":{"rendered":"<p>La asociaci\u00f3n Mentedeportiva pone en conocimiento de la comunidad el lanzamiento de las charlas gratuitas \u201cActividad f\u00edsica, vida en movimiento. [&hellip;]<\/p>\n","protected":false},"author":2,"featured_media":0,"comment_status":"open","ping_status":"open","sticky":false,"template":"","format":"standard","meta":[],"categories":[2],"tags":[],"_links":{"self":[{"href":"https:\/\/quasarcomunicacion.com.ar\/web\/wp-json\/wp\/v2\/posts\/780"}],"collection":[{"href":"https:\/\/quasarcomunicacion.com.ar\/web\/wp-json\/wp\/v2\/posts"}],"about":[{"href":"https:\/\/quasarcomunicacion.com.ar\/web\/wp-json\/wp\/v2\/types\/post"}],"author":[{"embeddable":true,"href":"https:\/\/quasarcomunicacion.com.ar\/web\/wp-json\/wp\/v2\/users\/2"}],"replies":[{"embeddable":true,"href":"https:\/\/quasarcomunicacion.com.ar\/web\/wp-json\/wp\/v2\/comments?post=780"}],"version-history":[{"count":0,"href":"https:\/\/quasarcomunicacion.com.ar\/web\/wp-json\/wp\/v2\/posts\/780\/revisions"}],"wp:attachment":[{"href":"https:\/\/quasarcomunicacion.com.ar\/web\/wp-json\/wp\/v2\/media?parent=780"}],"wp:term":[{"taxonomy":"category","embeddable":true,"href":"https:\/\/quasarcomunicacion.com.ar\/web\/wp-json\/wp\/v2\/categories?post=780"},{"taxonomy":"post_tag","embeddable":true,"href":"https:\/\/quasarcomunicacion.com.ar\/web\/wp-json\/wp\/v2\/tags?post=780"}],"curies":[{"name":"wp","href":"https:\/\/api.w.org\/{rel}","templated":true}]}}