{"id":7799,"date":"2017-07-06T16:47:10","date_gmt":"2017-07-06T19:47:10","guid":{"rendered":"https:\/\/quasarcomunicacion.com.ar\/web\/?p=7799"},"modified":"2017-07-06T16:47:10","modified_gmt":"2017-07-06T19:47:10","slug":"vacaciones-de-invierno-en-la-fabrica-teatro-para-ninos","status":"publish","type":"post","link":"https:\/\/quasarcomunicacion.com.ar\/web\/vacaciones-de-invierno-en-la-fabrica-teatro-para-ninos\/","title":{"rendered":"Vacaciones de Invierno en La F\u00e1brica: teatro para ni\u00f1os"},"content":{"rendered":"<p style=\"text-align: left;\" align=\"center\"><span style=\"font-family: Verdana; font-size: small;\">\u00a0De la mano de <\/span><b style=\"font-family: Verdana; font-size: small;\">Claudia Castillo Eventos<\/b><span style=\"font-family: Verdana; font-size: small;\">, llega a <\/span><b style=\"font-family: Verdana; font-size: small;\">La F\u00e1brica<\/b><span style=\"font-family: Verdana; font-size: small;\"> un ciclo de teatro infantil para estas vacaciones de invierno acompa\u00f1ado de la mejor gastronom\u00eda de Quiquia. Opciones para disfrutar en familia tendr\u00e1n lugar el s\u00e1bado 15 y el 22 de julio a las 18.30 hs en<\/span><b style=\"font-family: Verdana; font-size: small;\"> La F\u00e1brica<\/b><span style=\"font-family: Verdana; font-size: small;\"> (Ambrosetti 633, Bo. La Esmeralda, bajada Km 50). Las entradas anticipadas est\u00e1n a la venta desde $ 150, solicitarlas llamando al 011 15 5138 2276.<!--more--><\/span><\/p>\n<p align=\"left\"><span style=\"font-family: Verdana; font-size: small;\">Adem\u00e1s del teatro, la familia podr\u00e1 disfrutar de platos y promociones especialmente dise\u00f1ados por Quiquia para la ocasi\u00f3n. Una conjunci\u00f3n de cultura y gastronom\u00eda para disfrutar de una tarde distinta. Ambiente climatizado y estacionamiento.<\/span><\/p>\n<p align=\"left\"><b><span style=\"font-family: Verdana; font-size: small;\">S\u00e1bado 15 de julio: Arakne<\/span><\/b><\/p>\n<p align=\"left\"><span style=\"font-family: Verdana; font-size: small;\">El s\u00e1bado 15 a las 18.30 hs es el turno de Arakne, de la Compa\u00f1\u00eda Pido Gancho, dirigida por Jorge Darget.<\/span><\/p>\n<p align=\"left\">\u00a0<a href=\"https:\/\/quasarcomunicacion.com.ar\/web\/wp-content\/uploads\/2017\/07\/arakne.gif\"><img class=\"aligncenter\" alt=\"arakne\" src=\"https:\/\/quasarcomunicacion.com.ar\/web\/wp-content\/uploads\/2017\/07\/arakne.gif\" \/><\/a><\/p>\n<p align=\"left\"><span style=\"font-family: Verdana; font-size: small;\">La obra, para toda la familia, est\u00e1 basada en el mito cl\u00e1sico, Arakne es la historia de una joven hilandera que esta vez es convertida en ara\u00f1a por una reina bruja hechicera durante un baile, al ser elegida la reina de la primavera por el pr\u00edncipe J\u00e1uregui. <\/span><\/p>\n<p align=\"left\"><span style=\"font-family: Verdana; font-size: small;\">La ara\u00f1a escapa al bosque y all\u00ed conoce a una mariposa, una abeja y una vaquita de San Antonio, quienes se vuelven sus amigas y la convencen de volver al castillo a rescatar al pr\u00edncipe J\u00e1uregui. <\/span><\/p>\n<p align=\"left\"><span style=\"font-family: Verdana; font-size: small;\">El castillo se encuentra custodiado por una mosca, un mosquito y una cucaracha, a quienes deber\u00e1n vencer para llegar hasta la reina y rescatar al pr\u00edncipe. <\/span><\/p>\n<p align=\"left\"><span style=\"font-family: Verdana; font-size: small;\">Una historia de amor, valent\u00eda y mucho coraje.<\/span><\/p>\n<p align=\"left\"><span style=\"font-family: Verdana; font-size: small;\">Las entradas pueden solicitarse tambi\u00e9n a la compa\u00f1\u00eda de teatro a trav\u00e9s de facebook: <a href=\"https:\/\/www.facebook.com\/pjpidogancho\"> https:\/\/www.facebook.com\/pjpidogancho<\/a> <\/span><\/p>\n<p align=\"left\"><b><span style=\"font-family: Verdana; font-size: small;\">S\u00e1bado 22 de julio: Un Huevo en Dedolandia<\/span><\/b><\/p>\n<p align=\"left\"><span style=\"font-family: Verdana; font-size: small;\">Y el s\u00e1bado 22 llega Un Huevo\u00a0 en Dedolandia, de Aqu\u00ed y Ahora Compa\u00f1\u00eda de Teatro. <\/span><\/p>\n<p align=\"left\"><span style=\"font-family: Verdana; font-size: small;\">Basada en el conocido relato de: \u00abEste dedo encontr\u00f3 un huevito, este lo rompi\u00f3, este le puso sal, este lo cocin\u00f3 y este se lo comi\u00f3.\u00bb. Una creaci\u00f3n colectiva escrita a partir de improvisaciones acerca de la peque\u00f1a historia original. A partir de las mismas creamos los cinco personajes trabajados a partir de t\u00e9cnicas de comedia y clown. El objetivo de esta obra es que los chicos se puedan divertir, y al mismo tiempo aprender sobre la amistad, el compartir y el jugar.<\/span><\/p>\n<p align=\"left\">\u00a0<a href=\"https:\/\/quasarcomunicacion.com.ar\/web\/wp-content\/uploads\/2017\/07\/dedolandia.gif\"><img class=\"aligncenter\" alt=\"dedolandia\" src=\"https:\/\/quasarcomunicacion.com.ar\/web\/wp-content\/uploads\/2017\/07\/dedolandia.gif\" \/><\/a><\/p>\n<p align=\"left\"><span style=\"font-family: Verdana; font-size: small;\">Act\u00faan: Vanesa Caldara, Victoria Fern\u00e1ndez Alonso, Mora gabaroni, Natalia Gauna, Gabriela Vargas<\/span><\/p>\n<p align=\"left\"><span style=\"font-family: Verdana; font-size: small;\">La historia trascurre en la tierra de \u00abDedolandia\u00bb donde cinco hermanitos viven divertidas aventuras todas las tardes. Esta vez, la historia girar\u00e1 entorno al descubrimiento de un huevo gigante y colorido que todos lucharan por tener.<br \/>\nMe\u00f1ique es el dedo que encuentra el huevo. Pero pronto S\u00faper Anular se lo robar\u00e1 para regal\u00e1rselo a S\u00faper Mayor, convertirlo en p\u00f3cima y as\u00ed poder conquistar Dedolandia. Todo parece suceder a favor de los s\u00faper h\u00e9roes hasta que el propio Anular, sin querer, rompe el huevo. En ese momento aparece \u00cdndice que encuentra el huevo roto y decide armar con este un programa televisivo de cocina, fiel a su esp\u00edritu de estrella de TV. Un tiempo despu\u00e9s, llega Pulgar que al ver un pedazo del huevo, supone que se trata de un regalo de sus hermanitos y decide com\u00e9rselo justo cuando aparecen S\u00faper Anular y S\u00faper Mayor que lo acusan de robarlo, romperlo y comerlo. Entonces llega la hora del juicio para determinar el culpable. \u00cdndice oficiara de jueza, Me\u00f1ique de abogada del imputado Pulgar y los S\u00faper h\u00e9roes ser\u00e1n los abogadores acusadores. Luego de un extenso y controvertido juicio, los verdaderos culpables confiesan que provocaron el incidente para poder conquistar Dedolandia. Al verse peleados con sus hermanitos, se arrepienten y piden perd\u00f3n. Todo vuelve a la normalidad y prometen compartir siempre los juguetes y todas esas cosas que en su tierra surgen de sorpresa. <\/span><\/p>\n<p align=\"left\"><span style=\"font-family: Verdana; font-size: small;\">Las entradas pueden ser solicitadas tambi\u00e9n al grupo de teatro a trav\u00e9s de su facebook: <a href=\"https:\/\/www.facebook.com\/vanesavictoriacaldara\/\"> https:\/\/www.facebook.com\/vanesavictoriacaldara\/<\/a> <\/span><\/p>\n<p align=\"left\"><span style=\"font-size: small;\"><b><i><span style=\"font-family: Arial;\">Por otras im\u00e1genes, audios o entrevistas no dude en contactarse<\/span><\/i><\/b><\/span><\/p>\n<p align=\"center\"><span style=\"font-size: small;\"><b><i> Contactos de Prensa<\/i><\/b><\/span><\/p>\n<div align=\"left\">\n<table width=\"100%\" border=\"1\" cellpadding=\"2\" align=\"left\">\n<tbody>\n<tr>\n<td width=\"50%\">\n<p align=\"left\"><span style=\"font-size: medium;\"><strong> <span style=\"color: #808080; font-family: Arial; font-size: small;\"> Mayra Ibarra &#8211; Asistente de Cuentas<\/p>\n<p><\/span> <\/strong><\/span> <span style=\"font-size: xx-small;\"><span style=\"color: #ff0000;\"> Directo<\/span><b>: <\/b> 0230<\/span><span style=\"font-size: xx-small;\">-4664772<br \/>\n<\/span><span style=\"color: #ff0000; font-size: xx-small;\"> Skype:<\/span><span style=\"font-size: xx-small;\"> quasarcomunicacion<br \/>\n<\/span><span style=\"color: #ff0000; font-size: xx-small;\"> Twitter:<\/span><span style=\"font-size: xx-small;\"> @quasarpilar<br \/>\n<\/span><span style=\"color: #ff0000; font-size: xx-small;\"> Gr<\/span><span style=\"color: #ff0000; font-size: xx-small;\">upo y p\u00e1gina en Facebook: <\/span> <span style=\"color: #808080; font-size: xx-small;\">www.facebook.com\/<\/span><a href=\"mailto:mfipata@gmail.com\"><span style=\"font-size: xx-small;\">Quasar<\/span><\/a><span style=\"font-size: xx-small;\">Comunicacion<br \/>\n<\/span><span style=\"color: #ff0000; font-size: xx-small;\"> Web:<\/span><b><\/b> <a href=\"http:\/\/www.quasarcomunicacion.com.ar\/\"> <span style=\"font-size: xx-small;\">www.quasarcomunicacion.com.ar<\/span><\/a><\/p>\n<p align=\"left\"><span style=\"font-size: xx-small;\"> <span style=\"color: #ff0000;\">Mail<\/span><b>:<\/b><\/span><span style=\"font-size: xx-small;\"> <a href=\"mailto:fernanda@quasarcomunicacion.com.ar\"> quasar@quasarcomunicacion.com.ar<\/a><\/span><\/p>\n<\/td>\n<td width=\"50%\">\n<p align=\"right\"><span style=\"font-size: medium;\"><strong> <span style=\"color: #808080; font-family: Arial; font-size: small;\"> Lic. Mar\u00eda Fernanda Ipata &#8211; Directora<br \/>\n<\/span> <\/strong><\/span> <span style=\"font-size: xx-small;\"><span style=\"color: #ff0000;\"><br \/>\nDirecto<\/span><b>: <\/b> 0230<\/span><span style=\"font-size: xx-small;\">-4664772<\/span><span style=\"font-size: xx-small;\"><br \/>\n<\/span><span style=\"font-size: xx-small;\"> <span style=\"color: #ff0000;\">M\u00f3vil:<\/span><b> <\/b> 0230<\/span><span style=\"font-size: xx-small;\">-15-4584535<br \/>\n011-15-6096-4656 ID 558*3763<br \/>\n<\/span><span style=\"color: #ff0000; font-size: xx-small;\"> Skype:<\/span><span style=\"font-size: xx-small;\"> quasarcomunicacion<br \/>\n<\/span><span style=\"color: #ff0000; font-size: xx-small;\"> Twitter:<\/span><span style=\"font-size: xx-small;\"> @quasarpilar<br \/>\n<\/span><span style=\"color: #ff0000; font-size: xx-small;\"> Gr<\/span><span style=\"color: #ff0000; font-size: xx-small;\">upo y p\u00e1gina en Facebook: <\/span> <span style=\"color: #808080; font-size: xx-small;\">www.facebook.com\/<\/span><a href=\"mailto:mfipata@gmail.com\"><span style=\"font-size: xx-small;\">Quasar<\/span><\/a><span style=\"font-size: xx-small;\">Comunicacion<br \/>\n<\/span><span style=\"font-size: xx-small;\"> <span style=\"color: #ff0000;\">LinkedIn<\/span><b>:\u00a0 <\/b><\/span> <span style=\"font-size: xx-small;\"><b> <a href=\"http:\/\/www.linkedin.com\/in\/mfipata\"> http:\/\/www.linkedin.com\/in\/mfipata<\/a><\/b><\/span><span style=\"font-size: xx-small;\"><br \/>\n<\/span><span style=\"color: #ff0000; font-size: xx-small;\"> Web:<\/span><b><\/b> <a href=\"http:\/\/www.quasarcomunicacion.com.ar\/\"> <span style=\"font-size: xx-small;\">www.quasarcomunicacion.com.ar<\/span><\/a><span style=\"font-size: xx-small;\"><br \/>\n<\/span><span style=\"font-size: xx-small;\"> <span style=\"color: #ff0000;\"> Mail<\/span><b>:<\/b><\/span><span style=\"font-size: xx-small;\"><a href=\"mailto:fernanda@quasarcomunicacion.com.ar\"> fernanda@quasarcomunicacion.com.ar<\/a><\/span><\/p>\n<\/td>\n<\/tr>\n<\/tbody>\n<\/table>\n<\/div>\n","protected":false},"excerpt":{"rendered":"<p>\u00a0De la mano de Claudia Castillo Eventos, llega a La F\u00e1brica un ciclo de teatro infantil para estas vacaciones de [&hellip;]<\/p>\n","protected":false},"author":2,"featured_media":7798,"comment_status":"open","ping_status":"open","sticky":false,"template":"","format":"standard","meta":[],"categories":[2],"tags":[],"_links":{"self":[{"href":"https:\/\/quasarcomunicacion.com.ar\/web\/wp-json\/wp\/v2\/posts\/7799"}],"collection":[{"href":"https:\/\/quasarcomunicacion.com.ar\/web\/wp-json\/wp\/v2\/posts"}],"about":[{"href":"https:\/\/quasarcomunicacion.com.ar\/web\/wp-json\/wp\/v2\/types\/post"}],"author":[{"embeddable":true,"href":"https:\/\/quasarcomunicacion.com.ar\/web\/wp-json\/wp\/v2\/users\/2"}],"replies":[{"embeddable":true,"href":"https:\/\/quasarcomunicacion.com.ar\/web\/wp-json\/wp\/v2\/comments?post=7799"}],"version-history":[{"count":0,"href":"https:\/\/quasarcomunicacion.com.ar\/web\/wp-json\/wp\/v2\/posts\/7799\/revisions"}],"wp:featuredmedia":[{"embeddable":true,"href":"https:\/\/quasarcomunicacion.com.ar\/web\/wp-json\/wp\/v2\/media\/7798"}],"wp:attachment":[{"href":"https:\/\/quasarcomunicacion.com.ar\/web\/wp-json\/wp\/v2\/media?parent=7799"}],"wp:term":[{"taxonomy":"category","embeddable":true,"href":"https:\/\/quasarcomunicacion.com.ar\/web\/wp-json\/wp\/v2\/categories?post=7799"},{"taxonomy":"post_tag","embeddable":true,"href":"https:\/\/quasarcomunicacion.com.ar\/web\/wp-json\/wp\/v2\/tags?post=7799"}],"curies":[{"name":"wp","href":"https:\/\/api.w.org\/{rel}","templated":true}]}}