{"id":7775,"date":"2017-06-19T11:34:51","date_gmt":"2017-06-19T14:34:51","guid":{"rendered":"https:\/\/quasarcomunicacion.com.ar\/web\/?p=7775"},"modified":"2017-06-19T11:34:51","modified_gmt":"2017-06-19T14:34:51","slug":"el-taller-inventate-tu-propio-empleo-emprende-vuelve-a-fatima","status":"publish","type":"post","link":"https:\/\/quasarcomunicacion.com.ar\/web\/el-taller-inventate-tu-propio-empleo-emprende-vuelve-a-fatima\/","title":{"rendered":"El Taller \u00abInventate tu propio empleo: EMPREND\u00c9\u00bb vuelve a F\u00e1tima"},"content":{"rendered":"<p><span style=\"font-family: Verdana; font-size: small;\">\u00a0El jueves 29 de junio, invitados por la Fundaci\u00f3n Reciduca, los profesionales de <b>Pilar Emprende by Emprender Hoy<\/b> brindar\u00e1n el Taller <b>\u00abInventate tu propio empleo: EMPREND\u00c9\u00bb<\/b> a los alumnos del \u00faltimo a\u00f1o de la Escuela Secundaria Media 9 de la localidad de F\u00e1tima.<\/span><\/p>\n<p><span style=\"font-family: Verdana; font-size: small;\">En 2016 se tuvo la primera experiencia y gracias a los resultados satisfactorios, este a\u00f1o se ampli\u00f3 a m\u00e1s horas y a m\u00e1s escuelas en las cuales trabaja la Fundaci\u00f3n. En agosto se brindar\u00e1 el mismo taller en Tortuguitas, en la Escuela N\u00ba 3 y la idea es seguir replic\u00e1ndolo en otros lugares.<\/span><\/p>\n<p><span style=\"font-family: Verdana; font-size: small;\"><!--more--><\/span><\/p>\n<p><a href=\"https:\/\/quasarcomunicacion.com.ar\/web\/wp-content\/uploads\/2017\/06\/inventatefatima.gif\"><img class=\"aligncenter\" alt=\"inventatefatima\" src=\"https:\/\/quasarcomunicacion.com.ar\/web\/wp-content\/uploads\/2017\/06\/inventatefatima.gif\" \/><\/a><\/p>\n<p><span style=\"font-family: Verdana; font-size: small;\">La <b>Fundaci\u00f3n Reciduca <\/b>desarroll\u00f3 un modelo de acompa\u00f1amiento integral y personalizado donde trabajan sobre 3 ejes: educaci\u00f3n, formaci\u00f3n laboral y cuidado ambiental. Es en este marco que se inserta el proyecto de Emprender Hoy sobre emprendedurismo.<\/span><\/p>\n<p><span style=\"font-family: Verdana; font-size: small;\">Este taller tambi\u00e9n se dict\u00f3 a alumnos de Escuelas Municipales de Pilar.<\/span><\/p>\n<p><span style=\"font-family: Verdana; font-size: small;\">El taller aborda cada una de las tem\u00e1ticas que van desde la detecci\u00f3n de las necesidades de la comunidad para armar un emprendimiento que las satisfaga, hasta la puesta en marcha de la idea, si difusi\u00f3n y las t\u00e9cnicas de ventas para conseguir los primeros clientes. Todo lo que se realiza es tendiente a la aplicaci\u00f3n pr\u00e1ctica de los temas seg\u00fan la realidad y el contexto de cada alumno. <\/span><\/p>\n<p><span style=\"font-family: Verdana; font-size: small;\">\u00abEste taller est\u00e1 enfocado en que los alumnos, antes de terminar sus estudios secundarios, vean en la opci\u00f3n de iniciar su propio emprendimiento una tercera v\u00eda. Por lo general uno piensa en seguir estudiando o trabajar en relaci\u00f3n de dependencia. Con esta capacitaci\u00f3n buscamos que tambi\u00e9n piensen en llevar adelante su propio proyecto\u00bb, indicaron desde <b>Pilar Emprende.<\/b><\/span><\/p>\n<p>&nbsp;<\/p>\n<p><span style=\"font-family: Verdana; font-size: small;\">El objetivo es que cada alumno vea las potencialidades que tiene como emprendedor y adquiera las herramientas y habilidades para transformar su idea, proyecto, hobbie o conocimiento en un emprendimiento rentable que le permita una inserci\u00f3n en el mercado laboral. El fin es capacitar a los alumnos para que pongan en marcha emprendimientos viables,\u00a0sustentables y sostenibles en el tiempo.<\/span><\/p>\n<p><span style=\"font-family: Verdana; font-size: small;\">De esta manera se habla de las potencialidades y fortalezas de cada uno a la hora de emprender; c\u00f3mo pasar de la idea al negocio llevando adelante a partir de un mini plan de negocios un emprendimiento real; algunos aspectos legales y contables b\u00e1sicos y c\u00f3mo profesionalizar el emprendimiento a partir de las herramientas digitales de las que se disponen para su difusi\u00f3n.<\/span><\/p>\n<p><b><span style=\"font-family: Verdana; font-size: small;\">Acerca de la Fundaci\u00f3n Reciduca<\/span><\/b><\/p>\n<p><span style=\"font-family: Verdana; font-size: small;\">A fines del a\u00f1o 2001, el Lic. Ernesto Kritz mostraba en un estudio realizado en el \u201cprimer cord\u00f3n\u201d del Gran Buenos Aires, que m\u00e1s de 80.000 j\u00f3venes de entre 18 y 25 a\u00f1os, no ten\u00edan t\u00edtulo de estudios secundarios. Y esto significaba que no iban a poder entrar al mundo laboral, es decir que quedaban excluidos de la sociedad. <\/span><\/p>\n<p><span style=\"font-family: Verdana; font-size: small;\">Conscientes del momento del pa\u00eds, en el cual se necesitaba el aporte de todos los ciudadanos, un grupo de personas se reunieron con el objetivo de buscar una soluci\u00f3n que contribuyera a mitigar la exclusi\u00f3n social en los j\u00f3venes. <\/span><\/p>\n<p><span style=\"font-family: Verdana; font-size: small;\">A lo largo del a\u00f1o 2002, se realiz\u00f3 un diagn\u00f3stico de la realidad y se identific\u00f3 que eran pocas las instituciones que se ocupaban de los j\u00f3venes sin trabajo y sin estudio. As\u00ed surge el Programa Reciduca que ofrecer\u00eda espacios para asegurar la educaci\u00f3n, formaci\u00f3n laboral y en el cuidado del medio ambiente a los j\u00f3venes. En el a\u00f1o 2003 comenzamos la implementaci\u00f3n del programa con 19 j\u00f3venes en la Escuela Santo Domingo Savio con el apoyo de Fundacava. Con el esfuerzo de muchos colaboradores, el programa funcion\u00f3, reteniendo a sus participantes en la escuela, demostrando que con mayores oportunidades los j\u00f3venes se vuelven protagonistas de sus vidas y se comprometen con su futuro. <\/span><\/p>\n<p><span style=\"font-family: Verdana; font-size: small;\">Los resultados reforzaron el compromiso y en 2004 se obtuvo la personer\u00eda jur\u00eddica y se comenz\u00f3 a replicar el programa en otras escuelas. <\/span><\/p>\n<p><span style=\"font-family: Verdana; font-size: small;\">Desde entonces, con el aliento del sector p\u00fablico, el sector privado y la sociedad civil, hemos crecido caminando juntos hacia una sociedad digna y sustentable.<\/span><\/p>\n<p><span style=\"font-family: Verdana; font-size: small;\">Desde Pilar Emprende vienen trabajando desde hace algunos a\u00f1os en otorgar herramientas a los emprendedores para que puedan llevar adelante sus proyectos econ\u00f3micos. <\/span><\/p>\n<p><b><span style=\"font-family: Verdana; font-size: small;\">Acerca de Pilar Emprende by Emprender HOY <\/span><\/b><\/p>\n<p><span style=\"font-family: Verdana; font-size: xx-small;\"><b> Pilar Emprende<\/b> surge a partir del trabajo de <b>Emprender HOY<\/b>, un espacio que busca otorgarle valor a los proyectos de emprendedores de la zona, acompa\u00f1arlos en su puesta en marcha y disfrutar en equipo de los objetivos cumplidos<br \/>\nPara cumplir con su misi\u00f3n, brindan herramientas, espacios de networking, capacitaciones, talleres, tips, noticias, consultor\u00eda, tutor\u00edas\/mentor\u00edas, y todo lo que necesita el vecino para crecer y conformar un s\u00f3lido ecosistema emprendedor.<br \/>\nPilar Emprende es un espacio pensado por emprendedores para los emprendedores de Pilar que junto a Emprender HOY y si equipo de consultores le brindan oportunidades para crecer con su proyecto<br \/>\nLa raz\u00f3n de ser, la misi\u00f3n, de Emprender HOY es proporcionar al sector Emprendedor herramientas y conocimientos que le permitan desarrollar su propio emprendimiento e incorporar competencias que deriven en su mejora continua. Desde la entidad buscan fomentar el autoempleo y la sustentabilidad de los proyectos contribuyendo a la generaci\u00f3n de valor econ\u00f3mico en la sociedad a trav\u00e9s de la creaci\u00f3n y sostenimiento de un ecosistema emprendedor. Aspiran a ser un canal de comunicaci\u00f3n entre los emprendedores y entre las instituciones y organismos dedicados a ellos<br \/>\nTambi\u00e9n cuentan con un grupo de consultores independientes que acercan su saber a los emprendedores, gener\u00e1ndose una comunidad donde la informaci\u00f3n se comparte de forma exponencial y viral <\/span><\/p>\n<p><span style=\"font-size: small;\"><b><i><span style=\"font-family: Arial;\">Por otras im\u00e1genes, audios o entrevistas no dude en contactarse<\/span><\/i><\/b><\/span><\/p>\n<p align=\"center\"><span style=\"font-size: small;\"><b><i> Contactos de Prensa<\/i><\/b><\/span><\/p>\n<div align=\"left\">\n<table width=\"100%\" border=\"1\" cellpadding=\"2\" align=\"left\">\n<tbody>\n<tr>\n<td align=\"center\" width=\"50%\">\n<p align=\"left\"><strong> <span style=\"color: #ff0000; font-family: Arial; font-size: small;\">Mayra Ibarra<\/span><\/strong><span style=\"font-size: medium;\"><strong><span style=\"color: #808080; font-family: Arial; font-size: small;\"> &#8211; Asistente de Cuentas<\/span><\/strong><\/span><\/p>\n<p><span style=\"font-size: xx-small;\"><span style=\"color: #ff0000;\"> Directo<\/span><b>: <\/b> 0230<\/span><span style=\"font-size: xx-small;\">-4664772<br \/>\n<\/span><span style=\"color: #ff0000; font-size: xx-small;\"> Skype:<\/span><span style=\"font-size: xx-small;\"> quasarcomunicacion<br \/>\n<\/span><span style=\"color: #ff0000; font-size: xx-small;\"> Twitter:<\/span><span style=\"font-size: xx-small;\"> @quasarpilar<br \/>\n<\/span><span style=\"color: #ff0000; font-size: xx-small;\"> Gr<\/span><span style=\"color: #ff0000; font-size: xx-small;\">upo y p\u00e1gina en Facebook: <\/span> <span style=\"color: #808080; font-size: xx-small;\">www.facebook.com\/<\/span><a href=\"mailto:mfipata@gmail.com\"><span style=\"font-size: xx-small;\">Quasar<\/span><\/a><span style=\"font-size: xx-small;\">Comunicacion<br \/>\n<\/span><span style=\"color: #ff0000; font-size: xx-small;\"> Web:<\/span><b><\/b> <a href=\"http:\/\/www.quasarcomunicacion.com.ar\/\"> <span style=\"font-size: xx-small;\">www.quasarcomunicacion.com.ar<\/span><\/a><\/p>\n<p align=\"left\"><span style=\"font-size: xx-small;\"> <span style=\"color: #ff0000;\">Mail<\/span><b>:<\/b><\/span><span style=\"font-size: xx-small;\"> <a href=\"mailto:fernanda@quasarcomunicacion.com.ar\"> quasar@quasarcomunicacion.com.ar<\/a><\/span><\/p>\n<\/td>\n<td align=\"center\" width=\"50%\">\n<p align=\"right\"><span style=\"font-size: medium;\"><strong> <span style=\"color: #808080; font-family: Arial; font-size: small;\"> Lic. Mar\u00eda Fernanda Ipata &#8211; Directora<br \/>\n<\/span> <\/strong><\/span> <span style=\"font-size: xx-small;\"><span style=\"color: #ff0000;\"><br \/>\nDirecto<\/span><b>: <\/b> 0230<\/span><span style=\"font-size: xx-small;\">-4664772<\/span><span style=\"font-size: xx-small;\"><br \/>\n<\/span><span style=\"font-size: xx-small;\"> <span style=\"color: #ff0000;\">M\u00f3vil:<\/span><b> <\/b> 0230<\/span><span style=\"font-size: xx-small;\">-15-4584535<br \/>\n011-15-6096-4656 ID 558*3763<br \/>\n<\/span><span style=\"color: #ff0000; font-size: xx-small;\"> Skype:<\/span><span style=\"font-size: xx-small;\"> quasarcomunicacion<br \/>\n<\/span><span style=\"color: #ff0000; font-size: xx-small;\"> Twitter:<\/span><span style=\"font-size: xx-small;\"> @quasarpilar<br \/>\n<\/span><span style=\"color: #ff0000; font-size: xx-small;\"> Gr<\/span><span style=\"color: #ff0000; font-size: xx-small;\">upo y p\u00e1gina en Facebook: <\/span> <span style=\"color: #808080; font-size: xx-small;\">www.facebook.com\/<\/span><a href=\"mailto:mfipata@gmail.com\"><span style=\"font-size: xx-small;\">Quasar<\/span><\/a><span style=\"font-size: xx-small;\">Comunicacion<br \/>\n<\/span><span style=\"font-size: xx-small;\"> <span style=\"color: #ff0000;\">LinkedIn<\/span><b>:\u00a0 <\/b><\/span> <span style=\"font-size: xx-small;\"><b> <a href=\"http:\/\/www.linkedin.com\/in\/mfipata\"> http:\/\/www.linkedin.com\/in\/mfipata<\/a><\/b><\/span><span style=\"font-size: xx-small;\"><br \/>\n<\/span><span style=\"color: #ff0000; font-size: xx-small;\"> Web:<\/span><b><\/b> <a href=\"http:\/\/www.quasarcomunicacion.com.ar\/\"> <span style=\"font-size: xx-small;\">www.quasarcomunicacion.com.ar<\/span><\/a><span style=\"font-size: xx-small;\"><br \/>\n<\/span><span style=\"font-size: xx-small;\"> <span style=\"color: #ff0000;\">Mail<\/span><b>:<\/b><\/span><span style=\"font-size: xx-small;\"><a href=\"mailto:fernanda@quasarcomunicacion.com.ar\"> fernanda@quasarcomunicacion.com.ar<\/a><\/span><\/p>\n<\/td>\n<\/tr>\n<\/tbody>\n<\/table>\n<\/div>\n","protected":false},"excerpt":{"rendered":"<p>\u00a0El jueves 29 de junio, invitados por la Fundaci\u00f3n Reciduca, los profesionales de Pilar Emprende by Emprender Hoy brindar\u00e1n el [&hellip;]<\/p>\n","protected":false},"author":2,"featured_media":7773,"comment_status":"open","ping_status":"open","sticky":false,"template":"","format":"standard","meta":[],"categories":[2],"tags":[],"_links":{"self":[{"href":"https:\/\/quasarcomunicacion.com.ar\/web\/wp-json\/wp\/v2\/posts\/7775"}],"collection":[{"href":"https:\/\/quasarcomunicacion.com.ar\/web\/wp-json\/wp\/v2\/posts"}],"about":[{"href":"https:\/\/quasarcomunicacion.com.ar\/web\/wp-json\/wp\/v2\/types\/post"}],"author":[{"embeddable":true,"href":"https:\/\/quasarcomunicacion.com.ar\/web\/wp-json\/wp\/v2\/users\/2"}],"replies":[{"embeddable":true,"href":"https:\/\/quasarcomunicacion.com.ar\/web\/wp-json\/wp\/v2\/comments?post=7775"}],"version-history":[{"count":0,"href":"https:\/\/quasarcomunicacion.com.ar\/web\/wp-json\/wp\/v2\/posts\/7775\/revisions"}],"wp:featuredmedia":[{"embeddable":true,"href":"https:\/\/quasarcomunicacion.com.ar\/web\/wp-json\/wp\/v2\/media\/7773"}],"wp:attachment":[{"href":"https:\/\/quasarcomunicacion.com.ar\/web\/wp-json\/wp\/v2\/media?parent=7775"}],"wp:term":[{"taxonomy":"category","embeddable":true,"href":"https:\/\/quasarcomunicacion.com.ar\/web\/wp-json\/wp\/v2\/categories?post=7775"},{"taxonomy":"post_tag","embeddable":true,"href":"https:\/\/quasarcomunicacion.com.ar\/web\/wp-json\/wp\/v2\/tags?post=7775"}],"curies":[{"name":"wp","href":"https:\/\/api.w.org\/{rel}","templated":true}]}}