{"id":7760,"date":"2017-06-06T12:37:45","date_gmt":"2017-06-06T15:37:45","guid":{"rendered":"https:\/\/quasarcomunicacion.com.ar\/web\/?p=7760"},"modified":"2017-06-06T12:37:45","modified_gmt":"2017-06-06T15:37:45","slug":"charla-gratuita-sobre-la-nueva-ley-de-emprendedores-en-pilar","status":"publish","type":"post","link":"https:\/\/quasarcomunicacion.com.ar\/web\/charla-gratuita-sobre-la-nueva-ley-de-emprendedores-en-pilar\/","title":{"rendered":"Charla Gratuita sobre la Nueva Ley de Emprendedores en Pilar"},"content":{"rendered":"<p style=\"text-align: left;\" align=\"center\"><span style=\"font-family: Verdana; font-size: small;\">\u00a0El pr\u00f3ximo martes 27 de junio a las 10 hs en <\/span><b style=\"font-family: Verdana; font-size: small;\">Wid\u00fa Networking Space<\/b><span style=\"font-family: Verdana; font-size: small;\">se realizar\u00e1 una <\/span><b style=\"font-family: Verdana; font-size: small;\">charla gratuita sobre la \u00abNueva Ley de Emprendedores\u00bb<\/b><span style=\"font-family: Verdana; font-size: small;\"> la cual estar\u00e1 a cargo de la Dra. Carla Vaccaro y el contador p\u00fablico y licenciado en Administraci\u00f3n de Empresas, Alejandro P\u00e9rez D\u00edaz. La charla organizada por<\/span><b style=\"font-family: Verdana; font-size: small;\"> Emprender Hoy<\/b><span style=\"font-family: Verdana; font-size: small;\"> es con entrada libre y gratuita. S\u00f3lo se requiere inscripci\u00f3n previa en <\/span><a style=\"font-family: Verdana; font-size: small;\" href=\"http:\/\/emprenderhoy.com.ar\/nuevaleyemprendedores.html\"> http:\/\/emprenderhoy.com.ar\/nuevaleyemprendedores.html<\/a><span style=\"font-family: Verdana; font-size: small;\">. M\u00e1s informaci\u00f3n escribiendo a <\/span><a style=\"font-family: Verdana; font-size: small;\" href=\"mailto:info@emprenderhoy.com.ar\"> info@emprenderhoy.com.ar<\/a><span style=\"font-family: Verdana; font-size: small;\"> o por whatsapp al 011 15 6742 7635.<!--more--><\/span><\/p>\n<p><span style=\"font-family: Verdana; font-size: small;\">La charla se brindar\u00e1 en el auditorio de <b>Wid\u00fa Networking Space<\/b>. Coordenadas del lugar del evento: auditorio de Wid\u00fa Networking Space en Parque Austral (Km 50 de ru<\/span>ta 8, frente a Easy Pilar) -34.450343, -58.866505, Edificio M3 2\u00ba piso<\/p>\n<p><span style=\"font-family: Verdana; font-size: small;\">Con la sanci\u00f3n por parte del Senado Nacional de la denominada Ley de Emprendedores, el pasado 29 de marzo de 2017, se abre la posibilidad de encauzar los nuevos proyectos a trav\u00e9s de la creaci\u00f3n de un nuevo tipo legal societario: las Sociedades por Acciones Simplificadas (S.A.S.) Adem\u00e1s, prometen inscripciones tanto en el Registro P\u00fablico de Comercio como en la AFIP dentro de las\u00a0 24 hs. presentando el tr\u00e1mite en la p\u00e1gina web de dicho organismo o en cualquiera de sus agencias. <\/span><\/p>\n<p><span style=\"font-family: Verdana; font-size: small;\">Estos y muchos otros beneficios de la nueva ley son los que abordar\u00e1n los profesionales que la analizar\u00e1n desde lo jur\u00eddico e impositivo.<\/span><\/p>\n<p><b><span style=\"font-family: Verdana; font-size: small;\">Acerca de la Dra. Carla Vaccaro<\/span><\/b><\/p>\n<p><span style=\"font-family: Verdana; font-size: small;\"> Abogada corporativa especializada en asesoramiento societario, comercial, fusiones y adquisiciones, variaciones de capital, contratos comerciales, asesoramiento a empresas, contratos parasocietarios, asistencia en resoluci\u00f3n de conflictos societarios, confecci\u00f3n de contratos comerciales, bases y condiciones. Consultor\u00eda a empresas de investigaci\u00f3n, desarrollo e innovaci\u00f3n; en la elaboraci\u00f3n de planes estrat\u00e9gicos, de negocios, alianzas, estructuraci\u00f3n y posicionamiento.<\/span><\/p>\n<p><span style=\"font-family: Verdana; font-size: small;\">Es la socia fundadora de <b>SGV ABOGADOS<\/b>, estudio especializado en la formaci\u00f3n de sociedades comerciales, fusiones y adquisiciones, variaciones de capital, rondas de inversi\u00f3n, disoluci\u00f3n y liquidaci\u00f3n de empresas. Elaboraci\u00f3n de contratos comerciales. Mantenimiento de libros societarios. Resoluci\u00f3n de conflictos societarios. Bases y condiciones para concursos y p\u00e1ginas web. Presentaciones ante Registro P\u00fablico de Comercio de la Ciudad de Buenos Aires, Defensa de la Competencia y Defensa del Consumidor. Inscripciones ante la Direcci\u00f3n Nacional de Protecci\u00f3n de Datos Personales. Informe de operaciones ante la Comisi\u00f3n Nacional de Defensa de la Competencia. Planeamiento estrat\u00e9gico de proyectos tecnol\u00f3gicos.<\/span><\/p>\n<p><b><span style=\"font-family: Verdana; font-size: small;\">Acerca del Lic. Alejandro P\u00e9rez D\u00edaz<\/span><\/b><\/p>\n<p><span style=\"font-family: Verdana; font-size: small;\"> Alejandro P\u00e9rez D\u00edas es un profesional con amplia experiencia en gesti\u00f3n integral de sectores productivos\/administrativos con enfoque de servicio, manejo de grandes dotaciones y altos niveles de producci\u00f3n. Se ha formado acad\u00e9micamente primero como T\u00e9cnico en instalaciones industriales, luego como Licenciado en Administraci\u00f3n y posteriormente como Contador p\u00fablico Nacional, lo que ha ampliado su espectro de aptitudes laborales y as\u00ed poder gerenciar la administraci\u00f3n productiva, econ\u00f3mica y financiera integral del \u00e1rea bajo su responsabilidad. <\/span><\/p>\n<p><span style=\"font-family: Verdana; font-size: small;\">Es el titular de <b> \u00abASESORAMIENTO IMPOSITIVO PILAR\u00bb<\/b>, como asesor impositivo de contribuyentes de Emprendimientos Unipersonales. Su estrategia de mercado es enfocarse justamente en este tipo de contribuyentes para dar un servicio personalizado con la mejor relaci\u00f3n de costo\/beneficio.<\/span><span style=\"font-family: Verdana; font-size: small;\"> Generalmente este tipo de contribuyentes debe sostener una estructura de costos elevada de alg\u00fan estudio contable en forma innecesaria; adem\u00e1s habitualmente no tienen acceso directo al Contador para poder hacerle consultas o realizar estrategias en conjunto para mejorar la rentabilidad de su negocio<\/span><\/p>\n<p><b><span style=\"font-family: Verdana; font-size: small;\">Acerca de Emprender HOY<\/span><\/b><\/p>\n<p>&nbsp;<\/p>\n<p><span style=\"font-family: Verdana; font-size: xx-small;\"><b>Emprender HOY<\/b> es un espacio para todos los emprendedores que se materializa en diversos eventos como ferias, encuentros, capacitaciones, consultor\u00edas, espacios de networking, entre otros. Somos un equipo de profesionales emprendedores que ofrecemos nuestra experiencia y conocimiento para ayudar a otros que est\u00e1n emprendiendo a crecer con sus proyectos.<\/span><\/p>\n<p><span style=\"font-family: Verdana; font-size: xx-small;\">La raz\u00f3n de ser, la misi\u00f3n, de<b> Emprender HOY <\/b>es proporcionar al sector Emprendedor herramientas y conocimientos que le permitan desarrollar su propio emprendimiento e incorporar competencias que deriven en su mejora continua. <\/span><\/p>\n<p><span style=\"font-family: Verdana; font-size: xx-small;\">Buscamos fomentar una cultura colaborativa, el autoempleo y la sustentabilidad de los proyectos contribuyendo a la generaci\u00f3n de valor econ\u00f3mico en la sociedad a trav\u00e9s de la creaci\u00f3n y sostenimiento de un ecosistema emprendedor. <\/span><\/p>\n<p><span style=\"font-family: Verdana; font-size: xx-small;\">Aspiran a ser un canal de comunicaci\u00f3n entre los emprendedores y entre las instituciones y organismos dedicados a ellos<\/span><\/p>\n<p><span style=\"font-family: Verdana; font-size: xx-small;\"><b>Emprender Hoy<\/b>, a trav\u00e9s del proyecto <b>#DESARROLLOEMPRENDEDOR<\/b> desarrolla por tercer a\u00f1o consecutivo un ciclo de actividades gratuitas compuesto por charlas y encuentros de networking.<\/span><\/p>\n<p><span style=\"font-family: Verdana; font-size: xx-small;\">El mismo se desarrolla en la ciudad de Pilar (Bs. As., Argentina) y cuenta con el apoyo de diferentes instituciones, particulares, medios de comunicaci\u00f3n y consultores independientes que comparten su conocimiento de manera desinteresada. <\/span><\/p>\n<p><b><span style=\"font-family: Verdana; font-size: small;\">Acerca de Pilar Emprende by Emprender HOY <\/span><\/b><\/p>\n<p><span style=\"font-family: Verdana; font-size: xx-small;\"><b> Pilar Emprende<\/b> surge a partir del trabajo de <b>Emprender HOY, <\/b> un espacio que busca otorgarle valor a los proyectos de emprendedores de la zona, acompa\u00f1arlos en su puesta en marcha y disfrutar en equipo de los objetivos cumplidos <\/span><\/p>\n<p><span style=\"font-family: Verdana; font-size: xx-small;\">Para cumplir con su misi\u00f3n, brindan herramientas, espacios de networking, capacitaciones, tips, noticias, consultor\u00eda y todo lo que necesita el emprendedor para crecer y conformar un s\u00f3lido ecosistema emprendedor. <\/span><\/p>\n<p><span style=\"font-family: Verdana; font-size: xx-small;\"><b>Pilar Emprende<\/b> es un espacio pensado por emprendedores para los emprendedores de Pilar que junto a <b>Emprender HOY<\/b> le brindan oportunidades para crecer con su proyecto<\/span><\/p>\n<p><span style=\"font-family: Verdana; font-size: xx-small;\">Adem\u00e1s, cuenta desde 2015 con el espacio radial Pilar Emprende Radio que durante 2015 se emite los martes de 15 a 17 hs por Radio X Pilar (FM 100.3 \/ <a href=\"http:\/\/www.radioxpilar.com\/\">www.radioxpilar.com<\/a>.ar) en su segunda temporada.<\/span><\/p>\n<p><span style=\"font-family: Verdana; font-size: xx-small;\"><b> Emprender HOY <\/b>es un espacio para todos los emprendedores que se materializa en diversos eventos como ferias, encuentros, capacitaciones, consultor\u00edas, espacios de networking, entre otros. <\/span><\/p>\n<p><span style=\"font-family: Verdana; font-size: xx-small;\">La raz\u00f3n de ser, la misi\u00f3n, de <b>Emprender HOY <\/b>es proporcionar al sector Emprendedor herramientas y conocimientos que le permitan desarrollar su propio emprendimiento e incorporar competencias que deriven en su mejora continua. <\/span><\/p>\n<p><span style=\"font-family: Verdana; font-size: xx-small;\">Desde la instituci\u00f3n buscan fomentar el autoempleo y la sustentabilidad de los proyectos contribuyendo a la generaci\u00f3n de valor econ\u00f3mico en la sociedad a trav\u00e9s de la creaci\u00f3n y sostenimiento de un ecosistema emprendedor. Aspiran a ser un canal de comunicaci\u00f3n entre los emprendedores y entre las instituciones y organismos dedicados a ellos <\/span><\/p>\n<p><span style=\"font-family: Verdana; font-size: xx-small;\">Tambi\u00e9n cuentan con un grupo de consultores independientes que acercan su saber a los emprendedores, gener\u00e1ndose una comunidad donde la informaci\u00f3n se comparte de forma exponencial y viral <\/span><\/p>\n<p><span style=\"font-size: small;\"><b><i><span style=\"font-family: Arial;\">Por otras im\u00e1genes, audios o entrevistas no dude en contactarse<\/span><\/i><\/b><\/span><\/p>\n<p align=\"center\"><span style=\"font-size: small;\"><b><i> Contactos de Prensa<\/i><\/b><\/span><\/p>\n<div align=\"left\">\n<table width=\"100%\" border=\"1\" cellpadding=\"2\" align=\"left\">\n<tbody>\n<tr>\n<td align=\"center\" width=\"50%\">\n<p align=\"left\"><strong> <span style=\"color: #ff0000; font-family: Arial; font-size: small;\">Mayra Ibarra<\/span><\/strong><span style=\"font-size: medium;\"><strong><span style=\"color: #808080; font-family: Arial; font-size: small;\"> &#8211; Asistente de Cuentas<\/p>\n<p><\/span> <\/strong><\/span> <span style=\"font-size: xx-small;\"><span style=\"color: #ff0000;\"> Directo<\/span><b>: <\/b> 0230<\/span><span style=\"font-size: xx-small;\">-4664772<br \/>\n<\/span><span style=\"color: #ff0000; font-size: xx-small;\"> Skype:<\/span><span style=\"font-size: xx-small;\"> quasarcomunicacion<br \/>\n<\/span><span style=\"color: #ff0000; font-size: xx-small;\"> Twitter:<\/span><span style=\"font-size: xx-small;\"> @quasarpilar<br \/>\n<\/span><span style=\"color: #ff0000; font-size: xx-small;\"> Gr<\/span><span style=\"color: #ff0000; font-size: xx-small;\">upo y p\u00e1gina en Facebook: <\/span> <span style=\"color: #808080; font-size: xx-small;\">www.facebook.com\/<\/span><a href=\"mailto:mfipata@gmail.com\"><span style=\"font-size: xx-small;\">Quasar<\/span><\/a><span style=\"font-size: xx-small;\">Comunicacion<br \/>\n<\/span><span style=\"color: #ff0000; font-size: xx-small;\"> Web:<\/span><b><\/b> <a href=\"http:\/\/www.quasarcomunicacion.com.ar\/\"> <span style=\"font-size: xx-small;\">www.quasarcomunicacion.com.ar<\/span><\/a><\/p>\n<p align=\"left\"><span style=\"font-size: xx-small;\"> <span style=\"color: #ff0000;\">Mail<\/span><b>:<\/b><\/span><span style=\"font-size: xx-small;\"> <a href=\"mailto:fernanda@quasarcomunicacion.com.ar\"> quasar@quasarcomunicacion.com.ar<\/a><\/span><\/p>\n<\/td>\n<td align=\"center\" width=\"50%\">\n<p align=\"right\"><span style=\"font-size: medium;\"><strong> <span style=\"color: #808080; font-family: Arial; font-size: small;\"> Lic. Mar\u00eda Fernanda Ipata &#8211; Directora<br \/>\n<\/span> <\/strong><\/span> <span style=\"font-size: xx-small;\"><span style=\"color: #ff0000;\"><br \/>\nDirecto<\/span><b>: <\/b> 0230<\/span><span style=\"font-size: xx-small;\">-4664772<\/span><span style=\"font-size: xx-small;\"><br \/>\n<\/span><span style=\"font-size: xx-small;\"> <span style=\"color: #ff0000;\">M\u00f3vil:<\/span><b> <\/b> 0230<\/span><span style=\"font-size: xx-small;\">-15-4584535<br \/>\n011-15-6096-4656 ID 558*3763<br \/>\n<\/span><span style=\"color: #ff0000; font-size: xx-small;\"> Skype:<\/span><span style=\"font-size: xx-small;\"> quasarcomunicacion<br \/>\n<\/span><span style=\"color: #ff0000; font-size: xx-small;\"> Twitter:<\/span><span style=\"font-size: xx-small;\"> @quasarpilar<br \/>\n<\/span><span style=\"color: #ff0000; font-size: xx-small;\"> Gr<\/span><span style=\"color: #ff0000; font-size: xx-small;\">upo y p\u00e1gina en Facebook: <\/span> <span style=\"color: #808080; font-size: xx-small;\">www.facebook.com\/<\/span><a href=\"mailto:mfipata@gmail.com\"><span style=\"font-size: xx-small;\">Quasar<\/span><\/a><span style=\"font-size: xx-small;\">Comunicacion<br \/>\n<\/span><span style=\"font-size: xx-small;\"> <span style=\"color: #ff0000;\">LinkedIn<\/span><b>:\u00a0 <\/b><\/span> <span style=\"font-size: xx-small;\"><b> <a href=\"http:\/\/www.linkedin.com\/in\/mfipata\"> http:\/\/www.linkedin.com\/in\/mfipata<\/a><\/b><\/span><span style=\"font-size: xx-small;\"><br \/>\n<\/span><span style=\"color: #ff0000; font-size: xx-small;\"> Web:<\/span><b><\/b> <a href=\"http:\/\/www.quasarcomunicacion.com.ar\/\"> <span style=\"font-size: xx-small;\">www.quasarcomunicacion.com.ar<\/span><\/a><span style=\"font-size: xx-small;\"><br \/>\n<\/span><span style=\"font-size: xx-small;\"> <span style=\"color: #ff0000;\">Mail<\/span><b>:<\/b><\/span><span style=\"font-size: xx-small;\"><a href=\"mailto:fernanda@quasarcomunicacion.com.ar\"> fernanda@quasarcomunicacion.com.ar<\/a><\/span><\/p>\n<\/td>\n<\/tr>\n<\/tbody>\n<\/table>\n<\/div>\n","protected":false},"excerpt":{"rendered":"<p>\u00a0El pr\u00f3ximo martes 27 de junio a las 10 hs en Wid\u00fa Networking Spacese realizar\u00e1 una charla gratuita sobre la [&hellip;]<\/p>\n","protected":false},"author":2,"featured_media":0,"comment_status":"open","ping_status":"open","sticky":false,"template":"","format":"standard","meta":[],"categories":[2],"tags":[],"_links":{"self":[{"href":"https:\/\/quasarcomunicacion.com.ar\/web\/wp-json\/wp\/v2\/posts\/7760"}],"collection":[{"href":"https:\/\/quasarcomunicacion.com.ar\/web\/wp-json\/wp\/v2\/posts"}],"about":[{"href":"https:\/\/quasarcomunicacion.com.ar\/web\/wp-json\/wp\/v2\/types\/post"}],"author":[{"embeddable":true,"href":"https:\/\/quasarcomunicacion.com.ar\/web\/wp-json\/wp\/v2\/users\/2"}],"replies":[{"embeddable":true,"href":"https:\/\/quasarcomunicacion.com.ar\/web\/wp-json\/wp\/v2\/comments?post=7760"}],"version-history":[{"count":0,"href":"https:\/\/quasarcomunicacion.com.ar\/web\/wp-json\/wp\/v2\/posts\/7760\/revisions"}],"wp:attachment":[{"href":"https:\/\/quasarcomunicacion.com.ar\/web\/wp-json\/wp\/v2\/media?parent=7760"}],"wp:term":[{"taxonomy":"category","embeddable":true,"href":"https:\/\/quasarcomunicacion.com.ar\/web\/wp-json\/wp\/v2\/categories?post=7760"},{"taxonomy":"post_tag","embeddable":true,"href":"https:\/\/quasarcomunicacion.com.ar\/web\/wp-json\/wp\/v2\/tags?post=7760"}],"curies":[{"name":"wp","href":"https:\/\/api.w.org\/{rel}","templated":true}]}}