{"id":7756,"date":"2017-06-02T15:47:44","date_gmt":"2017-06-02T18:47:44","guid":{"rendered":"https:\/\/quasarcomunicacion.com.ar\/web\/?p=7756"},"modified":"2017-06-02T15:47:44","modified_gmt":"2017-06-02T18:47:44","slug":"curso-de-observacion-de-aves-en-pilar-2","status":"publish","type":"post","link":"https:\/\/quasarcomunicacion.com.ar\/web\/curso-de-observacion-de-aves-en-pilar-2\/","title":{"rendered":"Curso de Observaci\u00f3n de Aves en Pilar"},"content":{"rendered":"<p style=\"text-align: left;\" align=\"center\"><span style=\"font-family: Verdana; font-size: small;\">El fin de semana del 10 y 11 de junio El <\/span><b style=\"font-family: Verdana; font-size: small;\"> Club de Observadores de Aves de Pilar<\/b><span style=\"font-family: Verdana; font-size: small;\"> estar\u00e1 llevando a cabo un nuevo curso. La actividad est\u00e1 destinada para toda la familia, es completamente gratuita y tiene por objetivo que la gente conozca las aves de Pilar.<!--more--><\/span><\/p>\n<p><span style=\"font-family: Verdana; font-size: small;\">El fin de semana comenzar\u00e1 el s\u00e1bado 10 de junio con una Charla Te\u00f3rica a partir de las 16 hasta las 19 horas en la Secretar\u00eda de Medio Ambiente, ubicada en Posadas 308, 1\u00aa piso (esq. Colectora), y continuar\u00e1 el domingo 11 con una salida de campo de 9 a 12 horas, en la <b>Reserva Natural del Pilar<\/b>, ubicada a menos de 2 km del casco urbano de la ciudad del Pilar y de la Panamericana (Ramal Pilar).<\/span><\/p>\n<p><a href=\"https:\/\/quasarcomunicacion.com.ar\/web\/wp-content\/uploads\/2015\/07\/cursoaves1.gif\"><img class=\"aligncenter\" alt=\"cursoaves1\" src=\"https:\/\/quasarcomunicacion.com.ar\/web\/wp-content\/uploads\/2015\/07\/cursoaves1.gif\" \/><\/a><\/p>\n<p><span style=\"font-family: Verdana; font-size: small;\">Para inscribirse o recibir m\u00e1s informaci\u00f3n comunicarse escribiendo a <a href=\"mailto:coadelpilar@gmail.com\"> coadelpilar@gmail.com<\/a> o bien llamando al 11 44049848<\/span><\/p>\n<p><span style=\"font-family: Verdana; font-size: small;\">Encontralos en Facebook como <b>Club de Observadores de Aves del Pilar (https:\/\/www.facebook.com\/COADelPilar)\u00a0 <\/b> <\/span><\/p>\n<p><span style=\"font-family: Verdana; font-size: small;\">Los <b>Clubes de Observadores de Aves<\/b> est\u00e1n pensados como grupos de aficionados a la observaci\u00f3n de aves, independientes, voluntarios, organizados bajo normas propias, sin fines de lucro, con esp\u00edritu democr\u00e1tico y participativo, integrados por movilizadores de la tem\u00e1tica ambiental en la ciudad donde habitan. Puede participar toda persona que disfrute del contacto con la Naturaleza, sin necesidad de ninguna instrucci\u00f3n en el tema.<\/span><\/p>\n<p><span style=\"font-family: Verdana; font-size: small;\">El acceso a la <b>Reserva Natural del Pilar <\/b>es muy f\u00e1cil ya que hay asfalto hasta el ingreso a la misma y el colectivo 503 llega hasta all\u00ed, indica a Ex F\u00e1brica Militar y parte del centro de Pilar. La Reserva se encuentra ubicada en la calle Argerich sin n\u00famero, detr\u00e1s de la ex F\u00e1brica Militar, por ruta 25 camino a Escobar.<\/span><\/p>\n<p><b><span style=\"font-family: Arial; font-size: small;\">Toda la info de la Reserva ingresando en\u00a0<\/span><\/b><br \/>\n<a href=\"http:\/\/www.quasarcomunicacion.com.ar\/web\/reserva\"> http:\/\/www.quasarcomunicacion.com.ar\/web\/reserva<\/a><\/p>\n<p><span style=\"font-size: small;\"><b><i><span style=\"font-family: Arial;\">Por otras im\u00e1genes, audios o entrevistas no dude en contactarse<\/span><\/i><\/b><\/span><\/p>\n<p align=\"center\"><span style=\"font-size: small;\"><b><i> Contactos de Prensa<\/i><\/b><\/span><\/p>\n<div align=\"left\">\n<table width=\"100%\" border=\"1\" cellpadding=\"2\" align=\"left\">\n<tbody>\n<tr>\n<td align=\"center\" width=\"50%\">\n<p align=\"left\"><strong> <span style=\"color: #ff0000; font-family: Arial; font-size: small;\">Mayra Ibarra<\/span><\/strong><span style=\"font-size: medium;\"><strong><span style=\"color: #808080; font-family: Arial; font-size: small;\"> &#8211; Asistente de Cuentas<\/p>\n<p><\/span> <\/strong><\/span> <span style=\"font-size: xx-small;\"><span style=\"color: #ff0000;\"> Directo<\/span><b>: <\/b> 0230<\/span><span style=\"font-size: xx-small;\">-4664772<br \/>\n<\/span><span style=\"color: #ff0000; font-size: xx-small;\"> Skype:<\/span><span style=\"font-size: xx-small;\"> quasarcomunicacion<br \/>\n<\/span><span style=\"color: #ff0000; font-size: xx-small;\"> Twitter:<\/span><span style=\"font-size: xx-small;\"> @quasarpilar<br \/>\n<\/span><span style=\"color: #ff0000; font-size: xx-small;\"> Gr<\/span><span style=\"color: #ff0000; font-size: xx-small;\">upo y p\u00e1gina en Facebook: <\/span> <span style=\"color: #808080; font-size: xx-small;\">www.facebook.com\/<\/span><a href=\"mailto:mfipata@gmail.com\"><span style=\"font-size: xx-small;\">Quasar<\/span><\/a><span style=\"font-size: xx-small;\">Comunicacion<br \/>\n<\/span><span style=\"color: #ff0000; font-size: xx-small;\"> Web:<\/span><b><\/b> <a href=\"http:\/\/www.quasarcomunicacion.com.ar\/\"> <span style=\"font-size: xx-small;\">www.quasarcomunicacion.com.ar<\/span><\/a><\/p>\n<p align=\"left\"><span style=\"font-size: xx-small;\"> <span style=\"color: #ff0000;\">Mail<\/span><b>:<\/b><\/span><span style=\"font-size: xx-small;\"> <a href=\"mailto:fernanda@quasarcomunicacion.com.ar\"> quasar@quasarcomunicacion.com.ar<\/a><\/span><\/p>\n<\/td>\n<td align=\"center\" width=\"50%\">\n<p align=\"right\"><span style=\"font-size: medium;\"><strong> <span style=\"color: #808080; font-family: Arial; font-size: small;\"> Lic. Mar\u00eda Fernanda Ipata &#8211; Directora<br \/>\n<\/span> <\/strong><\/span> <span style=\"font-size: xx-small;\"><span style=\"color: #ff0000;\"><br \/>\nDirecto<\/span><b>: <\/b> 0230<\/span><span style=\"font-size: xx-small;\">-4664772<\/span><span style=\"font-size: xx-small;\"><br \/>\n<\/span><span style=\"font-size: xx-small;\"> <span style=\"color: #ff0000;\">M\u00f3vil:<\/span><b> <\/b> 0230<\/span><span style=\"font-size: xx-small;\">-15-4584535<br \/>\n011-15-6096-4656 ID 558*3763<br \/>\n<\/span><span style=\"color: #ff0000; font-size: xx-small;\"> Skype:<\/span><span style=\"font-size: xx-small;\"> quasarcomunicacion<br \/>\n<\/span><span style=\"color: #ff0000; font-size: xx-small;\"> Twitter:<\/span><span style=\"font-size: xx-small;\"> @quasarpilar<br \/>\n<\/span><span style=\"color: #ff0000; font-size: xx-small;\"> Gr<\/span><span style=\"color: #ff0000; font-size: xx-small;\">upo y p\u00e1gina en Facebook: <\/span> <span style=\"color: #808080; font-size: xx-small;\">www.facebook.com\/<\/span><a href=\"mailto:mfipata@gmail.com\"><span style=\"font-size: xx-small;\">Quasar<\/span><\/a><span style=\"font-size: xx-small;\">Comunicacion<br \/>\n<\/span><span style=\"font-size: xx-small;\"> <span style=\"color: #ff0000;\">LinkedIn<\/span><b>:\u00a0 <\/b><\/span> <span style=\"font-size: xx-small;\"><b> <a href=\"http:\/\/www.linkedin.com\/in\/mfipata\"> http:\/\/www.linkedin.com\/in\/mfipata<\/a><\/b><\/span><span style=\"font-size: xx-small;\"><br \/>\n<\/span><span style=\"color: #ff0000; font-size: xx-small;\"> Web:<\/span><b><\/b> <a href=\"http:\/\/www.quasarcomunicacion.com.ar\/\"> <span style=\"font-size: xx-small;\">www.quasarcomunicacion.com.ar<\/span><\/a><span style=\"font-size: xx-small;\"><br \/>\n<\/span><span style=\"font-size: xx-small;\"> <span style=\"color: #ff0000;\">Mail<\/span><b>:<\/b><\/span><span style=\"font-size: xx-small;\"><a href=\"mailto:fernanda@quasarcomunicacion.com.ar\"> fernanda@quasarcomunicacion.com.ar<\/a><\/span><\/p>\n<\/td>\n<\/tr>\n<\/tbody>\n<\/table>\n<\/div>\n","protected":false},"excerpt":{"rendered":"<p>El fin de semana del 10 y 11 de junio El Club de Observadores de Aves de Pilar estar\u00e1 llevando [&hellip;]<\/p>\n","protected":false},"author":2,"featured_media":6246,"comment_status":"open","ping_status":"open","sticky":false,"template":"","format":"standard","meta":[],"categories":[2],"tags":[],"_links":{"self":[{"href":"https:\/\/quasarcomunicacion.com.ar\/web\/wp-json\/wp\/v2\/posts\/7756"}],"collection":[{"href":"https:\/\/quasarcomunicacion.com.ar\/web\/wp-json\/wp\/v2\/posts"}],"about":[{"href":"https:\/\/quasarcomunicacion.com.ar\/web\/wp-json\/wp\/v2\/types\/post"}],"author":[{"embeddable":true,"href":"https:\/\/quasarcomunicacion.com.ar\/web\/wp-json\/wp\/v2\/users\/2"}],"replies":[{"embeddable":true,"href":"https:\/\/quasarcomunicacion.com.ar\/web\/wp-json\/wp\/v2\/comments?post=7756"}],"version-history":[{"count":0,"href":"https:\/\/quasarcomunicacion.com.ar\/web\/wp-json\/wp\/v2\/posts\/7756\/revisions"}],"wp:featuredmedia":[{"embeddable":true,"href":"https:\/\/quasarcomunicacion.com.ar\/web\/wp-json\/wp\/v2\/media\/6246"}],"wp:attachment":[{"href":"https:\/\/quasarcomunicacion.com.ar\/web\/wp-json\/wp\/v2\/media?parent=7756"}],"wp:term":[{"taxonomy":"category","embeddable":true,"href":"https:\/\/quasarcomunicacion.com.ar\/web\/wp-json\/wp\/v2\/categories?post=7756"},{"taxonomy":"post_tag","embeddable":true,"href":"https:\/\/quasarcomunicacion.com.ar\/web\/wp-json\/wp\/v2\/tags?post=7756"}],"curies":[{"name":"wp","href":"https:\/\/api.w.org\/{rel}","templated":true}]}}