{"id":7749,"date":"2017-05-24T10:18:28","date_gmt":"2017-05-24T13:18:28","guid":{"rendered":"https:\/\/quasarcomunicacion.com.ar\/web\/?p=7749"},"modified":"2017-05-24T10:18:28","modified_gmt":"2017-05-24T13:18:28","slug":"mindfulness-la-solucion-para-bajar-el-estres-y-la-ansiedad-en-un-mes","status":"publish","type":"post","link":"https:\/\/quasarcomunicacion.com.ar\/web\/mindfulness-la-solucion-para-bajar-el-estres-y-la-ansiedad-en-un-mes\/","title":{"rendered":"Mindfulness: la soluci\u00f3n para bajar el estr\u00e9s y la ansiedad en un mes"},"content":{"rendered":"<p style=\"text-align: left;\" align=\"center\"><span style=\"font-family: Verdana; font-size: small;\">\u00a0<\/span>El<b> Centro de Estudios Especializados en Trastornos de Ansiedad (CEETA)<\/b>, lanza un nuevo <b>Curso Introductorio de Mindfulness en Pilar <\/b>que se desarrollar\u00e1 los d\u00edas JUEVES de 18 a 20.30 hs en Galer\u00eda Site Zen Pilar (Chubut 45, Km 50, a metros de Village Cinemas Pilar). Para inscribirse o por consultas sobre medios de pago, comunicarse con la secretar\u00eda del <b>CEETA<\/b> \u2013 <a href=\"mailto:info@ceeta.org\"> info@ceeta.org<\/a> \/ (011)47886245 \/ (0230) 4667175 de lunes a viernes de 13.30 a 18.30 hs<!--more--><\/p>\n<p>El curso que tiene un total de 15 horas de clases distribuidas en 6 encuentros, se inicia el jueves <span style=\"font-size: small;\"> 22 de junio y se prolonga hasta el 27 de julio de 2017<\/span><\/p>\n<p>Es de destacar que mediante la pr\u00e1ctica de Mindfulness, podemos controlar la ansiedad y manejar el estr\u00e9s a trav\u00e9s del aprendizaje de pr\u00e1cticas que nos ayudar\u00e1n a focalizarnos en el momento presente, lo que trae numerosos beneficios emocionales, mentales y f\u00edsicos.<\/p>\n<p>\u00bfTe gustar\u00eda aprender una pr\u00e1ctica que puede ayudarte a relacionarte con el estr\u00e9s de la vida diaria de una manera diferente y lograr la ansiada felicidad?<\/p>\n<p>Solo con 20 minutos que se le dedique a esta pr\u00e1ctica uno entrena la mente para lograrlo. Por eso el <b>CEETA<\/b> lanza una nueva opci\u00f3n para que aquellos que quedaron sin vacante en los cursos anteriores, no se pierdan esta nueva oportunidad. Para inscribirse o por consultas sobre medios de pago, comunicarse con la secretar\u00eda del <b>CEETA<\/b> \u2013 <a href=\"mailto:info@ceeta.org\"> info@ceeta.org<\/a> \/ (011)47886245 \/ (0230) 4667175 de lunes a viernes de 13.30 a 18.30 hs<\/p>\n<p><a href=\"https:\/\/quasarcomunicacion.com.ar\/web\/wp-content\/uploads\/2016\/05\/mindfulness.gif\"><img class=\"aligncenter\" alt=\"mindfulness\" src=\"https:\/\/quasarcomunicacion.com.ar\/web\/wp-content\/uploads\/2016\/05\/mindfulness.gif\" \/><\/a><\/p>\n<p>Para participar no se necesita experiencia previa. El curso ofrece los mismos contenidos te\u00f3ricos y pr\u00e1cticos del curso MBSR que se dicta internacionalmente, en formato intensivo.\u00a0Incluye charla de neurociencias, con presentaci\u00f3n de evidencia cient\u00edfica sobre los cambios que suceden en el cerebro al practicar\u00a0Mindfulness.<\/p>\n<p>El curso ofrece los mismos contenidos te\u00f3ricos y pr\u00e1cticos del curso MBSR que se dicta internacionalmente, en formato intensivo. Incluye charla de neurociencias, con presentaci\u00f3n de evidencia cient\u00edfica sobre los cambios que suceden en el cerebro al practicar Mindfulness.<\/p>\n<p>El curso estar\u00e1 coordinado por Margarita Aulicino, especialista en Mindfulness del <b>CEETA<\/b>.<\/p>\n<p>El valor total del curso es de 3500 pesos y podr\u00e1 abonarse a trav\u00e9s de Mercado Pago con tarjeta de cr\u00e9dito, Pago F\u00e1cil, RapiPago, etc. Tambi\u00e9n en la secretar\u00eda del <b>CEETA<\/b> en Concord Pilar.<\/p>\n<p>El <b>Centro de Estudios Especializados en Trastornos de Ansiedad (CEETA)<\/b> tiene su sede central en el Edificio Concord-Sector Los Almendros-piso segundo Oficina 202. Km 50 de la ruta Panamericana ramal Pilar. Tel\u00e9fono: \u00a00230-4667175 o al 011-4788-6245 \u00f3 al Celular 15-4416-1578 <a href=\"http:\/\/www.ceeta.org\/\"> www.ceeta.org<\/a>\u00a0 Tambi\u00e9n tiene sedes en\u00a0 Parque Patricios, Barrio Norte, Belgrano, San Isidro, Mor\u00f3n, Lomas de Zamora y Quilmes . En <b>facebook<\/b>, la fan page es <a href=\"https:\/\/www.facebook.com\/ansiedad.ceeta\"> https:\/\/www.facebook.com\/ansiedad.ceeta<\/a><\/p>\n<p><b><span style=\"font-family: Verdana; font-size: small;\">Acerca de Mindfulness<\/span><\/b><\/p>\n<p><span style=\"font-family: Verdana; font-size: xx-small;\">El Mindfulness se traduce al castellano como \u201catenci\u00f3n plena\u201d o \u201cconciencia plena\u201d, y consiste en estar presentes en el aqu\u00ed y ahora, tanto f\u00edsica como mentalmente, atentos a lo que est\u00e1 sucediendo en nuestra experiencia interior as\u00ed como en nuestro entorno. Quiere decir prestar atenci\u00f3n a las experiencias del momento presente intencionalmente, acept\u00e1ndolas tal cual son, sin juzgarlas como buenas o malas. <\/span><\/p>\n<p><span style=\"font-family: Verdana; font-size: xx-small;\">El entrenamiento en Mindfulness nos permite conectarnos con nuestro cuerpo, nuestros pensamientos y nuestras emociones con mayor presencia y con una actitud de curiosidad o de exploraci\u00f3n. Esto nos lleva a poder entender su interrelaci\u00f3n, y tomar un rol m\u00e1s activo en c\u00f3mo queremos llevar adelante nuestra vida. Se puede desarrollar tanto realizando los ejercicios formales diariamente como aplicando los conceptos y filosof\u00eda de vida en nuestras acciones cotidianas.<\/span><\/p>\n<p><span style=\"font-family: Verdana; font-size: small;\"><b>Acerca de Margarita Aulicino<\/b><\/span><\/p>\n<p><span style=\"font-family: Verdana; font-size: xx-small;\"> Es Lic, en Psicolog\u00eda (UBA) y Magister en Econom\u00eda y Salud (Universidad ISalud). Se ha desempe\u00f1ado como psicoterapeuta en su consultorio particular y en diversas instituciones de salud y empresas de medicina prepaga, donde adem\u00e1s coordin\u00f3 equipos de profesionales y realiz\u00f3 tareas de supervisi\u00f3n y auditoria de prestaciones.<br \/>\nAdem\u00e1s de su formaci\u00f3n profesional general y en trastornos de ansiedad en particular, se ha capacitado en t\u00e9cnicas de Mindfulness y se ha entrenado como facilitadora. Implementa talleres para el p\u00fablico en general y para pacientes con trastornos de ansiedad y otras patolog\u00edas.<br \/>\nEntiende que la trasmisi\u00f3n del enfoque Mindfulness no puede hacerse si \u00e9sta no est\u00e1 apoyada en una pr\u00e1ctica personal sostenida y regular. S\u00f3lo quien ha experimentado sus beneficios y conocido las alternativas y las dificultades del proceso puede acompa\u00f1ar adecuadamente a otros en ese camino. <\/span><\/p>\n<p>&nbsp;<\/p>\n<p>&nbsp;<\/p>\n<div align=\"center\"><center><\/p>\n<table width=\"90%\" border=\"0\" cellspacing=\"4\" cellpadding=\"4\">\n<tbody>\n<tr>\n<td bgcolor=\"#ECFFF9\" width=\"100%\"><i> <span style=\"font-family: Verdana; font-size: xx-small;\">Los especialistas del CEETA<\/span><\/i><span style=\"font-family: Verdana; font-size: xx-small;\"><i>, est\u00e1n disponible para consultas o entrevistas sobre el tema. Comunicarse al 0230-4664772 \u00f3 011-15-6096-4656 para concretarlas o enviar un mail a <a href=\"mailto:gabriela@quasarcomunicacion.com.ar\"> fernanda@quasarcomunicacion.com.ar <\/a>\u00a0<\/i><\/span><\/td>\n<\/tr>\n<\/tbody>\n<\/table>\n<p><\/center><\/div>\n<p align=\"left\">\n<p>&nbsp;<\/p>\n<p>&nbsp;<\/p>\n<p align=\"left\">\n<p align=\"center\"><span style=\"font-family: Verdana; font-size: small;\">Acceso a toda la informaci\u00f3n ingresando en <a href=\"http:\/\/www.quasarcomunicacion.com.ar\/ceeta\"> www.quasarcomunicacion.com.ar\/web\/ceeta<\/a> <\/span><\/p>\n<p align=\"center\"><span style=\"font-size: small;\"><b><i> Contactos de Prensa<\/i><\/b><\/span><\/p>\n<div align=\"left\">\n<table width=\"100%\" border=\"1\" cellpadding=\"2\" align=\"left\">\n<tbody>\n<tr>\n<td align=\"center\" width=\"50%\">\n<p align=\"left\"><strong> <span style=\"color: #ff0000; font-family: Arial; font-size: small;\">Mayra Ibarra<\/span><\/strong><span style=\"font-size: medium;\"><strong><span style=\"color: #808080; font-family: Arial; font-size: small;\"> &#8211; Asistente de Cuentas<\/p>\n<p><\/span> <\/strong><\/span> <span style=\"font-size: xx-small;\"><span style=\"color: #ff0000;\"> Directo<\/span><b>: <\/b> 0230<\/span><span style=\"font-size: xx-small;\">-4664772<br \/>\n<\/span><span style=\"color: #ff0000; font-size: xx-small;\"> Skype:<\/span><span style=\"font-size: xx-small;\"> quasarcomunicacion<br \/>\n<\/span><span style=\"color: #ff0000; font-size: xx-small;\"> Twitter:<\/span><span style=\"font-size: xx-small;\"> @quasarpilar<br \/>\n<\/span><span style=\"color: #ff0000; font-size: xx-small;\"> Gr<\/span><span style=\"color: #ff0000; font-size: xx-small;\">upo y p\u00e1gina en Facebook: <\/span> <span style=\"color: #808080; font-size: xx-small;\">www.facebook.com\/<\/span><a href=\"mailto:mfipata@gmail.com\"><span style=\"font-size: xx-small;\">Quasar<\/span><\/a><span style=\"font-size: xx-small;\">Comunicacion<br \/>\n<\/span><span style=\"color: #ff0000; font-size: xx-small;\"> Web:<\/span><b><\/b> <a href=\"http:\/\/www.quasarcomunicacion.com.ar\/\"> <span style=\"font-size: xx-small;\">www.quasarcomunicacion.com.ar<\/span><\/a><\/p>\n<p align=\"left\"><span style=\"font-size: xx-small;\"> <span style=\"color: #ff0000;\">Mail<\/span><b>:<\/b><\/span><span style=\"font-size: xx-small;\"> <a href=\"mailto:fernanda@quasarcomunicacion.com.ar\"> quasar@quasarcomunicacion.com.ar<\/a><\/span><\/p>\n<\/td>\n<td align=\"center\" width=\"50%\">\n<p align=\"right\"><span style=\"font-size: medium;\"><strong> <span style=\"color: #808080; font-family: Arial; font-size: small;\"> Lic. Mar\u00eda Fernanda Ipata &#8211; Directora<br \/>\n<\/span> <\/strong><\/span> <span style=\"font-size: xx-small;\"><span style=\"color: #ff0000;\"><br \/>\nDirecto<\/span><b>: <\/b> 0230<\/span><span style=\"font-size: xx-small;\">-4664772<\/span><span style=\"font-size: xx-small;\"><br \/>\n<\/span><span style=\"font-size: xx-small;\"> <span style=\"color: #ff0000;\">M\u00f3vil:<\/span><b> <\/b> 0230<\/span><span style=\"font-size: xx-small;\">-15-4584535<br \/>\n011-15-6096-4656 ID 558*3763<br \/>\n<\/span><span style=\"color: #ff0000; font-size: xx-small;\"> Skype:<\/span><span style=\"font-size: xx-small;\"> quasarcomunicacion<br \/>\n<\/span><span style=\"color: #ff0000; font-size: xx-small;\"> Twitter:<\/span><span style=\"font-size: xx-small;\"> @quasarpilar<br \/>\n<\/span><span style=\"color: #ff0000; font-size: xx-small;\"> Gr<\/span><span style=\"color: #ff0000; font-size: xx-small;\">upo y p\u00e1gina en Facebook: <\/span> <span style=\"color: #808080; font-size: xx-small;\">www.facebook.com\/<\/span><a href=\"mailto:mfipata@gmail.com\"><span style=\"font-size: xx-small;\">Quasar<\/span><\/a><span style=\"font-size: xx-small;\">Comunicacion<br \/>\n<\/span><span style=\"font-size: xx-small;\"> <span style=\"color: #ff0000;\">LinkedIn<\/span><b>:\u00a0 <\/b><\/span> <span style=\"font-size: xx-small;\"><b> <a href=\"http:\/\/www.linkedin.com\/in\/mfipata\"> http:\/\/www.linkedin.com\/in\/mfipata<\/a><\/b><\/span><span style=\"font-size: xx-small;\"><br \/>\n<\/span><span style=\"color: #ff0000; font-size: xx-small;\"> Web:<\/span><b><\/b> <a href=\"http:\/\/www.quasarcomunicacion.com.ar\/\"> <span style=\"font-size: xx-small;\">www.quasarcomunicacion.com.ar<\/span><\/a><span style=\"font-size: xx-small;\"><br \/>\n<\/span><span style=\"font-size: xx-small;\"> <span style=\"color: #ff0000;\"> Mail<\/span><b>:<\/b><\/span><span style=\"font-size: xx-small;\"><a href=\"mailto:fernanda@quasarcomunicacion.com.ar\"> fernanda@quasarcomunicacion.com.ar<\/a><\/span><\/p>\n<\/td>\n<\/tr>\n<\/tbody>\n<\/table>\n<\/div>\n<hr \/>\n<div align=\"center\"><center><center>&nbsp;<\/p>\n<p>&nbsp;<\/p>\n<p>&nbsp;<\/p>\n<p>&nbsp;<\/p>\n<p><span style=\"font-family: Verdana; font-size: xx-small;\"><b>Acerca de la Lic. Gabriela Mart\u00ednez Castro<\/b><\/span><\/p>\n<p><\/center><\/p>\n<p align=\"left\">\n<p><center><center><\/p>\n<p align=\"left\"><i><span style=\"font-family: Verdana; font-size: xx-small;\">Licenciada en Psicolog\u00eda egresada de la Universidad de Belgrano.<br \/>\nM\u00e1ster en Psicolog\u00eda Cl\u00ednica en M\u00e9xico-Puebla, Universidad de Las Am\u00e9ricas.<\/span><\/i><\/p>\n<p align=\"left\"><i><span style=\"font-family: Verdana; font-size: xx-small;\">Formaci\u00f3n en Terapia Cognitivo Conductual de Tercera Ola en la Fundaci\u00f3n Favaloro.<\/span><\/i><\/p>\n<p align=\"left\"><i><span style=\"font-family: Verdana; font-size: xx-small;\">Post-grado en Trastornos de Ansiedad de la ASOCIACION ARGENTINA DE TRASTORNOS DE ANSIEDAD.<\/span><\/i><\/p>\n<p align=\"left\"><i><span style=\"font-family: Verdana; font-size: xx-small;\">Ex coordinadora docente de la c\u00e1tedra de Psicolog\u00eda General para las carreras de psicolog\u00eda y de psicopedagog\u00eda, en la UNIVERSIDAD DE BELGRANO.<br \/>\nPsicoterapeuta Cognitiva-Conductual, orientada al trabajo con Trastornos de Ansiedad y Trastornos de la Personalidad.<br \/>\nEspecialista en TRASTORNOS DE ANSIEDAD.<br \/>\nEx coordinadora del Departamento de Psicodiagn\u00f3stico del HOSPITAL FRANCES, \u00e1rea de Consultorios Externos.<\/span><\/i><\/p>\n<p align=\"left\"><i><span style=\"font-family: Verdana; font-size: xx-small;\">Miembro de la ASOCIACION ARGENTINA DE TRASTORNOS DE ANSIEDAD.<br \/>\nEx miembro fundadora de CENTROIMA (Centro de investigaciones m\u00e9dicas en ansiedad)<br \/>\nAsesora y Expositora en VISTAGE ARGENTINA (Empresa l\u00edder mundial en asociaci\u00f3n de CEOs).<\/span><\/i><\/p>\n<p><center><\/p>\n<p align=\"left\"><i><span style=\"font-family: Verdana; font-size: xx-small;\">Directora de <b>CEETA<\/b> (Centro de Estudios Especializados en Trastornos de Ansiedad) <\/span><\/i><\/p>\n<p><center><\/p>\n<p align=\"left\"><span style=\"font-family: Verdana; font-size: xx-small;\"><i>Centro de Estudios Especializados en Trastornos de Ansiedad (CEETA) &#8211; Edificio Concord-Sector los Almendros-piso segundo Oficina 202. Km 50 de la ruta Panamericana ramal Pilar. Tel\u00e9fono: 0230-4667175 \u00f3 al Celular 15-4416-1578 <a href=\"http:\/\/www.ceeta.org\/\">www.ceeta.org<\/a>\u00a0 \u00a0 \u00a0 \u00a0 \u00a0 \u00a0 \u00a0 \u00a0 \u00a0 \u00a0 \u00a0 \u00a0 \u00a0\u00a0<\/i><\/span><\/p>\n<p><\/center><\/center><\/center><\/center><\/center><\/div>\n","protected":false},"excerpt":{"rendered":"<p>\u00a0El Centro de Estudios Especializados en Trastornos de Ansiedad (CEETA), lanza un nuevo Curso Introductorio de Mindfulness en Pilar que [&hellip;]<\/p>\n","protected":false},"author":2,"featured_media":7045,"comment_status":"open","ping_status":"open","sticky":false,"template":"","format":"standard","meta":[],"categories":[2],"tags":[],"_links":{"self":[{"href":"https:\/\/quasarcomunicacion.com.ar\/web\/wp-json\/wp\/v2\/posts\/7749"}],"collection":[{"href":"https:\/\/quasarcomunicacion.com.ar\/web\/wp-json\/wp\/v2\/posts"}],"about":[{"href":"https:\/\/quasarcomunicacion.com.ar\/web\/wp-json\/wp\/v2\/types\/post"}],"author":[{"embeddable":true,"href":"https:\/\/quasarcomunicacion.com.ar\/web\/wp-json\/wp\/v2\/users\/2"}],"replies":[{"embeddable":true,"href":"https:\/\/quasarcomunicacion.com.ar\/web\/wp-json\/wp\/v2\/comments?post=7749"}],"version-history":[{"count":0,"href":"https:\/\/quasarcomunicacion.com.ar\/web\/wp-json\/wp\/v2\/posts\/7749\/revisions"}],"wp:featuredmedia":[{"embeddable":true,"href":"https:\/\/quasarcomunicacion.com.ar\/web\/wp-json\/wp\/v2\/media\/7045"}],"wp:attachment":[{"href":"https:\/\/quasarcomunicacion.com.ar\/web\/wp-json\/wp\/v2\/media?parent=7749"}],"wp:term":[{"taxonomy":"category","embeddable":true,"href":"https:\/\/quasarcomunicacion.com.ar\/web\/wp-json\/wp\/v2\/categories?post=7749"},{"taxonomy":"post_tag","embeddable":true,"href":"https:\/\/quasarcomunicacion.com.ar\/web\/wp-json\/wp\/v2\/tags?post=7749"}],"curies":[{"name":"wp","href":"https:\/\/api.w.org\/{rel}","templated":true}]}}