{"id":774,"date":"2012-09-05T19:08:42","date_gmt":"2012-09-05T19:08:42","guid":{"rendered":"http:\/\/quasarcomunicacion.wordpress.com\/?p=774"},"modified":"2012-09-05T19:08:42","modified_gmt":"2012-09-05T19:08:42","slug":"el-aumento-de-los-trastornos-de-ansiedad-genera-cada-vez-mas-dependencia-a-las-pastillas-para-dormir","status":"publish","type":"post","link":"https:\/\/quasarcomunicacion.com.ar\/web\/el-aumento-de-los-trastornos-de-ansiedad-genera-cada-vez-mas-dependencia-a-las-pastillas-para-dormir\/","title":{"rendered":"El aumento de los trastornos de ansiedad genera cada vez m\u00e1s dependencia a las pastillas para dormir"},"content":{"rendered":"<p><img loading=\"lazy\" src=\"http:\/\/www.quasarcomunicacion.com.ar\/ceeta\/2009\/antidepresivos.gif\" alt=\"\" width=\"300\" height=\"221\" align=\"right\" hspace=\"6\" vspace=\"6\" \/><span style=\"font-family:Verdana;font-size:small;\">Seg\u00fan el <\/span><strong>Centro de Estudios Especializados en Trastornos de Ansiedad (CEETA)<\/strong><span style=\"font-family:Verdana;font-size:small;\">, en la actualidad, los j\u00f3venes de edad promedio 30 a\u00f1os deben ingerir pastillas para descansar debido al aumento de los trastornos de ansiedad en esa franja etaria.<\/span><br \/>\n<span style=\"font-family:Verdana;font-size:small;\">Seg\u00fan la Lic. Gabriela Mart\u00ednez Castro, directora del <strong>CEETA<\/strong>, \u00ablos trastornos m\u00e1s frecuentes que sufren los j\u00f3venes de 30 a\u00f1os que los obligan a \u00abempastillarse\u00bb para dormir son trastorno de p\u00e1nico, por ansiedad generalizada y por ansiedad social\u00bb <\/span><br \/>\n<span style=\"font-family:Verdana;font-size:small;\">Estos trastornos provocan disfunciones para dormir (insomnio, sue\u00f1o no reposado, etc)<!--more--><\/span><br \/>\n<span style=\"font-family:Verdana;font-size:small;\">La especialista ampl\u00eda diciendo que \u00abantes de los 30 comienzan a \u00abgatillarse\u00bb los trastornos de ansiedad, y las estad\u00edsticas marcan que ya a los 30 est\u00e1n oficialmente medicados, pero se comienza antes con el problema\u00bb.\u00a0 <\/span><br \/>\n<span style=\"font-family:Verdana;font-size:small;\">\u00abEntre los primeros s\u00edntomas, las primeras consultas, y hasta llegar al el diagn\u00f3stico y tratamiento adecuado pasan unos tres o cuatro a\u00f1os. Cuando llegan a los 30 nos encontramos con estos pacientes medicados contra la ansiedad y por ende, con las dificultades para dormir\u00bb, indica Mart\u00ednez Castro.<\/span><br \/>\n<strong><span style=\"font-family:Verdana;font-size:small;\">Los trastornos de ansiedad en estos casos<\/span><\/strong><br \/>\n<span style=\"font-family:Verdana;font-size:small;\">El trastorno de p\u00e1nico se caracteriza por la aparici\u00f3n temporal, s\u00fabita y aislada, de miedo o malestar intensos, acompa\u00f1ada de 4 (o m\u00e1s) s\u00edntomas, que se inician bruscamente y alcanzan su m\u00e1xima expresi\u00f3n en los primeros diez minutos. <\/span><br \/>\n<span style=\"font-family:Verdana;font-size:small;\">Tambi\u00e9n pueden sufrir <strong>Fobia Social o Trastorno de ansiedad social<\/strong>, que consiste en el temor acusado y persistente por una o m\u00e1s situaciones sociales o actuaciones en p\u00fablico en las que el sujeto se ve expuesto a personas que no pertenecen al \u00e1mbito familiar o a la posible evaluaci\u00f3n negativa por parte de los dem\u00e1s. El individuo teme actuar de un modo (o mostrar s\u00edntomas de ansiedad) que sea humillante o embarazoso . La exposici\u00f3n a las situaciones sociales temidas provoca casi invariablemente una respuesta inmediata de ansiedad, que puede tomar la forma de una crisis de p\u00e1nico. La persona reconoce que su temor es excesivo e irracional. Las situaciones sociales temidas, se evitan, o se experimentan con ansiedad o malestar intensos. La evitaci\u00f3n, ansiedad, o malestar que aparecen interfieren acusadamente con la rutina normal del sujeto (\u00e1mbito laboral, acad\u00e9mico, social) y de no ser tratado el cuadro, llega a ser incapacitante. Existen dos tipos de fobia social: generalizada (si los temores hacen referencia a la mayor\u00eda de las situaciones sociales) y discreta (cuando los temores se reducen un \u00e1rea espec\u00edfica, como por ej.: temor a rendir ex\u00e1menes o a hablar en p\u00fablico). <\/span><br \/>\n<span style=\"font-family:Verdana;font-size:small;\">Por \u00faltimo, el <strong>Trastorno por Ansiedad Generalizada<\/strong> tiene la caracter\u00edstica esencial basada en la preocupaci\u00f3n excesiva y al ansiedad del individuo, que se centran en diversos acontecimientos de la vida cotidiana. A la persona le resulta dif\u00edcil controlar la preocupaci\u00f3n. La caracter\u00edstica esencial de este trastorno es la preocupaci\u00f3n excesiva y al ansiedad del individuo, que se centran en diversos acontecimientos de la vida cotidiana. A la persona le resulta dif\u00edcil controlar la preocupaci\u00f3n. La preocupaci\u00f3n y ansiedad se asocian a tres o m\u00e1s s\u00edntomas: inquietud o impaciencia fatigabilidad f\u00e1cil irritabilidad dificultad para concentrarse o tener la mente en blanco tensi\u00f3n muscular alteraciones del sue\u00f1o La ansiedad , la preocupaci\u00f3n y los s\u00edntomas f\u00edsicos provocan malestar significativos, deterioro social, laboral o acad\u00e9mico o de otras \u00e1reas importantes para la vida de quien los padece.<\/span><br \/>\n<strong><span style=\"font-family:Verdana;font-size:small;\">El informe<\/span><\/strong><br \/>\n<span style=\"font-family:Verdana;font-size:small;\">Seg\u00fan un informe difundido por un matutino nacional, \u00abel a\u00f1o pasado se prescribieron en el pa\u00eds 3 millones de recetas de medicamentos para dormir: un 22% m\u00e1s que hace 5 a\u00f1os, seg\u00fan registros del Sindicato Argentino de Farmac\u00e9uticos y Bioqu\u00edmicos (SAFYB). Por a\u00f1o se venden 28 millones de unidades, lo que supone una facturaci\u00f3n de unos 1.120 millones de pesos por a\u00f1o. Y aqu\u00ed el dato m\u00e1s impactante: 5 millones de argentinos consumen regularmente medicamentos para dormir (recetados y de venta libre), casi dos veces la poblaci\u00f3n de la ciudad de Buenos Aires\u00bb.<\/span><br \/>\n<span style=\"font-family:Verdana;font-size:small;\">El <strong>Centro de Estudios Especializados en Trastornos de Ansiedad (CEETA)<\/strong> est\u00e1 ubicado en el Edificio Concord-Sector los Almendros-piso segundo Oficina 202. Km 50 de la ruta Panamericana ramal Pilar. Tel\u00e9fono: 02322-667175 begin_of_the_skype_highlighting\u00a0<img src=\"\/\/res\/numbers_button_skype_logo.png\" alt=\"\" \/>GRATIS\u00a002322-667175\u00a0end_of_the_skype_highlighting <a href=\"http:\/\/www.ceeta.org\/\">www.ceeta.org<\/a> En facebook <\/span><a href=\"https:\/\/www.facebook.com\/ceeta.pilar\">https:\/\/www.facebook.com\/ceeta.pilar<\/a><\/p>\n","protected":false},"excerpt":{"rendered":"<p>Seg\u00fan el Centro de Estudios Especializados en Trastornos de Ansiedad (CEETA), en la actualidad, los j\u00f3venes de edad promedio 30 [&hellip;]<\/p>\n","protected":false},"author":2,"featured_media":0,"comment_status":"open","ping_status":"open","sticky":false,"template":"","format":"standard","meta":[],"categories":[34],"tags":[],"_links":{"self":[{"href":"https:\/\/quasarcomunicacion.com.ar\/web\/wp-json\/wp\/v2\/posts\/774"}],"collection":[{"href":"https:\/\/quasarcomunicacion.com.ar\/web\/wp-json\/wp\/v2\/posts"}],"about":[{"href":"https:\/\/quasarcomunicacion.com.ar\/web\/wp-json\/wp\/v2\/types\/post"}],"author":[{"embeddable":true,"href":"https:\/\/quasarcomunicacion.com.ar\/web\/wp-json\/wp\/v2\/users\/2"}],"replies":[{"embeddable":true,"href":"https:\/\/quasarcomunicacion.com.ar\/web\/wp-json\/wp\/v2\/comments?post=774"}],"version-history":[{"count":0,"href":"https:\/\/quasarcomunicacion.com.ar\/web\/wp-json\/wp\/v2\/posts\/774\/revisions"}],"wp:attachment":[{"href":"https:\/\/quasarcomunicacion.com.ar\/web\/wp-json\/wp\/v2\/media?parent=774"}],"wp:term":[{"taxonomy":"category","embeddable":true,"href":"https:\/\/quasarcomunicacion.com.ar\/web\/wp-json\/wp\/v2\/categories?post=774"},{"taxonomy":"post_tag","embeddable":true,"href":"https:\/\/quasarcomunicacion.com.ar\/web\/wp-json\/wp\/v2\/tags?post=774"}],"curies":[{"name":"wp","href":"https:\/\/api.w.org\/{rel}","templated":true}]}}