{"id":7726,"date":"2017-05-05T13:56:16","date_gmt":"2017-05-05T16:56:16","guid":{"rendered":"https:\/\/quasarcomunicacion.com.ar\/web\/?p=7726"},"modified":"2017-05-05T13:56:16","modified_gmt":"2017-05-05T16:56:16","slug":"madreemprendedora-lanza-su-programa-desarrollo-emprendedor-para-madres","status":"publish","type":"post","link":"https:\/\/quasarcomunicacion.com.ar\/web\/madreemprendedora-lanza-su-programa-desarrollo-emprendedor-para-madres\/","title":{"rendered":"MadreEmprendedora lanza su Programa Desarrollo Emprendedor para Madres"},"content":{"rendered":"<p style=\"text-align: left;\" align=\"center\"><b style=\"font-family: Verdana; font-size: small;\">MadreEmprendedora<\/b><span style=\"font-family: Verdana; font-size: small;\"> abri\u00f3 una nueva convocatoria para participar de la <\/span><b style=\"font-family: Verdana; font-size: small;\">Tercera Edici\u00f3n del Programa Desarrollo Emprendedor para Madres<\/b><span style=\"font-family: Verdana; font-size: small;\">, que se llevar\u00e1 a cabo en la Universidad Siglo XXI, ubicada en Av. C\u00f3rdoba 1551. De modalidad te\u00f3rico pr\u00e1ctica, las clases constar\u00e1n de 10 encuentros presenciales y 2 virtuales que se impartir\u00e1n todos los mi\u00e9rcoles a partir del 10 de mayo (hay tiempo hasta el 8 de mayo para inscribirse), desde las 9:30 hasta las 13:30 hs.<!--more--><\/span><\/p>\n<p><a href=\"https:\/\/quasarcomunicacion.com.ar\/web\/wp-content\/uploads\/2017\/05\/programamadres.gif\"><img class=\"aligncenter\" alt=\"programamadres\" src=\"https:\/\/quasarcomunicacion.com.ar\/web\/wp-content\/uploads\/2017\/05\/programamadres.gif\" \/><\/a><\/p>\n<p><span style=\"font-family: Verdana; font-size: small;\">Con cupos limitados, se espera que los aspirantes se registren en el siguiente link <a href=\"https:\/\/goo.gl\/forms\/CCoIGOEWBva8QhHh2\"> https:\/\/goo.gl\/forms\/CCoIGOEWBva8QhHh2<\/a> y completen los datos a fin de seleccionar a los estudiantes. Hay tiempo para registrarse hasta el d\u00eda 8 de mayo.<\/span><\/p>\n<p><span style=\"font-family: Verdana; font-size: small;\">El <b>Programa Desarrollo Emprendedor para Madres<\/b> fue creado con el objetivo de ofrecer un espacio de crecimiento profesional para mujeres madres para que puedan generar e impulsar sus ideas y emprendimientos sostenibles. <\/span><\/p>\n<p><span style=\"font-family: Verdana; font-size: small;\">La capacitaci\u00f3n es totalmente gratuita y presenta el siguiente temario:<br \/>\n\u2022 Modelo de negocios<br \/>\n\u2022 Gesti\u00f3n de proyectos<br \/>\n\u2022 Metodolog\u00edas \u00e1giles<br \/>\n\u2022 Liderazgo y trabajo en equipo<br \/>\n\u2022 Financiamiento<br \/>\n\u2022 Marketing online<br \/>\n\u2022 Presupuesto e Impuestos<br \/>\n\u2022 Tecnolog\u00eda aplicada a emprendimientos <\/span><\/p>\n<p><span style=\"font-family: Verdana; font-size: small;\">El <b>Programa Desarrollo Emprendedor para Madres<\/b> es organizado por MadreEmprendedora con el apoyo de IBM, Universidad Siglo XXI, Sercles y Fundaci\u00f3n Liderazgos y Organizaciones Responsables.<br \/>\nPara m\u00e1s informaci\u00f3n ingresar a consultar en www.madreemprendedora.com.ar<\/span><\/p>\n<p><span style=\"font-size: small;\"><b><i><span style=\"font-family: Arial;\">Por otras im\u00e1genes, audios o entrevistas no dude en contactarse<\/span><\/i><\/b><\/span><\/p>\n<p align=\"center\"><span style=\"font-size: small;\"><b><i> Contactos de Prensa<\/i><\/b><\/span><\/p>\n<div align=\"left\">\n<table width=\"100%\" border=\"1\" cellpadding=\"2\" align=\"left\">\n<tbody>\n<tr>\n<td align=\"center\" width=\"50%\">\n<p align=\"left\"><strong> <span style=\"color: #ff0000; font-family: Arial; font-size: small;\">Mayra Ibarra<\/span><\/strong><span style=\"font-size: medium;\"><strong><span style=\"color: #808080; font-family: Arial; font-size: small;\"> &#8211; Asistente de Cuentas<\/p>\n<p><\/span> <\/strong><\/span> <span style=\"font-size: xx-small;\"><span style=\"color: #ff0000;\"> Directo<\/span><b>: <\/b> 0230<\/span><span style=\"font-size: xx-small;\">-4664772<br \/>\n<\/span><span style=\"color: #ff0000; font-size: xx-small;\"> Skype:<\/span><span style=\"font-size: xx-small;\"> quasarcomunicacion<br \/>\n<\/span><span style=\"color: #ff0000; font-size: xx-small;\"> Twitter:<\/span><span style=\"font-size: xx-small;\"> @quasarpilar<br \/>\n<\/span><span style=\"color: #ff0000; font-size: xx-small;\"> Gr<\/span><span style=\"color: #ff0000; font-size: xx-small;\">upo y p\u00e1gina en Facebook: <\/span> <span style=\"color: #808080; font-size: xx-small;\">www.facebook.com\/<\/span><a href=\"mailto:mfipata@gmail.com\"><span style=\"font-size: xx-small;\">Quasar<\/span><\/a><span style=\"font-size: xx-small;\">Comunicacion<br \/>\n<\/span><span style=\"color: #ff0000; font-size: xx-small;\"> Web:<\/span><b><\/b> <a href=\"http:\/\/www.quasarcomunicacion.com.ar\/\"> <span style=\"font-size: xx-small;\">www.quasarcomunicacion.com.ar<\/span><\/a><\/p>\n<p align=\"left\"><span style=\"font-size: xx-small;\"> <span style=\"color: #ff0000;\">Mail<\/span><b>:<\/b><\/span><span style=\"font-size: xx-small;\"> <a href=\"mailto:fernanda@quasarcomunicacion.com.ar\"> quasar@quasarcomunicacion.com.ar<\/a><\/span><\/p>\n<\/td>\n<td align=\"center\" width=\"50%\">\n<p align=\"right\"><span style=\"font-size: medium;\"><strong> <span style=\"color: #808080; font-family: Arial; font-size: small;\"> Lic. Mar\u00eda Fernanda Ipata &#8211; Directora<br \/>\n<\/span> <\/strong><\/span> <span style=\"font-size: xx-small;\"><span style=\"color: #ff0000;\"><br \/>\nDirecto<\/span><b>: <\/b> 0230<\/span><span style=\"font-size: xx-small;\">-4664772<\/span><span style=\"font-size: xx-small;\"><br \/>\n<\/span><span style=\"font-size: xx-small;\"> <span style=\"color: #ff0000;\">M\u00f3vil:<\/span><b> <\/b> 0230<\/span><span style=\"font-size: xx-small;\">-15-4584535<br \/>\n011-15-6096-4656 ID 558*3763<br \/>\n<\/span><span style=\"color: #ff0000; font-size: xx-small;\"> Skype:<\/span><span style=\"font-size: xx-small;\"> quasarcomunicacion<br \/>\n<\/span><span style=\"color: #ff0000; font-size: xx-small;\"> Twitter:<\/span><span style=\"font-size: xx-small;\"> @quasarpilar<br \/>\n<\/span><span style=\"color: #ff0000; font-size: xx-small;\"> Gr<\/span><span style=\"color: #ff0000; font-size: xx-small;\">upo y p\u00e1gina en Facebook: <\/span> <span style=\"color: #808080; font-size: xx-small;\">www.facebook.com\/<\/span><a href=\"mailto:mfipata@gmail.com\"><span style=\"font-size: xx-small;\">Quasar<\/span><\/a><span style=\"font-size: xx-small;\">Comunicacion<br \/>\n<\/span><span style=\"font-size: xx-small;\"> <span style=\"color: #ff0000;\">LinkedIn<\/span><b>:\u00a0 <\/b><\/span> <span style=\"font-size: xx-small;\"><b> <a href=\"http:\/\/www.linkedin.com\/in\/mfipata\"> http:\/\/www.linkedin.com\/in\/mfipata<\/a><\/b><\/span><span style=\"font-size: xx-small;\"><br \/>\n<\/span><span style=\"color: #ff0000; font-size: xx-small;\"> Web:<\/span><b><\/b> <a href=\"http:\/\/www.quasarcomunicacion.com.ar\/\"> <span style=\"font-size: xx-small;\">www.quasarcomunicacion.com.ar<\/span><\/a><span style=\"font-size: xx-small;\"><br \/>\n<\/span><span style=\"font-size: xx-small;\"> <span style=\"color: #ff0000;\">Mail<\/span><b>:<\/b><\/span><span style=\"font-size: xx-small;\"><a href=\"mailto:fernanda@quasarcomunicacion.com.ar\"> fernanda@quasarcomunicacion.com.ar<\/a><\/span><\/p>\n<\/td>\n<\/tr>\n<\/tbody>\n<\/table>\n<\/div>\n","protected":false},"excerpt":{"rendered":"<p>MadreEmprendedora abri\u00f3 una nueva convocatoria para participar de la Tercera Edici\u00f3n del Programa Desarrollo Emprendedor para Madres, que se llevar\u00e1 [&hellip;]<\/p>\n","protected":false},"author":2,"featured_media":7725,"comment_status":"open","ping_status":"open","sticky":false,"template":"","format":"standard","meta":[],"categories":[2],"tags":[],"_links":{"self":[{"href":"https:\/\/quasarcomunicacion.com.ar\/web\/wp-json\/wp\/v2\/posts\/7726"}],"collection":[{"href":"https:\/\/quasarcomunicacion.com.ar\/web\/wp-json\/wp\/v2\/posts"}],"about":[{"href":"https:\/\/quasarcomunicacion.com.ar\/web\/wp-json\/wp\/v2\/types\/post"}],"author":[{"embeddable":true,"href":"https:\/\/quasarcomunicacion.com.ar\/web\/wp-json\/wp\/v2\/users\/2"}],"replies":[{"embeddable":true,"href":"https:\/\/quasarcomunicacion.com.ar\/web\/wp-json\/wp\/v2\/comments?post=7726"}],"version-history":[{"count":0,"href":"https:\/\/quasarcomunicacion.com.ar\/web\/wp-json\/wp\/v2\/posts\/7726\/revisions"}],"wp:featuredmedia":[{"embeddable":true,"href":"https:\/\/quasarcomunicacion.com.ar\/web\/wp-json\/wp\/v2\/media\/7725"}],"wp:attachment":[{"href":"https:\/\/quasarcomunicacion.com.ar\/web\/wp-json\/wp\/v2\/media?parent=7726"}],"wp:term":[{"taxonomy":"category","embeddable":true,"href":"https:\/\/quasarcomunicacion.com.ar\/web\/wp-json\/wp\/v2\/categories?post=7726"},{"taxonomy":"post_tag","embeddable":true,"href":"https:\/\/quasarcomunicacion.com.ar\/web\/wp-json\/wp\/v2\/tags?post=7726"}],"curies":[{"name":"wp","href":"https:\/\/api.w.org\/{rel}","templated":true}]}}