{"id":7721,"date":"2017-05-04T13:49:04","date_gmt":"2017-05-04T16:49:04","guid":{"rendered":"https:\/\/quasarcomunicacion.com.ar\/web\/?p=7721"},"modified":"2017-05-04T13:49:04","modified_gmt":"2017-05-04T16:49:04","slug":"momento-cero-presento-su-servicio-de-handing-emocional-para-empresas","status":"publish","type":"post","link":"https:\/\/quasarcomunicacion.com.ar\/web\/momento-cero-presento-su-servicio-de-handing-emocional-para-empresas\/","title":{"rendered":"Momento Cero present\u00f3 su servicio de Handing Emocional para empresas"},"content":{"rendered":"<p style=\"text-align: left;\" align=\"center\"><span style=\"font-family: Verdana;\">En el Hotel Meli\u00e1, las profesionales de<\/span><b style=\"font-family: Verdana;\"> Momento Cero<\/b><span style=\"font-family: Verdana;\"> presentaron a responsables de recursos humanos de las principales empresas, el servicio de <\/span><b style=\"font-family: Verdana;\">\u00abHANDING EMOCIONAL: Un modo diferente de acercamiento al empleado\u00bb<\/b>\u00a0<span style=\"font-family: Verdana;\">.<!--more--><\/span><\/p>\n<p style=\"text-align: center;\"><a href=\"https:\/\/quasarcomunicacion.com.ar\/web\/wp-content\/uploads\/2017\/05\/handing1.gif\"><img class=\"aligncenter\" alt=\"handing\" src=\"https:\/\/quasarcomunicacion.com.ar\/web\/wp-content\/uploads\/2017\/05\/handing1.gif\" \/><\/a><\/p>\n<p><span style=\"font-family: Verdana; font-size: small;\">El <b>Handing Emocional<\/b> se trata de un<\/span><span style=\"font-family: Verdana;\"> dispositivo que permite a la empresa dar a su empleado un trato adecuado y personalizado que repercutir\u00e1 favorablemente en su desarrollo dentro de la empresa, con un efecto positivo para esta \u00faltima.<\/span><\/p>\n<p><span style=\"font-family: Verdana; font-size: small;\">Este dispositivo <\/span> <span style=\"font-family: Verdana;\">tiene como objetivo restablecer el bienestar emocional de las personas que se ha visto alterado por alguna situaci\u00f3n conflictiva, traum\u00e1tica o dolorosa. <\/span><\/p>\n<p><span style=\"font-family: Verdana;\">El servicio consta de encuentros limitados, en los cuales se realiza un diagn\u00f3stico de la situaci\u00f3n y de las herramientas o capacidades que tiene la persona para afrontar o resolver la misma. A partir de ah\u00ed se determina el trabajo a seguir en el cual se ayuda a elaborar y\/o procesar la situaci\u00f3n traum\u00e1tica o dolorosa. <\/span><\/p>\n<p><span style=\"font-family: Verdana; font-size: small;\">Se puede brindar en m\u00f3dulos individuales o grupales<\/span><\/p>\n<p><span style=\"font-family: Verdana; font-size: small;\">\u00ab<\/span><span style=\"font-family: Verdana;\">Los empleados suelen atravesar en alg\u00fan momento experiencias dolorosas, conflictivas, traum\u00e1ticas, que afectan emocionalmente su vida personal. Su energ\u00eda disminuye, les cuesta concentrarse, concurren al trabajo con altos niveles de angustia, se enferman y se altera su desempe\u00f1o laboral y en algunos casos llegan a necesitar licencias y ausentarse por un tiempo prolongado.<br \/>\nLas empresas no siempre cuentan con dispositivos o herramientas adecuadas para hacer frente a dichas situaciones. Por tal motivo<b> Momento Cero<\/b> ha dise\u00f1ado un servicio que permite atender estas situaciones que afectan la vida emocional y por ende laboral del empleado: Handing Emocional\u00bb<\/span><\/p>\n<p><span style=\"font-family: Verdana;\">El Handing terap\u00e9utico permite:<\/span><\/p>\n<p><span style=\"font-family: Verdana;\">\u2022 ayudar a las personas a enfrentar y\/o elaborar sus problem\u00e1ticas<br \/>\n\u2022 transitar la problem\u00e1tica acompa\u00f1ados.<br \/>\n\u2022 previene que la reacci\u00f3n emocional se agudice<br \/>\n\u2022 genera un efecto positivo en la empresa al reducir el ausentismo laboral<br \/>\n\u2022 generar una mayor empat\u00eda de la empresa con el empleado, al ver que se ocupan de su situaci\u00f3n personal <\/span><\/p>\n<p><span style=\"font-family: Verdana;\">M\u00e1s informaci\u00f3n o consultas escribiendo a contacto@momentocero.com.ar o en la web <a href=\"http:\/\/www.momentocero.com.ar\/\">www.momentocero.com.ar<\/a> <\/span><\/p>\n<p><b><span style=\"font-family: Verdana; font-size: small;\">Lic. Emilia Canzutti<\/span><\/b><\/p>\n<p>&nbsp;<\/p>\n<p><span style=\"font-family: Verdana; font-size: xx-small;\">Co-creadora de Momento Cero.<\/span><\/p>\n<p><span style=\"font-family: Verdana; font-size: xx-small;\">Licenciada en Psicolog\u00eda. Universidad del Salvador. Especialista en vincularidad temprana.<\/span><\/p>\n<p><span style=\"font-family: Verdana; font-size: xx-small;\">Psicoanalista especializada en ni\u00f1os y adolescentes.<\/span><\/p>\n<p><span style=\"font-family: Verdana; font-size: xx-small;\">Profesora en psicolog\u00eda. Universidad del Salvador.<\/span><\/p>\n<p><span style=\"font-family: Verdana; font-size: xx-small;\">Coordinadora del \u00e1rea de psicolog\u00eda del centro de Psicopatolog\u00eda Infanto-Juvenil de San Isidro. <\/span><\/p>\n<p><span style=\"font-family: Verdana; font-size: xx-small;\">Abordaje en Psicodiagn\u00f3stico, tratamiento individual, Orientaci\u00f3n a padres, Asesoramiento a instituciones educativas.<\/span><\/p>\n<p><span style=\"font-family: Verdana; font-size: xx-small;\">Coordinadora del Seminario de Observaci\u00f3n de Lactantes, m\u00e9todo de Esther Bick, para profesionales de la salud.<\/span><\/p>\n<p><span style=\"font-family: Verdana; font-size: xx-small;\">Coordinadora del Equipo Infanto Juvenil del Centro de Desarrollo y Fortalecimiento del Ni\u00f1o y su Familia.<\/span><\/p>\n<p><span style=\"font-family: Verdana; font-size: xx-small;\">Miembro de la Asociaci\u00f3n Internacional de Observaci\u00f3n de Beb\u00e9s (AIDOBB).<\/span><\/p>\n<p><span style=\"font-family: Verdana; font-size: xx-small;\">Miembro de la Asociaci\u00f3n Latinoamericana de Observaci\u00f3n de Beb\u00e9s (ALDOBB)<\/span><\/p>\n<p><span style=\"font-family: Verdana; font-size: xx-small;\">Creadora y coordinadora de EPsiS Equipo psicol\u00f3gico para la Salud.<\/span><\/p>\n<p><span style=\"font-family: Verdana; font-size: xx-small;\">Creadora del programa de Asesoramiento y abordaje terap\u00e9utico, con personal en situaci\u00f3n de stress en Empresas<\/span><\/p>\n<p><span style=\"font-family: Verdana; font-size: xx-small;\">Zona Norte: La Lucila, Martinez, Acassuso, Beccar.<\/span><\/p>\n<p><b><span style=\"font-family: Verdana; font-size: small;\"> Adriana Marcela L\u00f3pez <\/span><\/b><\/p>\n<p><span style=\"font-family: Verdana; font-size: xx-small;\"> Co Creadora de Momento Cero<\/span><\/p>\n<p><span style=\"font-family: Verdana; font-size: xx-small;\">Licenciada en Psicolog\u00eda de la Universidad de Buenos Aires. Especialista en vincularidad temprana. <\/span><\/p>\n<p><span style=\"font-family: Verdana; font-size: xx-small;\">Psicoterapeuta especializada en ni\u00f1os, adolescentes y adultos.<\/span><\/p>\n<p><span style=\"font-family: Verdana; font-size: xx-small;\">Especialista en desarrollo emocional.<\/span><\/p>\n<p><span style=\"font-family: Verdana; font-size: xx-small;\">Miembro de la Asociaci\u00f3n Internacional de Observaci\u00f3n de Beb\u00e9s (AIDOBB).<\/span><\/p>\n<p><span style=\"font-family: Verdana; font-size: xx-small;\">Miembro de la Asociaci\u00f3n Latinoamericana de Observaci\u00f3n de Beb\u00e9s (ALDOBB)<\/span><\/p>\n<p><span style=\"font-family: Verdana; font-size: xx-small;\">Supervisora y formadora de profesionales.<\/span><\/p>\n<p><span style=\"font-family: Verdana; font-size: xx-small;\">Psic\u00f3loga y supervisora del Centro de Psicopatolog\u00eda Infanto-Juvenil de San Isidro.<br \/>\nPsic\u00f3loga de ni\u00f1os, adolescentes y adultos. Abordaje en Psicodiagn\u00f3stico, tratamiento individual, Orientaci\u00f3n a padres, Asesoramiento a instituciones educativas.<\/span><\/p>\n<p><span style=\"font-family: Verdana; font-size: xx-small;\">Coordinadora del Seminario de Observaci\u00f3n de Lactantes, m\u00e9todo de Esther Bick, para profesionales de la salud.<\/span><\/p>\n<p><span style=\"font-family: Verdana; font-size: xx-small;\">Creadora del programa de Asesoramiento y abordaje terap\u00e9utico, con personal en situaci\u00f3n de stress en Empresas<\/span><\/p>\n<p><span style=\"font-family: Verdana; font-size: xx-small;\">Creadora y coordinadora de EPsiS Equipo psicol\u00f3gico para la Salud C.A.B.A.: Centro, Palermo, Belgrano<\/span><\/p>\n<hr \/>\n<p><b><span style=\"font-family: Verdana; font-size: small;\">Acerca de Momento Cero<\/span><\/b><\/p>\n<p>&nbsp;<\/p>\n<p><span style=\"font-family: Verdana; font-size: xx-small;\"><b>Momento Cero<\/b> es una organizaci\u00f3n de consulta y formaci\u00f3n destinada a la prevenci\u00f3n de la salud f\u00edsica y emocional de las personas favoreciendo el despliegue de sus recursos y potencialidades en favor del desarrollo sano.<\/span><\/p>\n<p><span style=\"font-family: Verdana; font-size: xx-small;\">Se trata de un grupo de profesionales de la salud altamente especializados en el desarrollo humano, comprometidos con la comunidad, con calidez humana y alto porcentaje de efectividad en el desempe\u00f1o.<\/span><\/p>\n<p><span style=\"font-family: Verdana; font-size: xx-small;\"><b>Informes y asesoramiento:<\/b> <a href=\"mailto:contacto@momentocero.com.ar\">contacto@momentocero.com.ar<\/a> <\/span><\/p>\n<p align=\"center\"><b><span style=\"font-family: Arial; font-size: small;\">Toda la info de Momento Cero ingresando en\u00a0<\/span><\/b><br \/>\n<a href=\"http:\/\/www.quasarcomunicacion.com.ar\/momentocero\"> http:\/\/www.quasarcomunicacion.com.ar\/momentocero<\/a><\/p>\n<p align=\"center\"><span style=\"font-size: small;\"><b><i> Contactos de Prensa<\/i><\/b><\/span><\/p>\n<div align=\"left\">\n<table width=\"100%\" border=\"1\" cellpadding=\"2\" align=\"left\">\n<tbody>\n<tr>\n<td width=\"50%\">\n<p align=\"left\"><strong> <span style=\"color: #ff0000; font-family: Arial; font-size: small;\">Mayra Ibarra<\/span><\/strong><span style=\"font-size: medium;\"><strong><span style=\"color: #808080; font-family: Arial; font-size: small;\"> &#8211; Asistente de Cuentas<\/p>\n<p><\/span> <\/strong><\/span> <span style=\"font-size: xx-small;\"><span style=\"color: #ff0000;\"> Directo<\/span><b>: <\/b> 0230<\/span><span style=\"font-size: xx-small;\">-4664772<br \/>\n<\/span><span style=\"color: #ff0000; font-size: xx-small;\"> Skype:<\/span><span style=\"font-size: xx-small;\"> quasarcomunicacion<br \/>\n<\/span><span style=\"color: #ff0000; font-size: xx-small;\"> Twitter:<\/span><span style=\"font-size: xx-small;\"> @quasarpilar<br \/>\n<\/span><span style=\"color: #ff0000; font-size: xx-small;\"> Gr<\/span><span style=\"color: #ff0000; font-size: xx-small;\">upo y p\u00e1gina en Facebook: <\/span> <span style=\"color: #808080; font-size: xx-small;\">www.facebook.com\/<\/span><a href=\"mailto:mfipata@gmail.com\"><span style=\"font-size: xx-small;\">Quasar<\/span><\/a><span style=\"font-size: xx-small;\">Comunicacion<br \/>\n<\/span><span style=\"color: #ff0000; font-size: xx-small;\"> Web:<\/span><b><\/b> <a href=\"http:\/\/www.quasarcomunicacion.com.ar\/\"> <span style=\"font-size: xx-small;\">www.quasarcomunicacion.com.ar<\/span><\/a><\/p>\n<p align=\"left\"><span style=\"font-size: xx-small;\"> <span style=\"color: #ff0000;\">Mail<\/span><b>:<\/b><\/span><span style=\"font-size: xx-small;\"> <a href=\"mailto:fernanda@quasarcomunicacion.com.ar\"> quasar@quasarcomunicacion.com.ar<\/a><\/span><\/p>\n<\/td>\n<td width=\"50%\">\n<p align=\"right\"><span style=\"font-size: medium;\"><strong> <span style=\"color: #808080; font-family: Arial; font-size: small;\"> Lic. Mar\u00eda Fernanda Ipata &#8211; Directora<br \/>\n<\/span> <\/strong><\/span> <span style=\"font-size: xx-small;\"><span style=\"color: #ff0000;\"><br \/>\nDirecto<\/span><b>: <\/b> 0230<\/span><span style=\"font-size: xx-small;\">-4664772<\/span><span style=\"font-size: xx-small;\"><br \/>\n<\/span><span style=\"font-size: xx-small;\"> <span style=\"color: #ff0000;\">M\u00f3vil:<\/span><b> <\/b> 0230<\/span><span style=\"font-size: xx-small;\">-15-4584535<br \/>\n011-15-6096-4656 ID 558*3763<br \/>\n<\/span><span style=\"color: #ff0000; font-size: xx-small;\"> Skype:<\/span><span style=\"font-size: xx-small;\"> quasarcomunicacion<br \/>\n<\/span><span style=\"color: #ff0000; font-size: xx-small;\"> Twitter:<\/span><span style=\"font-size: xx-small;\"> @quasarpilar<br \/>\n<\/span><span style=\"color: #ff0000; font-size: xx-small;\"> Gr<\/span><span style=\"color: #ff0000; font-size: xx-small;\">upo y p\u00e1gina en Facebook: <\/span> <span style=\"color: #808080; font-size: xx-small;\">www.facebook.com\/<\/span><a href=\"mailto:mfipata@gmail.com\"><span style=\"font-size: xx-small;\">Quasar<\/span><\/a><span style=\"font-size: xx-small;\">Comunicacion<br \/>\n<\/span><span style=\"font-size: xx-small;\"> <span style=\"color: #ff0000;\">LinkedIn<\/span><b>:\u00a0 <\/b><\/span> <span style=\"font-size: xx-small;\"><b> <a href=\"http:\/\/www.linkedin.com\/in\/mfipata\"> http:\/\/www.linkedin.com\/in\/mfipata<\/a><\/b><\/span><span style=\"font-size: xx-small;\"><br \/>\n<\/span><span style=\"color: #ff0000; font-size: xx-small;\"> Web:<\/span><b><\/b> <a href=\"http:\/\/www.quasarcomunicacion.com.ar\/\"> <span style=\"font-size: xx-small;\">www.quasarcomunicacion.com.ar<\/span><\/a><span style=\"font-size: xx-small;\"><br \/>\n<\/span><span style=\"font-size: xx-small;\"> <span style=\"color: #ff0000;\">Mail<\/span><b>:<\/b><\/span><span style=\"font-size: xx-small;\"><a href=\"mailto:fernanda@quasarcomunicacion.com.ar\"> fernanda@quasarcomunicacion.com.ar<\/a><\/span><\/p>\n<\/td>\n<\/tr>\n<\/tbody>\n<\/table>\n<\/div>\n","protected":false},"excerpt":{"rendered":"<p>En el Hotel Meli\u00e1, las profesionales de Momento Cero presentaron a responsables de recursos humanos de las principales empresas, el [&hellip;]<\/p>\n","protected":false},"author":2,"featured_media":7722,"comment_status":"open","ping_status":"open","sticky":false,"template":"","format":"standard","meta":[],"categories":[2],"tags":[],"_links":{"self":[{"href":"https:\/\/quasarcomunicacion.com.ar\/web\/wp-json\/wp\/v2\/posts\/7721"}],"collection":[{"href":"https:\/\/quasarcomunicacion.com.ar\/web\/wp-json\/wp\/v2\/posts"}],"about":[{"href":"https:\/\/quasarcomunicacion.com.ar\/web\/wp-json\/wp\/v2\/types\/post"}],"author":[{"embeddable":true,"href":"https:\/\/quasarcomunicacion.com.ar\/web\/wp-json\/wp\/v2\/users\/2"}],"replies":[{"embeddable":true,"href":"https:\/\/quasarcomunicacion.com.ar\/web\/wp-json\/wp\/v2\/comments?post=7721"}],"version-history":[{"count":0,"href":"https:\/\/quasarcomunicacion.com.ar\/web\/wp-json\/wp\/v2\/posts\/7721\/revisions"}],"wp:featuredmedia":[{"embeddable":true,"href":"https:\/\/quasarcomunicacion.com.ar\/web\/wp-json\/wp\/v2\/media\/7722"}],"wp:attachment":[{"href":"https:\/\/quasarcomunicacion.com.ar\/web\/wp-json\/wp\/v2\/media?parent=7721"}],"wp:term":[{"taxonomy":"category","embeddable":true,"href":"https:\/\/quasarcomunicacion.com.ar\/web\/wp-json\/wp\/v2\/categories?post=7721"},{"taxonomy":"post_tag","embeddable":true,"href":"https:\/\/quasarcomunicacion.com.ar\/web\/wp-json\/wp\/v2\/tags?post=7721"}],"curies":[{"name":"wp","href":"https:\/\/api.w.org\/{rel}","templated":true}]}}