{"id":7708,"date":"2017-05-02T14:15:17","date_gmt":"2017-05-02T17:15:17","guid":{"rendered":"https:\/\/quasarcomunicacion.com.ar\/web\/?p=7708"},"modified":"2017-05-02T14:15:17","modified_gmt":"2017-05-02T17:15:17","slug":"se-vienen-las-5-jornadas-nacionales-utn-para-pymes-y-emprendedores","status":"publish","type":"post","link":"https:\/\/quasarcomunicacion.com.ar\/web\/se-vienen-las-5-jornadas-nacionales-utn-para-pymes-y-emprendedores\/","title":{"rendered":"Se vienen las 5\u00b0 Jornadas Nacionales UTN para Pymes y Emprendedores"},"content":{"rendered":"<p style=\"text-align: left;\" align=\"center\"><span style=\"font-family: Verdana; font-size: small;\">Bajo el lema <\/span><i style=\"font-family: Verdana; font-size: small;\"> \u201cDesaf\u00edos para Mejorar la Productividad\u201d<\/i><span style=\"font-family: Verdana; font-size: small;\">, la Facultad Regional Delta invita a participar de las <\/span><b style=\"font-family: Verdana; font-size: small;\">5tas Jornadas Nacionales UTN para Pymes y Emprendedores<\/b><span style=\"font-family: Verdana; font-size: small;\">. La misma, con entrada libre y gratuita, se llevar\u00e1 a cabo los d\u00edas 10 y 11 de mayo en Campana, en la calle San Mart\u00edn 1171.<\/span><\/p>\n<p><span style=\"font-family: Verdana; font-size: small;\">Para m\u00e1s informaci\u00f3n e inscripciones completar el siguiente formulario http:\/\/www.frd.utn.edu.ar\/jornadas-pymes-emprendedores o comunicarse al 03489-420400, Interno 5113. Se requiere de inscripci\u00f3n previa ya que los cupos son limitados.<!--more--><\/span><\/p>\n<p><a href=\"https:\/\/quasarcomunicacion.com.ar\/web\/wp-content\/uploads\/2014\/10\/pymesutn2.gif\"><img class=\"aligncenter\" alt=\"pymesutn2\" src=\"https:\/\/quasarcomunicacion.com.ar\/web\/wp-content\/uploads\/2014\/10\/pymesutn2.gif\" \/><\/a><\/p>\n<p><span style=\"font-family: Verdana; font-size: small;\">El evento, que promete ser el m\u00e1s importante del a\u00f1o en la zona para pymes y emprendedores, est\u00e1 pensado con el objetivo de forjar el intercambio y la formaci\u00f3n entre emprendedores y pymes, promover la creatividad y generar espacios de vinculaci\u00f3n entre los sectores de inter\u00e9s.<\/span><\/p>\n<p><span style=\"font-family: Verdana; font-size: small;\">La invitaci\u00f3n de la Facultad Regional Delta se extiende a pymes y emprendedores de la zona que deseen aprender, crear y convertirse en transformadores del presente.<\/span><\/p>\n<p><span style=\"font-family: Verdana; font-size: small;\">En ambas jornadas de presentar\u00e1n importantes oradores especializados en las diferentes tem\u00e1ticas, habr\u00e1 stands de emprendedores, espacios de networking, casos de \u00e9xito, junto a herramientas de gesti\u00f3n para mejorar la productividad de emprendimientos y pymes, analizando contextos, gesti\u00f3n de riesgos, proporcionando recursos para el emprendedor y mucho m\u00e1s.<\/span><\/p>\n<p><span style=\"font-family: Verdana; font-size: small;\"><b>El programa de ambas jornadas es el siguiente:<\/b><\/span><\/p>\n<p><span style=\"font-family: Verdana; font-size: small;\"><b>10 DE MAYO<\/b><br \/>\n14:30 Acreditaciones<br \/>\n14:30 Stands de emprendedores + networking<br \/>\n15:30 Ideas en Acci\u00f3n- INICIA Comunidad de Emprendedores<br \/>\n16:00 Emprendimiento con pasi\u00f3n- Low Riders Cycles<br \/>\n18:30 Econom\u00eda Aplicada en la Argentina. La situaci\u00f3n de las Pymes- Agust\u00edn D\u00b4Attellis<br \/>\n19:30 Mesa: Herramientas de gesti\u00f3n para la mejora de la productividad de las pymes.<br \/>\n\u2022 La delegaci\u00f3n como un camino para la productividad- Juan Carlos Valda<br \/>\n\u2022 Gesti\u00f3n del conocimiento para la mejora de la productividad- Santiago Malviccino<br \/>\n\u2022 ISO 9001:2015- An\u00e1lisis del contexto y gesti\u00f3n de riesgos- Juli\u00e1n Candermo<br \/>\n21:30 Cierre<\/span><\/p>\n<p><span style=\"font-family: Verdana; font-size: small;\"><b>11 DE MAYO<\/b><br \/>\n14:30 Acreditaciones<br \/>\n14:30 Nuevas tendencias, Marketing en Internet y en Redes Sociales- INICIA Comunidad de Emprendedores<br \/>\n15:30 Recursos para el Emprendedor- C\u00e9lica Conti<br \/>\n16:15 El Equipo Emprendedor y el Gerenciamiento requerido- Paola Corrao<br \/>\n17:00 De la idea al negocio\u2026 un proyecto!- Iris Gasta\u00f1aga<br \/>\n18:30 Desarrollo de empresas nacionales mediante su integraci\u00f3n con las industrias extractivas- Marcelo Neuman<br \/>\n19:30 Charla a cargo de Sebasti\u00e1n Kosacoff<br \/>\n19:30 Desaf\u00edos y oportunidades de la industria: Las PyMEs en la actual coyuntura- Gabriel Vienni<br \/>\n21:30 Cierre <\/span><\/p>\n<p align=\"right\"><span style=\"font-size: small;\"><b><i><span style=\"font-family: Arial;\">Por otras im\u00e1genes, audios o entrevistas no dude en contactarse<\/span><\/i><\/b><\/span><\/p>\n<p align=\"center\"><span style=\"font-size: small;\"><b><i> Contactos de Prensa<\/i><\/b><\/span><\/p>\n<div align=\"left\">\n<table width=\"100%\" border=\"1\" cellpadding=\"2\" align=\"left\">\n<tbody>\n<tr>\n<td width=\"50%\">\n<p align=\"left\"><span style=\"font-size: medium;\"><strong> <span style=\"color: #808080; font-family: Arial; font-size: small;\"> Mayra Ibarra &#8211; Asistente de Cuentas<\/p>\n<p><\/span> <\/strong><\/span> <span style=\"font-size: xx-small;\"><span style=\"color: #ff0000;\"> Directo<\/span><b>: <\/b> 0230<\/span><span style=\"font-size: xx-small;\">-4664772<br \/>\n<\/span><span style=\"color: #ff0000; font-size: xx-small;\"> Skype:<\/span><span style=\"font-size: xx-small;\"> quasarcomunicacion<br \/>\n<\/span><span style=\"color: #ff0000; font-size: xx-small;\"> Twitter:<\/span><span style=\"font-size: xx-small;\"> @quasarpilar<br \/>\n<\/span><span style=\"color: #ff0000; font-size: xx-small;\"> Gr<\/span><span style=\"color: #ff0000; font-size: xx-small;\">upo y p\u00e1gina en Facebook: <\/span> <span style=\"color: #808080; font-size: xx-small;\">www.facebook.com\/<\/span><a href=\"mailto:mfipata@gmail.com\"><span style=\"font-size: xx-small;\">Quasar<\/span><\/a><span style=\"font-size: xx-small;\">Comunicacion<br \/>\n<\/span><span style=\"color: #ff0000; font-size: xx-small;\"> Web:<\/span><b><\/b> <a href=\"http:\/\/www.quasarcomunicacion.com.ar\/\"> <span style=\"font-size: xx-small;\">www.quasarcomunicacion.com.ar<\/span><\/a><\/p>\n<p align=\"left\"><span style=\"font-size: xx-small;\"> <span style=\"color: #ff0000;\">Mail<\/span><b>:<\/b><\/span><span style=\"font-size: xx-small;\"> <a href=\"mailto:fernanda@quasarcomunicacion.com.ar\"> quasar<\/a><a href=\"mailto:fernanda@quasarcomunicacion.com.ar\">@quasarcomunicacion.com.ar<\/a><\/span><\/p>\n<\/td>\n<td width=\"50%\">\n<p align=\"right\"><span style=\"font-size: medium;\"><strong> <span style=\"color: #808080; font-family: Arial; font-size: small;\"> Lic. Mar\u00eda Fernanda Ipata &#8211; Directora<br \/>\n<\/span> <\/strong><\/span> <span style=\"font-size: xx-small;\"><span style=\"color: #ff0000;\"><br \/>\nDirecto<\/span><b>: <\/b> 0230<\/span><span style=\"font-size: xx-small;\">-4664772<\/span><span style=\"font-size: xx-small;\"><br \/>\n<\/span><span style=\"font-size: xx-small;\"> <span style=\"color: #ff0000;\">M\u00f3vil:<\/span><b> <\/b> 0230<\/span><span style=\"font-size: xx-small;\">-15-4584535<br \/>\n011-15-6096-4656 ID 558*3763<br \/>\n<\/span><span style=\"color: #ff0000; font-size: xx-small;\"> Skype:<\/span><span style=\"font-size: xx-small;\"> quasarcomunicacion<br \/>\n<\/span><span style=\"color: #ff0000; font-size: xx-small;\"> Twitter:<\/span><span style=\"font-size: xx-small;\"> @quasarpilar<br \/>\n<\/span><span style=\"color: #ff0000; font-size: xx-small;\"> Gr<\/span><span style=\"color: #ff0000; font-size: xx-small;\">upo y p\u00e1gina en Facebook: <\/span> <span style=\"color: #808080; font-size: xx-small;\">www.facebook.com\/<\/span><a href=\"mailto:mfipata@gmail.com\"><span style=\"font-size: xx-small;\">Quasar<\/span><\/a><span style=\"font-size: xx-small;\">Comunicacion<br \/>\n<\/span><span style=\"font-size: xx-small;\"> <span style=\"color: #ff0000;\">LinkedIn<\/span><b>:\u00a0 <\/b><\/span> <span style=\"font-size: xx-small;\"><b> <a href=\"http:\/\/www.linkedin.com\/in\/mfipata\"> http:\/\/www.linkedin.com\/in\/mfipata<\/a><\/b><\/span><span style=\"font-size: xx-small;\"><br \/>\n<\/span><span style=\"color: #ff0000; font-size: xx-small;\"> Web:<\/span><b><\/b> <a href=\"http:\/\/www.quasarcomunicacion.com.ar\/\"> <span style=\"font-size: xx-small;\">www.quasarcomunicacion.com.ar<\/span><\/a><span style=\"font-size: xx-small;\"><br \/>\n<\/span><span style=\"font-size: xx-small;\"> <span style=\"color: #ff0000;\"> Mail<\/span><b>:<\/b><\/span><span style=\"font-size: xx-small;\"><a href=\"mailto:fernanda@quasarcomunicacion.com.ar\"> fernanda@quasarcomunicacion.com.ar<\/a><\/span><\/p>\n<\/td>\n<\/tr>\n<\/tbody>\n<\/table>\n<\/div>\n","protected":false},"excerpt":{"rendered":"<p>Bajo el lema \u201cDesaf\u00edos para Mejorar la Productividad\u201d, la Facultad Regional Delta invita a participar de las 5tas Jornadas Nacionales [&hellip;]<\/p>\n","protected":false},"author":2,"featured_media":5196,"comment_status":"open","ping_status":"open","sticky":false,"template":"","format":"standard","meta":[],"categories":[2],"tags":[],"_links":{"self":[{"href":"https:\/\/quasarcomunicacion.com.ar\/web\/wp-json\/wp\/v2\/posts\/7708"}],"collection":[{"href":"https:\/\/quasarcomunicacion.com.ar\/web\/wp-json\/wp\/v2\/posts"}],"about":[{"href":"https:\/\/quasarcomunicacion.com.ar\/web\/wp-json\/wp\/v2\/types\/post"}],"author":[{"embeddable":true,"href":"https:\/\/quasarcomunicacion.com.ar\/web\/wp-json\/wp\/v2\/users\/2"}],"replies":[{"embeddable":true,"href":"https:\/\/quasarcomunicacion.com.ar\/web\/wp-json\/wp\/v2\/comments?post=7708"}],"version-history":[{"count":0,"href":"https:\/\/quasarcomunicacion.com.ar\/web\/wp-json\/wp\/v2\/posts\/7708\/revisions"}],"wp:featuredmedia":[{"embeddable":true,"href":"https:\/\/quasarcomunicacion.com.ar\/web\/wp-json\/wp\/v2\/media\/5196"}],"wp:attachment":[{"href":"https:\/\/quasarcomunicacion.com.ar\/web\/wp-json\/wp\/v2\/media?parent=7708"}],"wp:term":[{"taxonomy":"category","embeddable":true,"href":"https:\/\/quasarcomunicacion.com.ar\/web\/wp-json\/wp\/v2\/categories?post=7708"},{"taxonomy":"post_tag","embeddable":true,"href":"https:\/\/quasarcomunicacion.com.ar\/web\/wp-json\/wp\/v2\/tags?post=7708"}],"curies":[{"name":"wp","href":"https:\/\/api.w.org\/{rel}","templated":true}]}}