{"id":7704,"date":"2017-01-08T13:28:34","date_gmt":"2017-01-08T16:28:34","guid":{"rendered":"https:\/\/quasarcomunicacion.com.ar\/web\/?p=7704"},"modified":"2017-01-08T13:28:34","modified_gmt":"2017-01-08T16:28:34","slug":"el-ceeta-en-diario-perfil-6","status":"publish","type":"post","link":"https:\/\/quasarcomunicacion.com.ar\/web\/el-ceeta-en-diario-perfil-6\/","title":{"rendered":"El CEETA en Diario Perfil"},"content":{"rendered":"<p>Nota publicada en la edicion del d\u00eda domingo 8 de abril del diario Perfil en su versi\u00f3n escrita donde particip\u00f3 la Lic. Gabriela Mart\u00ecnez Castro, directora del CEETA &#8211; Centro de Estudios Especializados en Trastornos de Ansiedad<!--more--><a href=\"https:\/\/quasarcomunicacion.com.ar\/web\/wp-content\/uploads\/2017\/04\/080117-Perfil.jpg\"><img class=\"aligncenter\" alt=\"080117 Perfil\" src=\"https:\/\/quasarcomunicacion.com.ar\/web\/wp-content\/uploads\/2017\/04\/080117-Perfil-728x1024.jpg\" \/><\/a><\/p>\n","protected":false},"excerpt":{"rendered":"<p>Nota publicada en la edicion del d\u00eda domingo 8 de abril del diario Perfil en su versi\u00f3n escrita donde particip\u00f3 [&hellip;]<\/p>\n","protected":false},"author":2,"featured_media":0,"comment_status":"open","ping_status":"open","sticky":false,"template":"","format":"standard","meta":[],"categories":[42],"tags":[],"_links":{"self":[{"href":"https:\/\/quasarcomunicacion.com.ar\/web\/wp-json\/wp\/v2\/posts\/7704"}],"collection":[{"href":"https:\/\/quasarcomunicacion.com.ar\/web\/wp-json\/wp\/v2\/posts"}],"about":[{"href":"https:\/\/quasarcomunicacion.com.ar\/web\/wp-json\/wp\/v2\/types\/post"}],"author":[{"embeddable":true,"href":"https:\/\/quasarcomunicacion.com.ar\/web\/wp-json\/wp\/v2\/users\/2"}],"replies":[{"embeddable":true,"href":"https:\/\/quasarcomunicacion.com.ar\/web\/wp-json\/wp\/v2\/comments?post=7704"}],"version-history":[{"count":0,"href":"https:\/\/quasarcomunicacion.com.ar\/web\/wp-json\/wp\/v2\/posts\/7704\/revisions"}],"wp:attachment":[{"href":"https:\/\/quasarcomunicacion.com.ar\/web\/wp-json\/wp\/v2\/media?parent=7704"}],"wp:term":[{"taxonomy":"category","embeddable":true,"href":"https:\/\/quasarcomunicacion.com.ar\/web\/wp-json\/wp\/v2\/categories?post=7704"},{"taxonomy":"post_tag","embeddable":true,"href":"https:\/\/quasarcomunicacion.com.ar\/web\/wp-json\/wp\/v2\/tags?post=7704"}],"curies":[{"name":"wp","href":"https:\/\/api.w.org\/{rel}","templated":true}]}}