{"id":7635,"date":"2017-04-20T18:05:20","date_gmt":"2017-04-20T21:05:20","guid":{"rendered":"https:\/\/quasarcomunicacion.com.ar\/web\/?p=7635"},"modified":"2017-04-20T18:05:20","modified_gmt":"2017-04-20T21:05:20","slug":"munoz-hay-que-lograr-consenso-entre-la-escuela-y-la-familia-2","status":"publish","type":"post","link":"https:\/\/quasarcomunicacion.com.ar\/web\/munoz-hay-que-lograr-consenso-entre-la-escuela-y-la-familia-2\/","title":{"rendered":"Mu\u00f1oz: \u00abHay que lograr consenso entre la escuela y la familia\u00bb"},"content":{"rendered":"<p style=\"text-align: left;\" align=\"center\"><span style=\"font-family: Verdana; font-size: small;\">En el auditorio de la Universidad Austral, el <\/span><b style=\"font-family: Verdana; font-size: small;\">Polo Educativo Pilar<\/b><span style=\"font-family: Verdana; font-size: small;\"> organiz\u00f3 la conferencia <\/span><b style=\"font-family: Verdana; font-size: small;\"> \u201cDel alumno a su familia\u201d <\/b><span style=\"font-family: Verdana; font-size: small;\">a cargo del Lic. en Psicolog\u00eda Mat\u00edas Mu\u00f1oz<\/span><b> <\/b><\/p>\n<p align=\"left\"><span style=\"font-family: Verdana; font-size: small;\">Durante dos horas, los docentes y directivos asistentes escucharon y dialogaron con el conferencista a fin de mejorar la relaci\u00f3n escuela &#8211; familia.<!--more--><\/span><\/p>\n<p align=\"left\"><a href=\"https:\/\/quasarcomunicacion.com.ar\/web\/wp-content\/uploads\/2017\/04\/munoz.gif\"><img class=\"aligncenter\" alt=\"munoz\" src=\"https:\/\/quasarcomunicacion.com.ar\/web\/wp-content\/uploads\/2017\/04\/munoz.gif\" \/><\/a><\/p>\n<p align=\"left\"><span style=\"font-family: Verdana; font-size: small;\">El eje de la charla fue la relaci\u00f3n escuela-familia, una relaci\u00f3n que puede estar en crisis por la cr\u00edtica mutua: familias que critican a las escuelas y escuelas que critican a las familias poniendo ambos la responsabilidad fuera.<\/span><\/p>\n<p align=\"left\"><span style=\"font-family: Verdana; font-size: small;\">\u00abEs importante pensar que ambos (escuela y familia) est\u00e1n ante la misma incertidumbre frente a estos nativos digitales que generan much\u00edsimo desconcierto. Hay que ver c\u00f3mo hacemos un trabajo de cooperaci\u00f3n generacional donde nosotros (padres y docentes) podamos ayudarlos a ellos en algunas cuestiones que nos salen mejor, como la tolerancia a la frustraci\u00f3n y podamos aprender de ellos (hijos\/alumnos) algunas cuestiones que a los nativos digitales les sale mejor como la creatividad o la flexibilidad\u00bb, asegur\u00f3 Mu\u00f1oz.<\/span><\/p>\n<p align=\"left\"><span style=\"font-family: Verdana; font-size: small;\">El especialista, del staff de la Universidad Austral dentro de su Escuela de Educaci\u00f3n, indic\u00f3 que \u00abhay que pensar que nos estamos enfrentando a una revoluci\u00f3n como si hubiera aparecido la imprenta, una de las revoluciones m\u00e1s fuertes en la era de la cultura porque lo que cambia es la manera de aprender y la realidad cambia m\u00e1s r\u00e1pido que las formaciones docentes. Entonces tenemos que ver c\u00f3mo nos adecuamos a la nueva realidad\u00bb.<\/span><\/p>\n<p align=\"left\">\u00a0<span style=\"font-family: Verdana; font-size: small;\">Al respecto, dice que \u00abes dif\u00edcil el cambio porque hemos sido formados de una manera y en en una \u00e9poca cultural diferente; entonces hay que desandar un poco eso que hemos adquirido para afrontar algo nuevo y eso genera mucha incertidumbre tanto en padres como en docentes y eso hace que uno se arraigue en lo que uno conoce y supuestamente el alumno se tiene que adecuar al docente y en esta situaci\u00f3n los chicos est\u00e1n haciendo muchos s\u00edntomas en el aprendizaje que son s\u00edntomas que no son necesariamente cognitivos\u00bb.<\/span><\/p>\n<p align=\"left\"><span style=\"font-family: Verdana; font-size: small;\">Ampliando este concepto, de los s\u00edntomas que aparecen para \u00abllamar la atenci\u00f3n\u00bb, Mu\u00f1oz agrega que \u00abno tienen que ver con las capacidades para pensar sino con lo emocional, lo que genera ansiedades en el aula, fobias escolares, depresi\u00f3n en la infancia, enorme baja autoestima para aprender y chicos que la psicopedagoga eval\u00faa cognitivamente y est\u00e1n bien pero tienen fracasos escolares. Entonces parecer\u00eda que hay que mirar lo emocional y lo vincular\u00bb.<\/span><\/p>\n<p align=\"left\"><span style=\"font-family: Verdana; font-size: small;\">Aqu\u00ed Mu\u00f1oz explica que el aprendizaje no es solo cognitivo, sino tambi\u00e9n emocional y relacional. \u00abSi cambiamos la mirada en el v\u00ednculo, ese v\u00ednculo cambia el aprendizaje, favoreciendo o perjudic\u00e1ndolo. Es bueno destacar que las buenas relaciones protegen el cerebro. El v\u00ednculo mejora el aprendizaje. El apego es muy poderoso para aprender\u00bb, agrega.<\/span><\/p>\n<p align=\"left\"><span style=\"font-family: Verdana; font-size: small;\">Entonces, en estas situaciones, Mu\u00f1oz indica que \u00abel alumno est\u00e1 bien en lo cognitivo, el chico abstrae, tiene memoria, lenguaje, pero el chico fracasa en la escuela. Entonces hay temas motivacionales y temas vinculares tanto en la familia como con el docente que obstaculizan el proceso\u00bb.<\/span><\/p>\n<p align=\"left\"><span style=\"font-family: Verdana; font-size: small;\">\u00abNuestros alumnos nos gritan <i>Yo no soy como uds, \u00abmi mente funciona diferente, yo aprendo de otra manera<\/i>\u00ab.\u00a0 Hay que reconocer que la realidad cambia m\u00e1s r\u00e1pido que nuestras capacitaciones. \u00abTenemos que mirarlos con otros ojos para saber c\u00f3mo se aborda el mundo digital en el aula e ir \u00abprobando\u00bb\u00bb, recomienda. <\/span><\/p>\n<p align=\"left\"><span style=\"font-family: Verdana; font-size: small;\">Otro tema que se abord\u00f3 fueron los cambios de \u00aborden\u00bb en la familia. \u00abLo preocupante no es que cambie el formato sino que cambie el orden. Una cosa es que haya pap\u00e1 y mam\u00e1, juntos o separados, familia monoparental, etc. Pero cuando se invierte la simetr\u00eda y el hijo educa al padre, o el hijo tiene poder, o el hijo es el rey de la casa y el padre ha perdido la autoridad, ah\u00ed hay una disfunci\u00f3n m\u00e1s all\u00e1 de las formas\u00bb.<\/span><\/p>\n<p align=\"left\"><span style=\"font-family: Verdana; font-size: small;\">\u00abEse cambio se debe a cuestiones culturales de crisis de identidad en los adultos. Nos cuesta estar en nuestro lugar de adultos\u00bb, dice Mu\u00f1oz.<\/span><\/p>\n<p align=\"left\"><span style=\"font-family: Verdana; font-size: small;\">Es importante tener en cuenta que \u00aben la pelea padres-docentes, perdemos los docentes ya que los alumnos pasan con nosotros un rato y el resto del d\u00eda con su familia, por eso es importante el consenso. Antes estaba claro que padres y escuela est\u00e1bamos para lo mismo, ahora hay docentes que tienen miedo de la reuni\u00f3n de padres\u00bb.<\/span><\/p>\n<p align=\"left\"><span style=\"font-family: Verdana; font-size: small;\">En cuanto al futuro, Mu\u00f1oz asegura que \u00abparecer\u00eda que el siglo XXI nos pide habilidades blandas, emocionales, como la inteligencia emocional o la flexibilidad en el liderazgo o la compasi\u00f3n, la empat\u00eda, y esto no se da en la escuela o se da poco\u00bb.<\/span><\/p>\n<p align=\"left\"><span style=\"font-family: Verdana; font-size: small;\">Por eso, \u00abcuando una relaci\u00f3n no tiene el mismo foco pierde eficacia. Si los padres mandan al colegio a los chicos por una cosa y los docentes quieren a los chicos para otra hay un conflicto. Si lo que queremos es que los chicos tengan informaci\u00f3n en la era de la informaci\u00f3n en la cual los chicos est\u00e1n saturados de datos, vamos a estar en problemas. Hay que ense\u00f1ar procedimientos, competencias, y no tanto contenidos. Los contenidos tienen que estar pero tiene que haber otro tipo de manejo de contenidos para evitar que el chico haga ansiedades por estar con la mente tan llena de informaci\u00f3n\u00bb, ampl\u00eda el psic\u00f3logo.<\/span><\/p>\n<p align=\"left\"><span style=\"font-family: Verdana; font-size: small;\">Este diagn\u00f3stico se da tanto en la escuela publica como en la privada, es transversal a las clases sociales seg\u00fan indica Mu\u00f1oz.<\/span><\/p>\n<p align=\"left\"><span style=\"font-family: Verdana; font-size: small;\">\u00abLa soluci\u00f3n, en principio es que la escuela y la familia dialoguen mucho para establecer una alianza y un foco en com\u00fan que es la crianza de los chicos. El ni\u00f1o est\u00e1 en el medio de una cr\u00edtica familia-escuela y eso le dificulta tambi\u00e9n aprender. Lo primero es establecer nuevos focos de consenso para que el chico sepa que los adultos tenemos el mismo respaldo y tenemos el mismo foco y queremos lo mismo para \u00e9l\u00bb, finaliza Mu\u00f1oz.<\/span><\/p>\n<p><b>Acerca de Mat\u00edas Mu\u00f1oz<\/b><\/p>\n<p><span style=\"font-family: Verdana; font-size: small;\">El Lic. Mat\u00edas Mu\u00f1oz realiz\u00f3 una especializaci\u00f3n como terapeuta sist\u00e9mico relacional en la Fundaci\u00f3n Familias y Parejas, en el Instituto Argentino de terapeutas sist\u00e9micos relacionales (2006-2008). Tambi\u00e9n, realiza capacitaciones a docentes en organizaciones educativas y brinda talleres y charlas para padres en organizaciones educativas y empresarias.<\/span><\/p>\n<p><span style=\"font-family: Verdana; font-size: small;\">Para m\u00e1s informaci\u00f3n ingresar a <a href=\"http:\/\/www.poloeducativopilar.org.ar\/\"> www.poloeducativopilar.org.ar<\/a> <\/span><\/p>\n<p align=\"center\"><span style=\"font-size: small;\"><b><i><span style=\"font-family: Arial;\">Por otras im\u00e1genes, audios o entrevistas no dude en contactarse entrevistas no dude en contactarse<\/span><\/i><\/b><\/span><\/p>\n<div align=\"left\">\n<table width=\"100%\" border=\"1\" cellpadding=\"2\" align=\"left\">\n<tbody>\n<tr>\n<td align=\"center\" width=\"50%\">\n<p align=\"left\"><span style=\"font-size: medium;\"><strong><span style=\"color: #808080; font-family: Arial; font-size: small;\"> Mayra Ibarra &#8211; Asistente de Cuentas<\/span><\/strong><\/span><\/p>\n<p><span style=\"font-size: xx-small;\"><span style=\"color: #ff0000;\"> Directo<\/span><b>: <\/b> 0230<\/span><span style=\"font-size: xx-small;\">-4664772<br \/>\n<\/span><span style=\"color: #ff0000; font-size: xx-small;\"> Skype:<\/span><span style=\"font-size: xx-small;\"> quasarcomunicacion<br \/>\n<\/span><span style=\"color: #ff0000; font-size: xx-small;\"> Twitter:<\/span><span style=\"font-size: xx-small;\"> @quasarpilar<br \/>\n<\/span><span style=\"color: #ff0000; font-size: xx-small;\"> Gr<\/span><span style=\"color: #ff0000; font-size: xx-small;\">upo y p\u00e1gina en Facebook: <\/span> <span style=\"color: #808080; font-size: xx-small;\">www.facebook.com\/<\/span><a href=\"mailto:mfipata@gmail.com\"><span style=\"font-size: xx-small;\">Quasar<\/span><\/a><span style=\"font-size: xx-small;\">Comunicacion<br \/>\n<\/span><span style=\"color: #ff0000; font-size: xx-small;\"> Web:<\/span><b><\/b> <a href=\"http:\/\/www.quasarcomunicacion.com.ar\/\"> <span style=\"font-size: xx-small;\">www.quasarcomunicacion.com.ar<\/span><\/a><\/p>\n<p align=\"left\"><span style=\"font-size: xx-small;\"> <span style=\"color: #ff0000;\">Mail<\/span><b>:<\/b><\/span><span style=\"font-size: xx-small;\"> <a href=\"mailto:fernanda@quasarcomunicacion.com.ar\"> quasar<\/a><a href=\"mailto:fernanda@quasarcomunicacion.com.ar\">@quasarcomunicacion.com.ar<\/a><\/span><\/p>\n<\/td>\n<td align=\"center\" width=\"50%\">\n<p align=\"right\"><span style=\"font-size: medium;\"><strong> <span style=\"color: #808080; font-family: Arial; font-size: small;\"> Lic. Mar\u00eda Fernanda Ipata &#8211; Directora<br \/>\n<\/span> <\/strong><\/span> <span style=\"font-size: xx-small;\"><span style=\"color: #ff0000;\"><br \/>\nDirecto<\/span><b>: <\/b> 0230<\/span><span style=\"font-size: xx-small;\">-4664772<\/span><span style=\"font-size: xx-small;\"><br \/>\n<\/span><span style=\"font-size: xx-small;\"> <span style=\"color: #ff0000;\">M\u00f3vil:<\/span><b> <\/b> 0230<\/span><span style=\"font-size: xx-small;\">-15-4584535<br \/>\n011-15-6096-4656 ID 558*3763<br \/>\n<\/span><span style=\"color: #ff0000; font-size: xx-small;\"> Skype:<\/span><span style=\"font-size: xx-small;\"> quasarcomunicacion<br \/>\n<\/span><span style=\"color: #ff0000; font-size: xx-small;\"> Twitter:<\/span><span style=\"font-size: xx-small;\"> @quasarpilar<br \/>\n<\/span><span style=\"color: #ff0000; font-size: xx-small;\"> Gr<\/span><span style=\"color: #ff0000; font-size: xx-small;\">upo y p\u00e1gina en Facebook: <\/span> <span style=\"color: #808080; font-size: xx-small;\">www.facebook.com\/<\/span><a href=\"mailto:mfipata@gmail.com\"><span style=\"font-size: xx-small;\">Quasar<\/span><\/a><span style=\"font-size: xx-small;\">Comunicacion<br \/>\n<\/span><span style=\"font-size: xx-small;\"> <span style=\"color: #ff0000;\">LinkedIn<\/span><b>:\u00a0 <\/b><\/span> <span style=\"font-size: xx-small;\"><b> <a href=\"http:\/\/www.linkedin.com\/in\/mfipata\"> http:\/\/www.linkedin.com\/in\/mfipata<\/a><\/b><\/span><span style=\"font-size: xx-small;\"><br \/>\n<\/span><span style=\"color: #ff0000; font-size: xx-small;\"> Web:<\/span><b><\/b> <a href=\"http:\/\/www.quasarcomunicacion.com.ar\/\"> <span style=\"font-size: xx-small;\">www.quasarcomunicacion.com.ar<\/span><\/a><span style=\"font-size: xx-small;\"><br \/>\n<\/span><span style=\"font-size: xx-small;\"> <span style=\"color: #ff0000;\">Mail<\/span><b>:<\/b><\/span><span style=\"font-size: xx-small;\"><a href=\"mailto:fernanda@quasarcomunicacion.com.ar\"> fernanda@quasarcomunicacion.com.ar<\/a><\/span><\/p>\n<\/td>\n<\/tr>\n<\/tbody>\n<\/table>\n<\/div>\n<hr \/>\n<p align=\"left\"><b> <span style=\"color: #ff0000; font-family: Verdana; font-size: small;\">Acerca del Polo Educativo Pilar<\/span><\/b><\/p>\n<p align=\"left\">\u00a0El\u00a0<b>Polo Educativo Pilar\u00a0<\/b>es una asociaci\u00f3n civil sin fines de lucro que fue fundada en el a\u00f1o 2002, que re\u00fane a instituciones educativas del Partido de Pilar y tiene como objetivo principal el promover y desarrollar la educaci\u00f3n, p\u00fablica y privada, en todo el distrito.<\/p>\n<p>La asociaci\u00f3n nace a partir de 1999 cuando los directivos de los j\u00f3venes colegios privados de Pilar, junto con los que llevaban m\u00e1s a\u00f1os en la ciudad, comienzan a reunirse para considerar sus problem\u00e1ticas comunes. Este hecho, in\u00e9dito en la educaci\u00f3n privada en la Argentina, alcanza un alto grado de sinergia cuando los Colegios deciden trazar un plan para convertir al Partido de Pilar en una localidad que sea conocida por su alto nivel educativo, tanto en las instituciones privadas como en las p\u00fablicas. Con esa idea, un grupo original de 14 Colegios de distintos niveles, funda el\u00a0<b>Polo Educativo Pilar<\/b>.<\/p>\n<p>Cabe destacar que entidad obtuvo su personer\u00eda jur\u00eddica en diciembre de 2004 bajo el Nro. 7000\/04 expedido por la Inspecci\u00f3n de Persona jur\u00eddica de la Provincia de Buenos Aires. En el a\u00f1o 2003 es declarada entidad de Bien P\u00fablico por el Municipio de Pilar por Decreto Municipal Nro. 6679\/2003.<\/p>\n","protected":false},"excerpt":{"rendered":"<p>En el auditorio de la Universidad Austral, el Polo Educativo Pilar organiz\u00f3 la conferencia \u201cDel alumno a su familia\u201d a [&hellip;]<\/p>\n","protected":false},"author":2,"featured_media":7623,"comment_status":"open","ping_status":"open","sticky":false,"template":"","format":"standard","meta":[],"categories":[2],"tags":[],"_links":{"self":[{"href":"https:\/\/quasarcomunicacion.com.ar\/web\/wp-json\/wp\/v2\/posts\/7635"}],"collection":[{"href":"https:\/\/quasarcomunicacion.com.ar\/web\/wp-json\/wp\/v2\/posts"}],"about":[{"href":"https:\/\/quasarcomunicacion.com.ar\/web\/wp-json\/wp\/v2\/types\/post"}],"author":[{"embeddable":true,"href":"https:\/\/quasarcomunicacion.com.ar\/web\/wp-json\/wp\/v2\/users\/2"}],"replies":[{"embeddable":true,"href":"https:\/\/quasarcomunicacion.com.ar\/web\/wp-json\/wp\/v2\/comments?post=7635"}],"version-history":[{"count":0,"href":"https:\/\/quasarcomunicacion.com.ar\/web\/wp-json\/wp\/v2\/posts\/7635\/revisions"}],"wp:featuredmedia":[{"embeddable":true,"href":"https:\/\/quasarcomunicacion.com.ar\/web\/wp-json\/wp\/v2\/media\/7623"}],"wp:attachment":[{"href":"https:\/\/quasarcomunicacion.com.ar\/web\/wp-json\/wp\/v2\/media?parent=7635"}],"wp:term":[{"taxonomy":"category","embeddable":true,"href":"https:\/\/quasarcomunicacion.com.ar\/web\/wp-json\/wp\/v2\/categories?post=7635"},{"taxonomy":"post_tag","embeddable":true,"href":"https:\/\/quasarcomunicacion.com.ar\/web\/wp-json\/wp\/v2\/tags?post=7635"}],"curies":[{"name":"wp","href":"https:\/\/api.w.org\/{rel}","templated":true}]}}