{"id":7632,"date":"2017-04-19T19:35:55","date_gmt":"2017-04-19T22:35:55","guid":{"rendered":"https:\/\/quasarcomunicacion.com.ar\/web\/?p=7632"},"modified":"2017-04-19T19:35:55","modified_gmt":"2017-04-19T22:35:55","slug":"se-premio-a-los-mejores-artistas-de-estilo-pilar-2017","status":"publish","type":"post","link":"https:\/\/quasarcomunicacion.com.ar\/web\/se-premio-a-los-mejores-artistas-de-estilo-pilar-2017\/","title":{"rendered":"Se premi\u00f3 a los mejores artistas de Estilo Pilar 2017"},"content":{"rendered":"<p style=\"text-align: left;\" align=\"center\"><span style=\"font-family: Verdana; font-size: small;\">El prestigioso jurado premi\u00f3 a los mejores artistas que est\u00e1n exhibiendo sus obras en <\/span><b style=\"font-family: Verdana; font-size: small;\"> Estilo Pilar<\/b><span style=\"font-family: Verdana; font-size: small;\">, la muestra de decoraci\u00f3n, arte y paisajismo que permanecer\u00e1 abierta hasta el 23 de abril en Puertos (Escobar) a total beneficio de la atenci\u00f3n odontol\u00f3gica gratuita de ni\u00f1os de escasos recursos de Pilar.<\/span><\/p>\n<p align=\"left\"><span style=\"font-family: Verdana; font-size: small;\">El jurado estuvo integrado por la artista pl\u00e1stica Victoria Trench; el vicedirector de la Academia Nacional de Bellas Artes, Jorge Tapia y el coleccionista de arte, Fernando Diez.<!--more--><\/span><\/p>\n<p align=\"left\">\u00a0<a href=\"https:\/\/quasarcomunicacion.com.ar\/web\/wp-content\/uploads\/2017\/04\/arte.gif\"><img class=\"aligncenter\" alt=\"arte\" src=\"https:\/\/quasarcomunicacion.com.ar\/web\/wp-content\/uploads\/2017\/04\/arte.gif\" \/><\/a><\/p>\n<p align=\"left\"><span style=\"font-family: Verdana; font-size: small;\">El primer premio fue para Pablo Fraccia por su Escultura en granito gris. El segundo lugar tambi\u00e9n para una escultura, esta vez la de Victoria Aspiroz con su obra Escultura en cer\u00e1mica. Y el tercer premio se lo llev\u00f3 Laura Bunsow con la obra en Acr\u00edlico \u00abLa lupa de Anita\u00bb. Por su parte, Cecilia Mortola se hizo acreedora a una menci\u00f3n por su obra \u00abLuces y sombras\u00bb.<\/span><\/p>\n<p align=\"left\"><span style=\"font-family: Verdana; font-size: small;\">En esta 15\u00ba Edici\u00f3n de la Muestra Solidaria, el arte estuvo presente en cuatro containers que albergan las m\u00e1s variadas obras, adem\u00e1s de las esculturas que se exhiben a lo largo del recorrido. <\/span><\/p>\n<p align=\"left\"><span style=\"font-family: Verdana; font-size: small;\">Estilo Pilar cuenta con land art, esculturas, pinturas y aca-arte en papel. Y ademas, el shop de arte.<\/span><\/p>\n<p align=\"left\"><span style=\"font-family: Verdana; font-size: small;\">En el recorrido de los conteiners el espacio de Flor Ferreiros Photography, que exhibe fotos de familia hechas en fotograf\u00eda digital. <\/span><\/p>\n<p align=\"left\"><span style=\"font-family: Verdana; font-size: small;\">Silvia Valdez con su estilo figurativo, con reminiscencias del arte Colonial abord\u00e1ndolo con una t\u00e9cnica mixta que incluye acr\u00edlico y collage.<\/span><\/p>\n<p align=\"left\"><span style=\"font-family: Verdana; font-size: small;\">Adriana Pascucci exhibe obras con t\u00e9cnica mixta sobre madera, un arte figurativo que incluye el collage, acr\u00edlico, tintas y l\u00e1piz.<\/span><\/p>\n<p align=\"left\"><span style=\"font-family: Verdana; font-size: small;\">Constanza M\u00fcller, presenta sus \u00f3leos con la tem\u00e1tica ecuestre.<br \/>\nVirginia Chapuis, exhibe sus \u00f3leos y acr\u00edlicos figurativos con libertad de colores. <\/span><\/p>\n<p><span style=\"font-family: Verdana; font-size: small;\">Patricia Aizcorbe y H\u00e9ctor Pomilio trabajan metales reciclados, soldados y elementos en desuso, con inclusiones de resina y pintura en acr\u00edlico.<\/span><\/p>\n<p><span style=\"font-family: Verdana; font-size: small;\">Carina Sukaczer exhibe obras de peque\u00f1o y mediano formato realizadas con pasteles y acr\u00edlicos. Son obras en las que el color y las l\u00edneas sensibles se destacan dando lugar a formas org\u00e1nicas.<\/span><\/p>\n<p><span style=\"font-family: Verdana; font-size: small;\">Gabriela Villar muestra paisajes abstractos y representaci\u00f3n de estilos arquitect\u00f3nicos en forma libre con sus \u00f3leos y acr\u00edlicos sobre bastidor y sobre madera.<\/span><\/p>\n<p><span style=\"font-family: Verdana; font-size: small;\">Tito Khabie utiliza t\u00e9cnicas mixtas, acr\u00edlicos, \u00f3leo, tramas, stencil, entre otras.<br \/>\nH\u00e9ctor Chivil\u00f3 exhibe las obras de esta serie que reflejan im\u00e1genes que observa cuando navega a vela en el R\u00edo de la Plata.<\/p>\n<p>Alex Bra\u00f1a, utiliza acr\u00edlico y t\u00e9cnica mixta sobre tela en la nueva serie abstracci\u00f3n de los distintos lugares de la ciudad. <\/span><\/p>\n<p><span style=\"font-family: Verdana; font-size: small;\">Gabriela Poggi, exhibe obras realizadas con t\u00e9cnica mixta sobre bastidor, cart\u00f3n y papel buscando la experimentaci\u00f3n con pintura asf\u00e1ltica, trementina, pigmentos acr\u00edlicos, polvo de oro, etc<\/span><\/p>\n<p><span style=\"font-family: Verdana; font-size: small;\">Julio Mroue, presenta un barco de madera y papel hecho a mano.<br \/>\nGabriela Garc\u00eda utiliza en sus obras t\u00e9cnicas mixtas como Asfalto, resinas, dorado a la hoja y acr\u00edlico.<\/span><\/p>\n<p><span style=\"font-family: Verdana; font-size: small;\">Ricky Crespo llega con el leit motiv de Como transformar una canci\u00f3n en toda una novela y \u00bfcomo seria la tapa de esa novela? As\u00ed, llega el pop art con acr\u00edlico y tintas sobre tela.<\/span><\/p>\n<p><span style=\"font-family: Verdana; font-size: small;\">Manuel Paz con sus acr\u00edlicos en colores estridentes y su personaje caracter\u00edstico en toda sus obras.<\/span><\/p>\n<p><span style=\"font-family: Verdana; font-size: small;\">Ac\u00e1-arte tiene como artistas invitados en escultura Baston Diaz, Dora Isdatne, y Maria Silvia Corcuera Ter\u00e1n. En fotograf\u00eda Arturo Ballester Molina. Sergio Artola y Pablo Perez Raggio con su instalaci\u00f3n \u00abJard\u00edn Secreto\u00bb. Los artistas presentan distintas propuesta con papel: arte digital, gofrado, calado, collage y estampado.<\/span><\/p>\n<p><span style=\"font-family: Verdana; font-size: small;\"><b> Ficha T\u00e9cnica: <\/b><\/span><\/p>\n<p><span style=\"font-family: Verdana; font-size: small;\"><b>D\u00f3nde?:<\/b> Puertos (Escobar)<br \/>\nKM 45. Panamericana Ramal Escobar.<br \/>\nPuertos cuenta con un excelente acceso directo de 4km asfaltado, iluminado y de dos v\u00edas por mano desde Panamericana.<\/span><\/p>\n<p><span style=\"font-family: Verdana; font-size: small;\"><b>Cu\u00e1ndo?: <\/b>Hasta el 23 de Abril<\/span><\/p>\n<p><span style=\"font-family: Verdana; font-size: small;\"><b>D\u00edas y horarios:<\/b> Mi\u00e9rcoles, Jueves, Domingos desde las 11 hasta las 18 hs.<br \/>\nViernes, S\u00e1bados y v\u00edsperas de feriados desde las 11 hasta las 19 hs.<\/span><\/p>\n<p><span style=\"font-family: Verdana; font-size: small;\"><b>Entradas<\/b>: generales $ 180, jubilados y grupos +9 $ 150.-<\/span><\/p>\n<p><span style=\"font-family: Verdana; font-size: small;\"><b>Contacto:<\/b> https:\/\/www.facebook.com\/estilopilar<br \/>\nhttp:\/\/www.estilopilar.com.ar\/ <\/span><\/p>\n<p><b><span style=\"font-family: Verdana; font-size: small;\">Sobre Amigos del Pilar <\/span><\/b><\/p>\n<p><span style=\"font-family: Verdana; font-size: xx-small;\">Como todos los a\u00f1os anteriores, <b>Estilo Pilar<\/b> es organizado por <b>Amigos del Pilar<\/b>, una Asociaci\u00f3n Civil que surgi\u00f3 de la inquietud de un grupo de mujeres con esp\u00edritu solidario que deseaban colaborar y comprometerse con su comunidad. Desde el a\u00f1o 1996 trabajan en el partido de Pilar con la misi\u00f3n de brindar ayuda a ni\u00f1os de escasos recursos en materia de salud odontol\u00f3gica: \u201cUn Pilar con atenci\u00f3n digna para los m\u00e1s necesitados\u201d.<br \/>\nPara llevar a cabo esta tarea, en el a\u00f1o 2004 crearon los consultorios odontol\u00f3gicos propios, que funcionaron ininterrumpidamente hasta octubre del 2014. Durante esos diez a\u00f1os se dio atenci\u00f3n a m\u00e1s de 50 mil chicos y se brindaron 134.700 prestaciones.<br \/>\nA partir del 1 de octubre de ese a\u00f1o iniciaron un nuevo camino. Formularon un nuevo sistema de becas que hace posible que tanto antiguos pacientes, como aquellos nuevos que soliciten atenci\u00f3n, puedan ser atendidos con la financiaci\u00f3n de Amigos del Pilar. Este nuevo proyecto es posible tambi\u00e9n gracias a la ayuda de profesionales solidarios que comprenden la tarea y est\u00e1n involucrados con la obra de la fundaci\u00f3n.<\/span><\/p>\n<p align=\"left\"><span style=\"font-size: small;\"><b><i><span style=\"font-family: Arial;\">Por otras im\u00e1genes, audios o entrevistas no dude en contactarse<\/span><\/i><\/b><\/span><\/p>\n<p align=\"left\">Toda la informaci\u00f3n en <a href=\"http:\/\/www.quasarcomunicacion.com.ar\/web\/estilopilar17\"> www.quasarcomunicacion.com.ar\/web\/estilopilar17<\/a><\/p>\n<p align=\"center\"><span style=\"font-size: small;\"><b><i> Contactos de Prensa<\/i><\/b><\/span><\/p>\n<div align=\"left\">\n<table width=\"100%\" border=\"1\" cellpadding=\"2\" align=\"left\">\n<tbody>\n<tr>\n<td width=\"50%\">\n<p align=\"left\"><strong> <span style=\"color: #ff0000; font-family: Arial; font-size: small;\">Mayra Ibarra <\/span><\/strong> <span style=\"font-size: medium;\"><strong> <span style=\"color: #808080; font-family: Arial; font-size: small;\"> &#8211; Asistente de Cuentas<\/p>\n<p><\/span> <\/strong><\/span> <span style=\"font-size: xx-small;\"><span style=\"color: #ff0000;\"> Directo<\/span><b>: <\/b> 0230<\/span><span style=\"font-size: xx-small;\">-4664772<br \/>\n<\/span><span style=\"color: #ff0000; font-size: xx-small;\"> Skype:<\/span><span style=\"font-size: xx-small;\"> quasarcomunicacion<br \/>\n<\/span><span style=\"color: #ff0000; font-size: xx-small;\"> Twitter:<\/span><span style=\"font-size: xx-small;\"> @quasarpilar<br \/>\n<\/span><span style=\"color: #ff0000; font-size: xx-small;\"> Gr<\/span><span style=\"color: #ff0000; font-size: xx-small;\">upo y p\u00e1gina en Facebook: <\/span> <span style=\"color: #808080; font-size: xx-small;\">www.facebook.com\/<\/span><a href=\"mailto:mfipata@gmail.com\"><span style=\"font-size: xx-small;\">Quasar<\/span><\/a><span style=\"font-size: xx-small;\">Comunicacion<br \/>\n<\/span><span style=\"color: #ff0000; font-size: xx-small;\"> Web:<\/span><b><\/b> <a href=\"http:\/\/www.quasarcomunicacion.com.ar\/\"> <span style=\"font-size: xx-small;\">www.quasarcomunicacion.com.ar<\/span><\/a><\/p>\n<p align=\"left\"><span style=\"font-size: xx-small;\"> <span style=\"color: #ff0000;\">Mail<\/span><b>:<\/b><\/span><span style=\"font-size: xx-small;\"><a href=\"mailto:fernanda@quasarcomunicacion.com.ar\"> quasar@quasarcomunicacion.com.ar<\/a><\/span><\/p>\n<\/td>\n<td width=\"50%\">\n<p align=\"right\"><span style=\"font-size: medium;\"><strong> <span style=\"color: #808080; font-family: Arial; font-size: small;\"> Lic. Mar\u00eda Fernanda Ipata &#8211; Directora<br \/>\n<\/span> <\/strong><\/span> <span style=\"font-size: xx-small;\"><span style=\"color: #ff0000;\"><br \/>\nDirecto<\/span><b>: <\/b> 0230<\/span><span style=\"font-size: xx-small;\">-4664772<\/span><span style=\"font-size: xx-small;\"><br \/>\n<\/span><span style=\"font-size: xx-small;\"> <span style=\"color: #ff0000;\">M\u00f3vil:<\/span><b> <\/b> 0230<\/span><span style=\"font-size: xx-small;\">-15-4584535<br \/>\n011-15-6096-4656 ID 558*3763<br \/>\n<\/span><span style=\"color: #ff0000; font-size: xx-small;\"> Skype:<\/span><span style=\"font-size: xx-small;\"> quasarcomunicacion<br \/>\n<\/span><span style=\"color: #ff0000; font-size: xx-small;\"> Twitter:<\/span><span style=\"font-size: xx-small;\"> @quasarpilar<br \/>\n<\/span><span style=\"color: #ff0000; font-size: xx-small;\"> Gr<\/span><span style=\"color: #ff0000; font-size: xx-small;\">upo y p\u00e1gina en Facebook: <\/span> <span style=\"color: #808080; font-size: xx-small;\">www.facebook.com\/<\/span><a href=\"mailto:mfipata@gmail.com\"><span style=\"font-size: xx-small;\">Quasar<\/span><\/a><span style=\"font-size: xx-small;\">Comunicacion<br \/>\n<\/span><span style=\"font-size: xx-small;\"> <span style=\"color: #ff0000;\">LinkedIn<\/span><b>:\u00a0 <\/b><\/span> <span style=\"font-size: xx-small;\"><b> <a href=\"http:\/\/www.linkedin.com\/in\/mfipata\"> http:\/\/www.linkedin.com\/in\/mfipata<\/a><\/b><\/span><span style=\"font-size: xx-small;\"><br \/>\n<\/span><span style=\"color: #ff0000; font-size: xx-small;\"> Web:<\/span><b><\/b> <a href=\"http:\/\/www.quasarcomunicacion.com.ar\/\"> <span style=\"font-size: xx-small;\">www.quasarcomunicacion.com.ar<\/span><\/a><span style=\"font-size: xx-small;\"><br \/>\n<\/span><span style=\"font-size: xx-small;\"> <span style=\"color: #ff0000;\"> Mail<\/span><b>:<\/b><\/span><span style=\"font-size: xx-small;\"><a href=\"mailto:fernanda@quasarcomunicacion.com.ar\"> fernanda@quasarcomunicacion.com.ar<\/a><\/span><\/p>\n<\/td>\n<\/tr>\n<\/tbody>\n<\/table>\n<\/div>\n","protected":false},"excerpt":{"rendered":"<p>El prestigioso jurado premi\u00f3 a los mejores artistas que est\u00e1n exhibiendo sus obras en Estilo Pilar, la muestra de decoraci\u00f3n, [&hellip;]<\/p>\n","protected":false},"author":2,"featured_media":7625,"comment_status":"open","ping_status":"open","sticky":false,"template":"","format":"standard","meta":[],"categories":[2],"tags":[],"_links":{"self":[{"href":"https:\/\/quasarcomunicacion.com.ar\/web\/wp-json\/wp\/v2\/posts\/7632"}],"collection":[{"href":"https:\/\/quasarcomunicacion.com.ar\/web\/wp-json\/wp\/v2\/posts"}],"about":[{"href":"https:\/\/quasarcomunicacion.com.ar\/web\/wp-json\/wp\/v2\/types\/post"}],"author":[{"embeddable":true,"href":"https:\/\/quasarcomunicacion.com.ar\/web\/wp-json\/wp\/v2\/users\/2"}],"replies":[{"embeddable":true,"href":"https:\/\/quasarcomunicacion.com.ar\/web\/wp-json\/wp\/v2\/comments?post=7632"}],"version-history":[{"count":0,"href":"https:\/\/quasarcomunicacion.com.ar\/web\/wp-json\/wp\/v2\/posts\/7632\/revisions"}],"wp:featuredmedia":[{"embeddable":true,"href":"https:\/\/quasarcomunicacion.com.ar\/web\/wp-json\/wp\/v2\/media\/7625"}],"wp:attachment":[{"href":"https:\/\/quasarcomunicacion.com.ar\/web\/wp-json\/wp\/v2\/media?parent=7632"}],"wp:term":[{"taxonomy":"category","embeddable":true,"href":"https:\/\/quasarcomunicacion.com.ar\/web\/wp-json\/wp\/v2\/categories?post=7632"},{"taxonomy":"post_tag","embeddable":true,"href":"https:\/\/quasarcomunicacion.com.ar\/web\/wp-json\/wp\/v2\/tags?post=7632"}],"curies":[{"name":"wp","href":"https:\/\/api.w.org\/{rel}","templated":true}]}}