{"id":763,"date":"2012-08-25T14:30:50","date_gmt":"2012-08-25T14:30:50","guid":{"rendered":"http:\/\/quasarcomunicacion.wordpress.com\/?p=763"},"modified":"2012-08-25T14:30:50","modified_gmt":"2012-08-25T14:30:50","slug":"fines-de-semana-de-feria-en-pilar-point","status":"publish","type":"post","link":"https:\/\/quasarcomunicacion.com.ar\/web\/fines-de-semana-de-feria-en-pilar-point\/","title":{"rendered":"Fines de semana de Feria en Pilar Point"},"content":{"rendered":"<p style=\"text-align:left;\" align=\"center\"><strong>Pilar Point,\u00a0<\/strong>el shopping del centro para todos, tendr\u00e1 dos fines de semana a pura liquidaci\u00f3n inicio de temporada con sus tradicionales Ferias de Descuentos. Adem\u00e1s, el 1\u00ba de septiembre, suma a la propuesta, una feria de artesan\u00edas, arte y dise\u00f1o con acceso libre y gratuito para todo el p\u00fablico.<!--more--><\/p>\n<p align=\"left\"><img loading=\"lazy\" src=\"http:\/\/www.quasarcomunicacion.com.ar\/pilarpoint\/2012\/feriasept.gif\" alt=\"\" width=\"500\" height=\"292\" \/><\/p>\n<p align=\"left\"><span style=\"font-size:small;\">La feria de super liquidaci\u00f3n tendr\u00e1 lugar el el s\u00e1bado 1\u00ba y 8 y domingo 2, y\u00a0 9 de septiembre durante todo el d\u00eda en los locales\u00a0<\/span>adheridos. Habr\u00e1 ofertas express.<\/p>\n<p align=\"left\"><span style=\"font-size:small;\">Adem\u00e1s, actividades gratuitas para toda la familia.<\/span><\/p>\n<p align=\"left\"><a href=\"http:\/\/www.pilardeferia.com.ar\/\"><img loading=\"lazy\" src=\"http:\/\/www.pilarhoy.com.ar\/images\/afiche1.gif\" alt=\"\" width=\"499\" height=\"699\" border=\"0\" \/><\/a><\/p>\n<p align=\"left\"><span style=\"font-size:small;\"><strong>Pilar Point\u00a0<\/strong>est\u00e1 ubicado en<\/span>\u00a0Estanislao L\u00f3pez (ex ruta 8) e Ituzaing\u00f3, en pleno centro de la ciudad.<\/p>\n<p>Es de destacar que\u00a0<strong>Pilar Point<\/strong>\u00a0cuenta con seguridad, wi-fi y estacionamiento.<br \/>\n<span style=\"font-size:small;\">Segu\u00ed a\u00a0<strong>Pilar Point<\/strong>\u00a0en\u00a0<a href=\"http:\/\/www.facebook.com\/pilarpoint\">www.facebook.com\/pilarpoint<\/a><\/span><\/p>\n","protected":false},"excerpt":{"rendered":"<p>Pilar Point,\u00a0el shopping del centro para todos, tendr\u00e1 dos fines de semana a pura liquidaci\u00f3n inicio de temporada con sus [&hellip;]<\/p>\n","protected":false},"author":2,"featured_media":0,"comment_status":"open","ping_status":"open","sticky":false,"template":"","format":"standard","meta":[],"categories":[2],"tags":[],"_links":{"self":[{"href":"https:\/\/quasarcomunicacion.com.ar\/web\/wp-json\/wp\/v2\/posts\/763"}],"collection":[{"href":"https:\/\/quasarcomunicacion.com.ar\/web\/wp-json\/wp\/v2\/posts"}],"about":[{"href":"https:\/\/quasarcomunicacion.com.ar\/web\/wp-json\/wp\/v2\/types\/post"}],"author":[{"embeddable":true,"href":"https:\/\/quasarcomunicacion.com.ar\/web\/wp-json\/wp\/v2\/users\/2"}],"replies":[{"embeddable":true,"href":"https:\/\/quasarcomunicacion.com.ar\/web\/wp-json\/wp\/v2\/comments?post=763"}],"version-history":[{"count":0,"href":"https:\/\/quasarcomunicacion.com.ar\/web\/wp-json\/wp\/v2\/posts\/763\/revisions"}],"wp:attachment":[{"href":"https:\/\/quasarcomunicacion.com.ar\/web\/wp-json\/wp\/v2\/media?parent=763"}],"wp:term":[{"taxonomy":"category","embeddable":true,"href":"https:\/\/quasarcomunicacion.com.ar\/web\/wp-json\/wp\/v2\/categories?post=763"},{"taxonomy":"post_tag","embeddable":true,"href":"https:\/\/quasarcomunicacion.com.ar\/web\/wp-json\/wp\/v2\/tags?post=763"}],"curies":[{"name":"wp","href":"https:\/\/api.w.org\/{rel}","templated":true}]}}