{"id":7620,"date":"2017-04-17T17:09:58","date_gmt":"2017-04-17T20:09:58","guid":{"rendered":"https:\/\/quasarcomunicacion.com.ar\/web\/?p=7620"},"modified":"2017-04-17T17:09:58","modified_gmt":"2017-04-17T20:09:58","slug":"merienda-emprendedora-en-pilar-como-comunicar-mi-emprendimiento","status":"publish","type":"post","link":"https:\/\/quasarcomunicacion.com.ar\/web\/merienda-emprendedora-en-pilar-como-comunicar-mi-emprendimiento\/","title":{"rendered":"Merienda emprendedora en Pilar \u00abC\u00f3mo comunicar mi Emprendimiento\u00bb"},"content":{"rendered":"<p style=\"text-align: left;\" align=\"center\"><span style=\"font-family: Verdana; font-size: small;\">\u00a0El pr\u00f3ximo viernes 28 de abril a las 16 hs en Velvet Pilar, el restaurante de Campus Suites, se realizar\u00e1 una <b>Merienda Emprendedora para aprender a comunicar tu emprendimiento<\/b>. L<\/span><span style=\"font-family: Verdana; font-size: small;\">a actividad, organizada por <b>Emprender Hoy<\/b> y <b>Pilar Emprende<\/b> con el apoyo de Cespym Cursos incluye una merienda libre + capacitaci\u00f3n + networking. Consultas: info@emprenderhoy.com.ar o 11 6742 7635\u00a0<!--more--><\/span><b><strong> <\/strong><\/b><\/p>\n<p>\u00a0<span style=\"font-family: Verdana; font-size: small;\">Para participar la inscripci\u00f3n general tiene un costo de $ 380.\u00a0 Miembros de la Red de Emprendedores $ 250.- y Socios del Club de Emprendedores y Empresarios de la Argentina $ 150.-\u00a0 Adem\u00e1s, si vienen dos emprendedores, la inscripci\u00f3n es de $ 700 para ambos participantes. Los interesadso podr\u00e1n abonar su inscripci\u00f3n ingresando a la TIENDA en http:\/\/emprenderhoy.com.ar\/categoria-producto\/merienda\/ y pagarla con tarjeta de cr\u00e9dito, dep\u00f3sito, transferencia, RapiPago, PagoF\u00e1cil, etc.<\/span><\/p>\n<p><span style=\"font-family: Verdana; font-size: small;\">Velvet preparar\u00e1 una merienda libre para los asistentes con un servicio de cafeter\u00eda, variedad de tes, jugo de naranja, rodajas de pan blanco y negro, galletas de arroz sin T.A.A.C. frutos secos y variedad de pasteler\u00eda casera. Velvet es el restaurante de Campus Suites, est\u00e1 ubicado en Mariano Acosta 1650, a metros del IAE, Universidad Austral y Parque Austral.<\/span><\/p>\n<p><span style=\"font-family: Verdana; font-size: small;\">La merienda est\u00e1 destinada a emprendedores, profesionales, comerciantes, estudiantes. Personas con un emprendimiento en marcha o con la idea de desarrollar alguna actividad econ\u00f3mica. <\/span><\/p>\n<p><span style=\"font-family: Verdana; font-size: small;\">La capacitaci\u00f3n busca preparar a los asistentes para que puedan lograr comunicar el producto o servicio que poseen para llegar a la mayor cantidad de p\u00fablico objetivo a fin de comercializar el mismo. Evaluar cu\u00e1les son los mejores canales de comunicaci\u00f3n para difundir lo que hacen. Reconocer al p\u00fablico objetivo para poder comunicarle de la mejor manera la existencia del producto o servicio. Bajar los costos de comunicaci\u00f3n profesionalizando la misma y conociendo los pormenores de cada paso a fin de evitar gastos innecesarios. <\/span><\/p>\n<ul>\n<li><span style=\"font-family: Verdana; font-size: small;\"><i>Algunos de los temas que se tratar\u00e1n son: <\/i><br \/>\nDe la idea a la Marca<br \/>\nLa importancia de la Identidad Corporativa<br \/>\nEl logo y sus aplicaciones<br \/>\nLa presentaci\u00f3n institucional<br \/>\nComunicaci\u00f3n off Line<br \/>\nComunicaci\u00f3n on line<br \/>\nLa marca en Internet: p\u00e1gina web, redes sociales, e mail marketing, etc.<br \/>\nRedes de contacto \/ Networking<br \/>\nEventos \u00bfc\u00f3mo nos preparamos?<br \/>\nEstrategia de prensa y difusi\u00f3n<br \/>\nModelo simple de comunicaci\u00f3n para armar nuestro plan: qui\u00e9n es mi receptor, cu\u00e1les son los mejores canales para llegar a mi receptor, c\u00f3mo canalizo el feedback<\/span><\/li>\n<\/ul>\n<p><span style=\"font-family: Verdana; font-size: small;\">La charla estar\u00e1 a cargo de la Lic. Mar\u00eda Fernanda Ipata, ella es Licenciada en Periodismo y Analista en Medios de Comunicaci\u00f3n Social, graduada en la Universidad del Salvador. Posee un post\u00edtulo en formaci\u00f3n docente. En 2005 cre\u00f3 Qu\u00e1sar Comunicaci\u00f3n, la primera consultora boutique de comunicaci\u00f3n de zona norte que a\u00fan dirige. Es capacitadora y asesora de emprendedores. Coordinadora de Pilar Emprende y Emprender Hoy desde 2011. <\/span><\/p>\n<p><b><span style=\"font-family: Verdana; font-size: small;\">Acerca de Qu\u00e1sar Comunicaci\u00f3n<\/span><\/b><\/p>\n<p><b> <\/b><span style=\"font-family: Verdana; font-size: xx-small;\"><b>Qu\u00e1sar Comunicaci\u00f3n <\/b>es una empresa especializada en estrategias de comunicaci\u00f3n interna y externa y comunicaci\u00f3n digital; intr\u00ednsecamente ligada a los medios de informaci\u00f3n. La empresa tiene sus oficinas en Pilar y se especializa en el asesoramiento a emprendedores, para introducirlos en la planificaci\u00f3n estrat\u00e9gica de sus comunicaciones concientiz\u00e1ndolos que este servicio no es excluyente de las grandes empresas sino que est\u00e1 al alcance de todos. <\/span><\/p>\n<p><span style=\"font-family: Verdana; font-size: xx-small;\">Desde <b>Qu\u00e1sar Comunicaci\u00f3n<\/b> ofrecen un mix de comunicaciones integradas que garantizar\u00e1n el \u00e9xito de la difusi\u00f3n de su empresa tanto con medios propios como con otros asociados. Y adaptan la propuesta a las necesidades del cliente, ideando presupuestos de acuerdo con las posibilidades de cada uno. <\/span><\/p>\n<p><span style=\"font-family: Verdana; font-size: xx-small;\">Es de destacar que el\u00a0 trabajo consiste b\u00e1sicamente en que la informaci\u00f3n de sus clientes llegue, a trav\u00e9s de Qu\u00e1sar Comunicaci\u00f3n, a los periodistas y medios de comunicaci\u00f3n que a su vez la difundir\u00e1n al p\u00fablico objetivo. Con la gesti\u00f3n en redes sociales propias y de cada cliente, tambi\u00e9n llegamos a los consumidores finales y potenciales clientes de su empresa. Y si incorporamos la generaci\u00f3n de estrategias de marketing, se refuerza la comunicaci\u00f3n con el consumidor final. <\/span><\/p>\n<p><span style=\"font-family: Verdana; font-size: xx-small;\">Adem\u00e1s, la consultora cuenta con un gran n\u00famero de suscriptores que se engloba dentro del p\u00fablico general, sin ser periodistas o comunicadores. <\/span><\/p>\n<p><span style=\"font-family: Verdana; font-size: xx-small;\">Qu\u00e1sar Comunicaci\u00f3n entiende c\u00f3mo crear inter\u00e9s en segmentos espec\u00edficos y generar resultados a trav\u00e9s del an\u00e1lisis de las necesidades del cliente, brindando un asesoramiento integral acerca de qu\u00e9 comunicar, a qui\u00e9n comunic\u00e1rselo y c\u00f3mo dirigir exitosamente la informaci\u00f3n a los medios y al target objetivo. <\/span><\/p>\n<p><span style=\"font-family: Verdana; font-size: xx-small;\">El equipo t\u00e9cnico de profesionales de <b>Qu\u00e1sar Comunicaci\u00f3n<\/b>, estudia los objetivos de posicionamiento de cada uno de sus clientes a fin de encontrar la ecuaci\u00f3n m\u00e1s ventajosa a sus necesidades. <\/span><\/p>\n<p><span style=\"font-family: Verdana; font-size: xx-small;\">Contrariamente a lo que com\u00fanmente se cree, contratar a una consultora de estas caracter\u00edsticas es, en relaci\u00f3n costo-beneficio, absolutamente accesible ya que se adaptan los servicios a sus necesidades y a su realidad organizacional, ya sea en proyectos puntuales, in company o near shore.<\/span><\/p>\n<p><b><span style=\"font-family: Verdana; font-size: small;\">Acerca de Emprender HOY<\/span><\/b><\/p>\n<p><span style=\"font-family: Verdana; font-size: xx-small;\"><b> Emprender HOY <\/b>es un espacio para todos los emprendedores que se materializa en diversos eventos como ferias, encuentros, capacitaciones, consultor\u00edas, espacios de networking, entre otros. <\/span><\/p>\n<p><span style=\"font-family: Verdana; font-size: xx-small;\">La raz\u00f3n de ser, la misi\u00f3n, de <b>Emprender HOY <\/b>es proporcionar al sector Emprendedor herramientas y conocimientos que le permitan desarrollar su propio emprendimiento e incorporar competencias que deriven en su mejora continua. <\/span><\/p>\n<p><span style=\"font-family: Verdana; font-size: xx-small;\">Desde la instituci\u00f3n buscan fomentar el autoempleo y la sustentabilidad de los proyectos contribuyendo a la generaci\u00f3n de valor econ\u00f3mico en la sociedad a trav\u00e9s de la creaci\u00f3n y sostenimiento de un ecosistema emprendedor. Aspiran a ser un canal de comunicaci\u00f3n entre los emprendedores y entre las instituciones y organismos dedicados a ellos <\/span><\/p>\n<p><span style=\"font-family: Verdana; font-size: xx-small;\">Tambi\u00e9n cuentan con un grupo de consultores independientes que acercan su saber a los emprendedores, gener\u00e1ndose una comunidad donde la informaci\u00f3n se comparte de forma exponencial y viral <\/span><\/p>\n<p><span style=\"font-family: Verdana; font-size: xx-small;\">Emprender Hoy, a trav\u00e9s del proyecto <b>#DESARROLLOEMPRENDEDOR<\/b> desarrolla por tercer a\u00f1o consecutivo un ciclo de actividades gratuitas compuesto por charlas y encuentros de networking.<\/span><\/p>\n<p><span style=\"font-family: Verdana; font-size: xx-small;\">El mismo se desarrolla en la ciudad de Pilar (Bs. As., Argentina) y cuenta con el apoyo de diferentes instituciones, particulares, medios de comunicaci\u00f3n y consultores independientes que comparten su conocimiento de manera desinteresada. <\/span><\/p>\n<p><b><span style=\"font-family: Verdana; font-size: small;\">Acerca de Pilar Emprende by Emprender HOY <\/span><\/b><\/p>\n<p><span style=\"font-family: Verdana; font-size: xx-small;\"><b> Pilar Emprende<\/b> surge a partir del trabajo de <b>Emprender HOY, <\/b> un espacio que busca otorgarle valor a los proyectos de emprendedores de la zona, acompa\u00f1arlos en su puesta en marcha y disfrutar en equipo de los objetivos cumplidos <\/span><\/p>\n<p><span style=\"font-family: Verdana; font-size: xx-small;\">Para cumplir con su misi\u00f3n, brindan herramientas, espacios de networking, capacitaciones, tips, noticias, consultor\u00eda y todo lo que necesita el emprendedor para crecer y conformar un s\u00f3lido ecosistema emprendedor. <\/span><\/p>\n<p><span style=\"font-family: Verdana; font-size: xx-small;\"><b>Pilar Emprende<\/b> es un espacio pensado por emprendedores para los emprendedores de Pilar que junto a <b>Emprender HOY<\/b> le brindan oportunidades para crecer con su proyecto<\/span><\/p>\n<p><span style=\"font-family: Verdana; font-size: xx-small;\">Adem\u00e1s, cuenta desde 2015 con el espacio radial Pilar Emprende Radio que durante 2015 se emite los martes de 15 a 17 hs por Radio X Pilar (FM 100.3 \/ <a href=\"http:\/\/www.radioxpilar.com\/\">www.radioxpilar.com<\/a>.ar) en su segunda temporada.<\/span><\/p>\n<p><span style=\"font-family: Verdana; font-size: xx-small;\"><b> Emprender HOY <\/b>es un espacio para todos los emprendedores que se materializa en diversos eventos como ferias, encuentros, capacitaciones, consultor\u00edas, espacios de networking, entre otros. <\/span><\/p>\n<p><span style=\"font-family: Verdana; font-size: xx-small;\">La raz\u00f3n de ser, la misi\u00f3n, de <b>Emprender HOY <\/b>es proporcionar al sector Emprendedor herramientas y conocimientos que le permitan desarrollar su propio emprendimiento e incorporar competencias que deriven en su mejora continua. <\/span><\/p>\n<p><span style=\"font-family: Verdana; font-size: xx-small;\">Desde la instituci\u00f3n buscan fomentar el autoempleo y la sustentabilidad de los proyectos contribuyendo a la generaci\u00f3n de valor econ\u00f3mico en la sociedad a trav\u00e9s de la creaci\u00f3n y sostenimiento de un ecosistema emprendedor. Aspiran a ser un canal de comunicaci\u00f3n entre los emprendedores y entre las instituciones y organismos dedicados a ellos <\/span><\/p>\n<p><span style=\"font-family: Verdana; font-size: xx-small;\">Tambi\u00e9n cuentan con un grupo de consultores independientes que acercan su saber a los emprendedores, gener\u00e1ndose una comunidad donde la informaci\u00f3n se comparte de forma exponencial y viral <\/span><\/p>\n<p><span style=\"font-size: small;\"><b><i><span style=\"font-family: Arial;\">Por otras im\u00e1genes, audios o entrevistas no dude en contactarse<\/span><\/i><\/b><\/span><\/p>\n<p align=\"center\"><span style=\"font-size: small;\"><b><i> Contactos de Prensa<\/i><\/b><\/span><\/p>\n<div align=\"left\">\n<table width=\"100%\" border=\"1\" cellpadding=\"2\" align=\"left\">\n<tbody>\n<tr>\n<td align=\"center\" width=\"50%\">\n<p align=\"left\"><strong> <span style=\"color: #ff0000; font-family: Arial; font-size: small;\">Mayra Ibarra<\/span><\/strong><span style=\"font-size: medium;\"><strong><span style=\"color: #808080; font-family: Arial; font-size: small;\"> &#8211; Asistente de Cuentas<\/p>\n<p><\/span> <\/strong><\/span> <span style=\"font-size: xx-small;\"><span style=\"color: #ff0000;\"> Directo<\/span><b>: <\/b> 0230<\/span><span style=\"font-size: xx-small;\">-4664772<br \/>\n<\/span><span style=\"color: #ff0000; font-size: xx-small;\"> Skype:<\/span><span style=\"font-size: xx-small;\"> quasarcomunicacion<br \/>\n<\/span><span style=\"color: #ff0000; font-size: xx-small;\"> Twitter:<\/span><span style=\"font-size: xx-small;\"> @quasarpilar<br \/>\n<\/span><span style=\"color: #ff0000; font-size: xx-small;\"> Gr<\/span><span style=\"color: #ff0000; font-size: xx-small;\">upo y p\u00e1gina en Facebook: <\/span> <span style=\"color: #808080; font-size: xx-small;\">www.facebook.com\/<\/span><a href=\"mailto:mfipata@gmail.com\"><span style=\"font-size: xx-small;\">Quasar<\/span><\/a><span style=\"font-size: xx-small;\">Comunicacion<br \/>\n<\/span><span style=\"color: #ff0000; font-size: xx-small;\"> Web:<\/span><b><\/b> <a href=\"http:\/\/www.quasarcomunicacion.com.ar\/\"> <span style=\"font-size: xx-small;\">www.quasarcomunicacion.com.ar<\/span><\/a><\/p>\n<p align=\"left\"><span style=\"font-size: xx-small;\"> <span style=\"color: #ff0000;\">Mail<\/span><b>:<\/b><\/span><span style=\"font-size: xx-small;\"> <a href=\"mailto:fernanda@quasarcomunicacion.com.ar\"> quasar@quasarcomunicacion.com.ar<\/a><\/span><\/p>\n<\/td>\n<td align=\"center\" width=\"50%\">\n<p align=\"right\"><span style=\"font-size: medium;\"><strong> <span style=\"color: #808080; font-family: Arial; font-size: small;\"> Lic. Mar\u00eda Fernanda Ipata &#8211; Directora<br \/>\n<\/span> <\/strong><\/span> <span style=\"font-size: xx-small;\"><span style=\"color: #ff0000;\"><br \/>\nDirecto<\/span><b>: <\/b> 0230<\/span><span style=\"font-size: xx-small;\">-4664772<\/span><span style=\"font-size: xx-small;\"><br \/>\n<\/span><span style=\"font-size: xx-small;\"> <span style=\"color: #ff0000;\">M\u00f3vil:<\/span><b> <\/b> 0230<\/span><span style=\"font-size: xx-small;\">-15-4584535<br \/>\n011-15-6096-4656 ID 558*3763<br \/>\n<\/span><span style=\"color: #ff0000; font-size: xx-small;\"> Skype:<\/span><span style=\"font-size: xx-small;\"> quasarcomunicacion<br \/>\n<\/span><span style=\"color: #ff0000; font-size: xx-small;\"> Twitter:<\/span><span style=\"font-size: xx-small;\"> @quasarpilar<br \/>\n<\/span><span style=\"color: #ff0000; font-size: xx-small;\"> Gr<\/span><span style=\"color: #ff0000; font-size: xx-small;\">upo y p\u00e1gina en Facebook: <\/span> <span style=\"color: #808080; font-size: xx-small;\">www.facebook.com\/<\/span><a href=\"mailto:mfipata@gmail.com\"><span style=\"font-size: xx-small;\">Quasar<\/span><\/a><span style=\"font-size: xx-small;\">Comunicacion<br \/>\n<\/span><span style=\"font-size: xx-small;\"> <span style=\"color: #ff0000;\">LinkedIn<\/span><b>:\u00a0 <\/b><\/span> <span style=\"font-size: xx-small;\"><b> <a href=\"http:\/\/www.linkedin.com\/in\/mfipata\"> http:\/\/www.linkedin.com\/in\/mfipata<\/a><\/b><\/span><span style=\"font-size: xx-small;\"><br \/>\n<\/span><span style=\"color: #ff0000; font-size: xx-small;\"> Web:<\/span><b><\/b> <a href=\"http:\/\/www.quasarcomunicacion.com.ar\/\"> <span style=\"font-size: xx-small;\">www.quasarcomunicacion.com.ar<\/span><\/a><span style=\"font-size: xx-small;\"><br \/>\n<\/span><span style=\"font-size: xx-small;\"> <span style=\"color: #ff0000;\">Mail<\/span><b>:<\/b><\/span><span style=\"font-size: xx-small;\"><a href=\"mailto:fernanda@quasarcomunicacion.com.ar\"> fernanda@quasarcomunicacion.com.ar<\/a><\/span><\/p>\n<\/td>\n<\/tr>\n<\/tbody>\n<\/table>\n<\/div>\n","protected":false},"excerpt":{"rendered":"<p>\u00a0El pr\u00f3ximo viernes 28 de abril a las 16 hs en Velvet Pilar, el restaurante de Campus Suites, se realizar\u00e1 [&hellip;]<\/p>\n","protected":false},"author":2,"featured_media":7292,"comment_status":"open","ping_status":"open","sticky":false,"template":"","format":"standard","meta":[],"categories":[42],"tags":[],"_links":{"self":[{"href":"https:\/\/quasarcomunicacion.com.ar\/web\/wp-json\/wp\/v2\/posts\/7620"}],"collection":[{"href":"https:\/\/quasarcomunicacion.com.ar\/web\/wp-json\/wp\/v2\/posts"}],"about":[{"href":"https:\/\/quasarcomunicacion.com.ar\/web\/wp-json\/wp\/v2\/types\/post"}],"author":[{"embeddable":true,"href":"https:\/\/quasarcomunicacion.com.ar\/web\/wp-json\/wp\/v2\/users\/2"}],"replies":[{"embeddable":true,"href":"https:\/\/quasarcomunicacion.com.ar\/web\/wp-json\/wp\/v2\/comments?post=7620"}],"version-history":[{"count":0,"href":"https:\/\/quasarcomunicacion.com.ar\/web\/wp-json\/wp\/v2\/posts\/7620\/revisions"}],"wp:featuredmedia":[{"embeddable":true,"href":"https:\/\/quasarcomunicacion.com.ar\/web\/wp-json\/wp\/v2\/media\/7292"}],"wp:attachment":[{"href":"https:\/\/quasarcomunicacion.com.ar\/web\/wp-json\/wp\/v2\/media?parent=7620"}],"wp:term":[{"taxonomy":"category","embeddable":true,"href":"https:\/\/quasarcomunicacion.com.ar\/web\/wp-json\/wp\/v2\/categories?post=7620"},{"taxonomy":"post_tag","embeddable":true,"href":"https:\/\/quasarcomunicacion.com.ar\/web\/wp-json\/wp\/v2\/tags?post=7620"}],"curies":[{"name":"wp","href":"https:\/\/api.w.org\/{rel}","templated":true}]}}