{"id":7615,"date":"2017-04-13T12:38:19","date_gmt":"2017-04-13T15:38:19","guid":{"rendered":"https:\/\/quasarcomunicacion.com.ar\/web\/?p=7615"},"modified":"2017-04-13T12:38:19","modified_gmt":"2017-04-13T15:38:19","slug":"estilo-pilar-2017-con-eje-en-el-medio-ambiente","status":"publish","type":"post","link":"https:\/\/quasarcomunicacion.com.ar\/web\/estilo-pilar-2017-con-eje-en-el-medio-ambiente\/","title":{"rendered":"Estilo Pilar 2017 con eje en el medio ambiente"},"content":{"rendered":"<p style=\"text-align: left;\" align=\"center\"><span style=\"font-family: Verdana; font-size: small;\">Hasta el 23 de abril podr\u00e1 visitarse en Puertos de Escobar la 1<\/span><b style=\"font-family: Verdana; font-size: small;\">5\u00ba Edici\u00f3n de Estilo Pilar<\/b><span style=\"font-family: Verdana; font-size: small;\">, la exposici\u00f3n de decoraci\u00f3n, arte y paisajismo organizada por la <\/span><b style=\"font-family: Verdana; font-size: small;\">Asociaci\u00f3n Civil Amigos del Pilar <\/b><span style=\"font-family: Verdana; font-size: small;\">a total beneficio de la atenci\u00f3n gratuita odontol\u00f3gica pedi\u00e1trica en Pilar. La muestra permanecer\u00e1 abierta de mi\u00e9rcoles a domingo.<\/span><\/p>\n<p align=\"left\"><span style=\"font-family: Verdana; font-size: small;\">Todos los detalles minuto a minuto en las redes sociales https:\/\/www.facebook.com\/estilopilar\/ o en Twitter @estilo_pilar<!--more--><\/span><\/p>\n<p align=\"left\">\u00a0<span style=\"font-family: Verdana; font-size: small;\">Desde Puertos aseguraron que \u201cestamos muy contentos de ser el lugar elegido y acompa\u00f1ar esta edici\u00f3n de Estilo Pilar. Puertos comparte los valores sobre el cuidado del medio ambiente, la prioridad del contacto con la naturaleza, el dise\u00f1o, arte y confort que la muestra cultiva hace 15 a\u00f1os, por lo mismo nos sentimos orgullosos de recibirlos en nuestra ciudad. Creemos que el programa de arte y sustentabilidad actual de Puertos, se alinea con los espacios de dise\u00f1os \u00fanicos y ecofriendly de esta edici\u00f3n, en la cual, bajo el concepto de \u201cpicnic\u201d se prioriz\u00f3 a la naturaleza y la vida al aire libre\u201d.<\/span><\/p>\n<p align=\"left\"><span style=\"font-family: Verdana; font-size: small;\">Esta es la segunda vez que un desarrollo de Consultatio recibe a <b>Amigos del Pilar<\/b>. En el a\u00f1o 2004 se realiz\u00f3 \u201cEstilo Pilar, La Bah\u00eda\u201d, en Nordelta. Esta edici\u00f3n en vez de ser frente al lago central, fue a la vera del r\u00edo en Bah\u00eda Grande, donde bajo la consigna de homenajear al agua, se pudieron recorrer desde veleros cl\u00e1sicos hasta un barco a motor de los a\u00f1os 30 totalmente decorado.<\/span><\/p>\n<p align=\"left\">\u00a0<a href=\"https:\/\/quasarcomunicacion.com.ar\/web\/wp-content\/uploads\/2017\/04\/ecologia.gif\"><img class=\"aligncenter\" alt=\"ecologia\" src=\"https:\/\/quasarcomunicacion.com.ar\/web\/wp-content\/uploads\/2017\/04\/ecologia.gif\" \/><\/a><\/p>\n<p align=\"left\"><span style=\"font-family: Verdana; font-size: small;\">La propuesta de Costantini orient\u00f3 la tem\u00e1tica de la muestra. El cuidado del medio ambiente y la tecnolog\u00eda, fueron los disparadores. Los sponsors presentaron productos innovadores como el termotanque solar de Longvie, la l\u00ednea Disney de Color\u00edn, una pintura al agua de f\u00e1cil colocaci\u00f3n, los productos automatizados de Riel Americano, la campa\u00f1a 2 x 1 de Patagonia Flooring, por cada \u00e1rbol maduro se plantan dos nuevos en un plan de reforestaci\u00f3n responsable, la presencia de detalles en cada construcci\u00f3n decorada y la presencia Qubify, una casa absolutamente sustentable sin conexi\u00f3n a la red el\u00e9ctrica, completan esta marcada tendencia que lleg\u00f3 para mejorar la calidad de vida de las generaciones futuras.<\/span><\/p>\n<p align=\"left\"><span style=\"font-family: Verdana; font-size: small;\">Adem\u00e1s, en una edici\u00f3n totalmente amigable al ambiente, Rodrigo Matta, presenta su l\u00ednea de muebles UKELELE, para j\u00f3venes y ni\u00f1os 100% hechos a mano. Mikos Jorgensen, con sus construcciones steel frame, perfeccionista y eficiente, hizo un gran aporte a la exposici\u00f3n.<\/span><\/p>\n<p align=\"left\"><span style=\"font-family: Verdana; font-size: small;\">El espacio de Paisajismo de la CAAP (Centro Argentino de Arquitectos Paisajistas) aprovech\u00f3 la ocasi\u00f3n para realizar el lanzamiento de la Bienal Argentina de Arquitectura del Paisaje 2017, proponiendo en su espacio \u201cCiudades por venir\u201d, las \u00faltimas pr\u00e1cticas profesionales para el cuidado del ambiente. Por su parte, el escultor H\u00e9ctor Pomilio, en concordancia con la propuesta, presenta obras elaboradas con materiales reciclados.<\/span><\/p>\n<p align=\"left\"><span style=\"font-family: Verdana; font-size: small;\">Los espacios de Punto Propio, Calle del Tiempo, Matriarca y Wood idea y plantar, de los sectores de Paseo de Compras y Garden Walk, son algunos de los que ofrecen productos que responden a una mirada ecol\u00f3gica.<\/span><\/p>\n<p align=\"left\"><span style=\"font-family: Verdana; font-size: small;\">Adem\u00e1s, desde 2004, <\/span><b style=\"font-family: Verdana; font-size: small;\">Amigos del Pilar <\/b><span style=\"font-family: Verdana; font-size: small;\">canaliza su obra dando asistencia odontol\u00f3gica gratuita a chicos carenciados, atendiendo hasta el momento a m\u00e1s de 50.000 ni\u00f1os.<\/span><\/p>\n<p align=\"left\"><span style=\"font-family: Verdana; font-size: small;\"><b>Ficha T\u00e9cnica: <\/b> <b>D\u00f3nde?<\/b>: Puertos (Escobar) KM 45. Panamericana Ramal Escobar. Puertos cuenta con un excelente acceso directo de 4km asfaltado, iluminado y de dos v\u00edas por mano desde Panamericana.<\/span><\/p>\n<p align=\"left\"><span style=\"font-family: Verdana; font-size: small;\"><b>Cu\u00e1ndo?<\/b>: hasta el 23 de abril D\u00edas y horarios: Mi\u00e9rcoles, Jueves, Domingos y feriados desde las 11 hs. hasta las 18 hs. Viernes, S\u00e1bados y v\u00edsperas de feriados desde las 11 hs. hasta las 19 hs.<\/span><\/p>\n<p align=\"left\"><span style=\"font-family: Verdana; font-size: small;\"><b>Valor de las entradas:<\/b> generales $ 180, jubilados y grupos de 10 o m\u00e1s personas $ 150. Mi\u00e9rcoles, jueves y viernes 2&#215;1. Sellando en la carpa de ADP la entrada, pod\u00e9s volver GRATIS mi\u00e9rcoles, jueves y viernes.<\/span><\/p>\n<p align=\"left\"><span style=\"font-family: Verdana; font-size: small;\"><b>Contacto:<\/b> https:\/\/www.facebook.com\/estilopilar <a href=\"http:\/\/www.estilopilar.com.ar\/\"> http:\/\/www.estilopilar.com.ar\/<\/a> <\/span><\/p>\n<p align=\"left\"><span style=\"font-family: Verdana; font-size: small;\"><b>Sobre Amigos del Pilar <\/b> <\/span><span style=\"font-family: Verdana; font-size: xx-small;\"> Como todos los a\u00f1os anteriores, Estilo Pilar es organizado por Amigos del Pilar, una Asociaci\u00f3n Civil que surgi\u00f3 de la inquietud de un grupo de mujeres con esp\u00edritu solidario que deseaban colaborar y comprometerse con su comunidad. Desde el a\u00f1o 1996 trabajan en el partido de Pilar con la misi\u00f3n de brindar ayuda a ni\u00f1os de escasos recursos en materia de salud odontol\u00f3gica: \u201cUn Pilar con atenci\u00f3n digna para los m\u00e1s necesitados\u201d. Para llevar a cabo esta tarea, en el a\u00f1o 2004 crearon los consultorios odontol\u00f3gicos propios, que funcionaron ininterrumpidamente hasta octubre del 2014. Durante esos diez a\u00f1os se dio atenci\u00f3n a m\u00e1s de 50 mil chicos y se brindaron 134.700 prestaciones. A partir del 1 de octubre de ese a\u00f1o iniciaron un nuevo camino. Formularon un nuevo sistema de becas que hace posible que tanto antiguos pacientes, como aquellos nuevos que soliciten atenci\u00f3n, puedan ser atendidos con la financiaci\u00f3n de Amigos del Pilar. Este nuevo proyecto es posible tambi\u00e9n gracias a la ayuda de profesionales solidarios que comprenden la tarea y est\u00e1n involucrados con la obra de la fundaci\u00f3n.<\/span><\/p>\n<p align=\"left\"><span style=\"font-size: small;\"><b><i><span style=\"font-family: Arial;\">Por otras im\u00e1genes, audios o entrevistas no dude en contactarse<\/span><\/i><\/b><\/span><\/p>\n<p align=\"left\">Toda la informaci\u00f3n en\u00a0\u00a0www.quasarcomunicacion.com.ar\/web\/estilo17<\/p>\n<p align=\"center\"><span style=\"font-size: small;\"><b><i> Contactos de Prensa<\/i><\/b><\/span><\/p>\n<div align=\"left\">\n<table width=\"100%\" border=\"1\" cellpadding=\"2\" align=\"left\">\n<tbody>\n<tr>\n<td width=\"50%\">\n<p align=\"left\"><strong> <span style=\"color: #ff0000; font-family: Arial; font-size: small;\">Mayra Ibarra <\/span><\/strong> <span style=\"font-size: medium;\"><strong> <span style=\"color: #808080; font-family: Arial; font-size: small;\"> &#8211; Asistente de Cuentas<\/span><\/strong><\/span><\/p>\n<p><span style=\"font-size: xx-small;\"><span style=\"color: #ff0000;\"> Directo<\/span><b>: <\/b> 0230<\/span><span style=\"font-size: xx-small;\">-4664772 <\/span><span style=\"color: #ff0000; font-size: xx-small;\"> Skype:<\/span><span style=\"font-size: xx-small;\"> quasarcomunicacion <\/span><span style=\"color: #ff0000; font-size: xx-small;\"> Twitter:<\/span><span style=\"font-size: xx-small;\"> @quasarpilar <\/span><span style=\"color: #ff0000; font-size: xx-small;\"> Gr<\/span><span style=\"color: #ff0000; font-size: xx-small;\">upo y p\u00e1gina en Facebook: <\/span> <span style=\"color: #808080; font-size: xx-small;\">www.facebook.com\/<\/span><a href=\"mailto:mfipata@gmail.com\"><span style=\"font-size: xx-small;\">Quasar<\/span><\/a><span style=\"font-size: xx-small;\">Comunicacion <\/span><span style=\"color: #ff0000; font-size: xx-small;\"> Web:<\/span><b><\/b> <a href=\"http:\/\/www.quasarcomunicacion.com.ar\/\"> <span style=\"font-size: xx-small;\">www.quasarcomunicacion.com.ar<\/span><\/a><\/p>\n<p align=\"left\"><span style=\"font-size: xx-small;\"> <span style=\"color: #ff0000;\">Mail<\/span><b>:<\/b><\/span><span style=\"font-size: xx-small;\"><a href=\"mailto:fernanda@quasarcomunicacion.com.ar\"> quasar@quasarcomunicacion.com.ar<\/a><\/span><\/p>\n<\/td>\n<td width=\"50%\">\n<p align=\"right\"><span style=\"font-size: medium;\"><strong> <span style=\"color: #808080; font-family: Arial; font-size: small;\"> Lic. Mar\u00eda Fernanda Ipata &#8211; Directora <\/span> <\/strong><\/span> <span style=\"font-size: xx-small;\"><span style=\"color: #ff0000;\"> Directo<\/span><b>: <\/b> 0230<\/span><span style=\"font-size: xx-small;\">-4664772<\/span><span style=\"font-size: xx-small;\"> <span style=\"color: #ff0000;\">M\u00f3vil:<\/span><b> <\/b> 0230<\/span><span style=\"font-size: xx-small;\">-15-4584535 011-15-6096-4656 ID 558*3763 <\/span><span style=\"color: #ff0000; font-size: xx-small;\"> Skype:<\/span><span style=\"font-size: xx-small;\"> quasarcomunicacion <\/span><span style=\"color: #ff0000; font-size: xx-small;\"> Twitter:<\/span><span style=\"font-size: xx-small;\"> @quasarpilar <\/span><span style=\"color: #ff0000; font-size: xx-small;\"> Gr<\/span><span style=\"color: #ff0000; font-size: xx-small;\">upo y p\u00e1gina en Facebook: <\/span> <span style=\"color: #808080; font-size: xx-small;\">www.facebook.com\/<\/span><a href=\"mailto:mfipata@gmail.com\"><span style=\"font-size: xx-small;\">Quasar<\/span><\/a><span style=\"font-size: xx-small;\">Comunicacion <\/span><span style=\"font-size: xx-small;\"> <span style=\"color: #ff0000;\">LinkedIn<\/span><b>:\u00a0 <\/b><\/span> <span style=\"font-size: xx-small;\"><b> <a href=\"http:\/\/www.linkedin.com\/in\/mfipata\"> http:\/\/www.linkedin.com\/in\/mfipata<\/a><\/b><\/span><span style=\"color: #ff0000; font-size: xx-small;\"> Web:<\/span><b><\/b> <a href=\"http:\/\/www.quasarcomunicacion.com.ar\/\"> <span style=\"font-size: xx-small;\">www.quasarcomunicacion.com.ar<\/span><\/a><span style=\"font-size: xx-small;\"> <span style=\"color: #ff0000;\"> Mail<\/span><b>:<\/b><\/span><span style=\"font-size: xx-small;\"><a href=\"mailto:fernanda@quasarcomunicacion.com.ar\"> fernanda@quasarcomunicacion.com.ar<\/a><\/span><\/p>\n<\/td>\n<\/tr>\n<\/tbody>\n<\/table>\n<\/div>\n","protected":false},"excerpt":{"rendered":"<p>Hasta el 23 de abril podr\u00e1 visitarse en Puertos de Escobar la 15\u00ba Edici\u00f3n de Estilo Pilar, la exposici\u00f3n de [&hellip;]<\/p>\n","protected":false},"author":2,"featured_media":7614,"comment_status":"open","ping_status":"open","sticky":false,"template":"","format":"standard","meta":[],"categories":[2],"tags":[],"_links":{"self":[{"href":"https:\/\/quasarcomunicacion.com.ar\/web\/wp-json\/wp\/v2\/posts\/7615"}],"collection":[{"href":"https:\/\/quasarcomunicacion.com.ar\/web\/wp-json\/wp\/v2\/posts"}],"about":[{"href":"https:\/\/quasarcomunicacion.com.ar\/web\/wp-json\/wp\/v2\/types\/post"}],"author":[{"embeddable":true,"href":"https:\/\/quasarcomunicacion.com.ar\/web\/wp-json\/wp\/v2\/users\/2"}],"replies":[{"embeddable":true,"href":"https:\/\/quasarcomunicacion.com.ar\/web\/wp-json\/wp\/v2\/comments?post=7615"}],"version-history":[{"count":0,"href":"https:\/\/quasarcomunicacion.com.ar\/web\/wp-json\/wp\/v2\/posts\/7615\/revisions"}],"wp:featuredmedia":[{"embeddable":true,"href":"https:\/\/quasarcomunicacion.com.ar\/web\/wp-json\/wp\/v2\/media\/7614"}],"wp:attachment":[{"href":"https:\/\/quasarcomunicacion.com.ar\/web\/wp-json\/wp\/v2\/media?parent=7615"}],"wp:term":[{"taxonomy":"category","embeddable":true,"href":"https:\/\/quasarcomunicacion.com.ar\/web\/wp-json\/wp\/v2\/categories?post=7615"},{"taxonomy":"post_tag","embeddable":true,"href":"https:\/\/quasarcomunicacion.com.ar\/web\/wp-json\/wp\/v2\/tags?post=7615"}],"curies":[{"name":"wp","href":"https:\/\/api.w.org\/{rel}","templated":true}]}}