{"id":761,"date":"2012-09-03T14:30:37","date_gmt":"2012-09-03T14:30:37","guid":{"rendered":"http:\/\/quasarcomunicacion.wordpress.com\/?p=761"},"modified":"2012-09-03T14:30:37","modified_gmt":"2012-09-03T14:30:37","slug":"en-pilar-funciona-la-fundacion-daicad","status":"publish","type":"post","link":"https:\/\/quasarcomunicacion.com.ar\/web\/en-pilar-funciona-la-fundacion-daicad\/","title":{"rendered":"En Pilar funciona la Fundaci\u00f3n DAICAD"},"content":{"rendered":"<p style=\"text-align:left;\" align=\"center\"><span style=\"font-family:Verdana;font-size:small;\">Desde el 5 de septiembre de 2003, la<\/span><strong>\u00a0Fundaci\u00f3n DAICAD (Dedicada A Individuos con Capacidades Diferentes)<\/strong><span style=\"font-family:Verdana;font-size:small;\">comenz\u00f3 a funcionar en una casa quinta alquilada en la localidad de F\u00e1tima (Pilar). All\u00ed comenz\u00f3 a concurrir un grupo de ni\u00f1os y j\u00f3venes con TEA (Trastorno del Espectro Autista)<!--more--><\/span><\/p>\n<p><span style=\"font-family:Verdana;font-size:small;\">Desde aqu\u00e9l momento, un equipo interdisciplinario de profesionales especializados en la tem\u00e1tica, los acompa\u00f1a en su crecimiento y desarrollo a trav\u00e9s de un plan educativo terap\u00e9utico.<\/span><br \/>\n<span style=\"font-family:Verdana;font-size:small;\">A\u00f1os m\u00e1s tarde, se recibieron una serie de donaciones que permitieron la construcci\u00f3n del edificio actual del CET (Centro Educativo Terap\u00e9utico), dise\u00f1ado especialmente para poder llevar adelante la tarea educativa que permitiera a sus alumnos alcanzar una plenitud y realizaci\u00f3n acorde a sus capacidades.<\/span><br \/>\n<span style=\"font-family:Verdana;font-size:small;\"><strong>DAICAD<\/strong>, a trav\u00e9s de personal especializado, busca que la persona desarrolle el m\u00e1ximo grado de autonom\u00eda posible, como as\u00ed tambi\u00e9n su capacidad de interacci\u00f3n y vinculaci\u00f3n con el entorno.<\/span><br \/>\n<span style=\"font-family:Verdana;font-size:small;\">La Fundaci\u00f3n, adem\u00e1s del CET, lleva adelante otras tareas como Cursos y Formaciones de actualizaci\u00f3n y perfeccionamiento en la implementaci\u00f3n de estrategias y recursos a fin de poder orientar a las personas con TEA en su proceso de crecimiento y desarrollo.<\/span><br \/>\n<span style=\"font-family:Verdana;font-size:small;\">La\u00a0<strong>Fundaci\u00f3n DAICAD<\/strong>\u00a0est\u00e1 ubicada sobre colectora de Ruta 8 a la altura de F\u00e1tima, en Pilar, m\u00e1s precisamente en J. E. Uriburu 4829 Km 61.7 Colectora Norte<\/span><br \/>\n<span style=\"font-family:Verdana;font-size:small;\">Toda la informaci\u00f3n institucional de la\u00a0<strong>Fundaci\u00f3n DAICAD<\/strong>\u00a0ingresando en<a href=\"http:\/\/www.fundaciondaicad.org.ar\/\">www.fundaciondaicad.org.ar<\/a><\/span><\/p>\n","protected":false},"excerpt":{"rendered":"<p>Desde el 5 de septiembre de 2003, la\u00a0Fundaci\u00f3n DAICAD (Dedicada A Individuos con Capacidades Diferentes)comenz\u00f3 a funcionar en una casa [&hellip;]<\/p>\n","protected":false},"author":2,"featured_media":0,"comment_status":"open","ping_status":"open","sticky":false,"template":"","format":"standard","meta":[],"categories":[2],"tags":[],"_links":{"self":[{"href":"https:\/\/quasarcomunicacion.com.ar\/web\/wp-json\/wp\/v2\/posts\/761"}],"collection":[{"href":"https:\/\/quasarcomunicacion.com.ar\/web\/wp-json\/wp\/v2\/posts"}],"about":[{"href":"https:\/\/quasarcomunicacion.com.ar\/web\/wp-json\/wp\/v2\/types\/post"}],"author":[{"embeddable":true,"href":"https:\/\/quasarcomunicacion.com.ar\/web\/wp-json\/wp\/v2\/users\/2"}],"replies":[{"embeddable":true,"href":"https:\/\/quasarcomunicacion.com.ar\/web\/wp-json\/wp\/v2\/comments?post=761"}],"version-history":[{"count":0,"href":"https:\/\/quasarcomunicacion.com.ar\/web\/wp-json\/wp\/v2\/posts\/761\/revisions"}],"wp:attachment":[{"href":"https:\/\/quasarcomunicacion.com.ar\/web\/wp-json\/wp\/v2\/media?parent=761"}],"wp:term":[{"taxonomy":"category","embeddable":true,"href":"https:\/\/quasarcomunicacion.com.ar\/web\/wp-json\/wp\/v2\/categories?post=761"},{"taxonomy":"post_tag","embeddable":true,"href":"https:\/\/quasarcomunicacion.com.ar\/web\/wp-json\/wp\/v2\/tags?post=761"}],"curies":[{"name":"wp","href":"https:\/\/api.w.org\/{rel}","templated":true}]}}