{"id":76,"date":"2012-03-07T13:38:27","date_gmt":"2012-03-07T13:38:27","guid":{"rendered":"http:\/\/quasarcomunicacion.wordpress.com\/?p=76"},"modified":"2012-03-07T13:38:27","modified_gmt":"2012-03-07T13:38:27","slug":"tips-para-enfrentar-el-miedo-a-los-examanes","status":"publish","type":"post","link":"https:\/\/quasarcomunicacion.com.ar\/web\/tips-para-enfrentar-el-miedo-a-los-examanes\/","title":{"rendered":"Tips para enfrentar el miedo a los ex\u00e1manes"},"content":{"rendered":"<p><em><span style=\"font-family:Verdana;font-size:small;\">El <strong>Centro de Estudios Especializado En Trastornos de Ansiedad (CEETA)<\/strong> brinda algunos tips sobre c\u00f3mo tratar el miedo a los ex\u00e1menes que sufren algunas personas en este per\u00edodo del a\u00f1o en que los alumnos deber\u00e1n enfrentarse a la tan temida mesa examinadora. Esta realidad, no diagnosticada a tiempo, puede\u00a0 desencadenar en una situaci\u00f3n incapacitante que obligue al abandono de los estudios.<!--more--><\/span><\/em><em><span style=\"font-family:Verdana;font-size:small;\">Sigan todas las noticias del <strong>CEETA<\/strong> en <\/span><\/em><a href=\"http:\/\/www.facebook.com\/pages\/CEETA-Centro-de-Estudios-Especializados-en-Trastornos-de-Ansiedad\/147374725295197\">http:\/\/www.facebook.com\/pages\/CEETA-Centro-de-Estudios-Especializados-en-Trastornos-de-Ansiedad\/147374725295197<\/a><br \/>\n<img loading=\"lazy\" src=\"http:\/\/www.quasarcomunicacion.com.ar\/ceeta\/examen.gif\" alt=\"\" width=\"300\" height=\"225\" align=\"right\" hspace=\"6\" vspace=\"6\" \/><span style=\"font-family:Verdana;font-size:small;\">A esta altura del a\u00f1o un gran porcentaje de estudiantes de todas las edades y niveles educativos deben enfrentarse a los ex\u00e1menes definitorios para las carreras de los alumnos. <\/span><br \/>\n<span style=\"font-family:Verdana;font-size:small;\">Es bueno comenzar a prepararse para enfrentar esa instancia decisiva en la vida de cualquier ser humano. Los estudiantes ven que los tiempos se acortan, el nerviosismo crece y la ansiedad aumenta. <\/span><br \/>\n<span style=\"font-family:Verdana;font-size:small;\">Esta situaci\u00f3n es hist\u00f3rica y se ha vivido por generaciones. Pero, si al cl\u00e1sico nerviosismo y mente en blanco, se le suman temblores, aceleraci\u00f3n de la tasa card\u00edaca y respiratoria, n\u00e1useas y v\u00f3mitos se convierten en factores que indican la presencia de un cuadro de Fobia. <\/span><\/p>\n<div align=\"center\">\n<table id=\"AutoNumber4\" width=\"90%\" border=\"0\" cellspacing=\"4\" cellpadding=\"4\">\n<tbody>\n<tr>\n<td bgcolor=\"#ecfff9\" width=\"100%\"><em><span style=\"font-family:Verdana;font-size:xx-small;\">La licenciada Gabriela Mart\u00ed<\/span><\/em><span style=\"font-family:Verdana;font-size:xx-small;\"><em>nez Castro, directora del CEETA, est\u00e1 disponible para consultas o entrevistas sobre el tema. Comunicarse al 011-4110-0183 \u00f3 011-15-6096-4656 para concretarlas o enviar un mail a <a href=\"mailto:gabriela@quasarcomunicacion.com.ar\">fernanda@quasarcomunicacion.com.ar <\/a>\u00a0<\/em><\/span><\/td>\n<\/tr>\n<\/tbody>\n<\/table>\n<\/div>\n<p><span style=\"font-family:Verdana;font-size:small;\">Si estos s\u00edntomas se manifiestan frente a una situaci\u00f3n de examen, en muchos de los casos termina provocando que el alumno directamente no se presente a rendir la evaluaci\u00f3n y abandone su proceso de capacitaci\u00f3n.<\/span><br \/>\n<img loading=\"lazy\" src=\"http:\/\/www.quasarcomunicacion.com.ar\/ceeta\/lic.gif\" alt=\"\" width=\"300\" height=\"225\" align=\"left\" hspace=\"6\" vspace=\"6\" \/><span style=\"font-family:Verdana;font-size:small;\">La Licenciada Gabriela Mart\u00ednez Castro, directora del <strong>Centro de Estudios Especializado en Trastornos de Ansiedad (CEETA),<\/strong> se\u00f1al\u00f3 al respecto que \u00abeste cuadro, tambi\u00e9n llamado Ansiedad Social Discreta, se caracteriza por incapacitar cada vez m\u00e1s la vida acad\u00e9mica de quienes lo padecen, llegando en el peor de los casos a que la persona abandone sus estudios por temor a la evaluaci\u00f3n negativa, desaprobaci\u00f3n o a hacer el rid\u00edculo, a pesar de haber estudiado lo suficiente\u00bb.<\/span><br \/>\n<span style=\"font-family:Verdana;font-size:small;\">Por lo general no se llega a la consulta con un especialista, sino que se lo obliga a intensificar las clases particulares, entre otros paliativos. Por este motivo es importante que los padres detecten el problema y lo traten adecuadamente con un especialista en trastornos de ansiedad.<\/span><br \/>\n<span style=\"font-family:Verdana;font-size:small;\">Quienes padecen esta fobia tienen caracter\u00edsticas comunes: altas exigencias con respecto a sus est\u00e1ndares personales, perfeccionismo, preocupaci\u00f3n desmedida por los errores y gran vulnerabilidad a las cr\u00edticas de los dem\u00e1s.<\/span><br \/>\n<img loading=\"lazy\" src=\"http:\/\/www.quasarcomunicacion.com.ar\/ceeta\/examen1.gif\" alt=\"\" width=\"300\" height=\"200\" align=\"right\" hspace=\"6\" vspace=\"6\" \/><span style=\"font-family:Verdana;font-size:small;\">El origen de dicha Fobia, cont\u00f3 la Directora del <strong>CEETA<\/strong>, puede basarse en tres causas diferentes, las cuales se relacionan con la <strong>gen\u00e9tica<\/strong>, la herencia familiar; con los factores <strong>socio ambientales<\/strong>, al haber crecido rodeado de personas temerosas, sobreprotectoras, t\u00edmidas y altamente exigentes; o por presenciar o haber presenciado <strong>situaciones desencadenantes<\/strong>, como haber pasado el rid\u00edculo o haber sido rechazado o desaprobado en forma traum\u00e1tica para el individuo.<br \/>\n<\/span><span style=\"font-family:Verdana;font-size:small;\">En cuanto al tratamiento de la Fobia a los Ex\u00e1menes, la Licenciada Mart\u00ednez Castro recomienda el de la Terapia Cognitivo-Conductual (TCC), que consiste en el trabajo directo sobre la forma en que la persona procesa la informaci\u00f3n -como si fuese un ordenador- y sobre la conducta desadaptativa, como por ejemplo las evitaciones a la hora de rendir.<br \/>\nEl tratamiento para este tipo de Fobia, concluy\u00f3 la Licenciada, \u00abes breve y activo, tanto por parte del terapeuta como del paciente. Adem\u00e1s, se recomienda que se realice de manera inmediata apenas se lo diagnostica, pues se trata de un cuadro que evoluciona hasta incapacitar la vida acad\u00e9mica del individuo oblig\u00e1ndolo muchas veces a abandonar su capacitaci\u00f3n\u00bb. <\/span><br \/>\n<span style=\"font-family:Verdana;font-size:small;\">El Centro de <strong>Estudios Especializados en Trastornos de Ansiedad (CEETA)<\/strong> est\u00e1 ubicado en el Edificio Concord-Sector los Almendros-piso segundo Oficina 202. Km 50 de la ruta Panamericana ramal Pilar. Tel\u00e9fono: 02322-667175 <a href=\"http:\/\/www.ceeta.org\/\">www.ceeta.org<\/a> <\/span><\/p>\n<p align=\"center\"><span style=\"font-family:Verdana;font-size:small;\">Acceso a toda la informaci\u00f3n ingresando en <a href=\"http:\/\/www.quasarcomunicacion.com.ar\/ceeta\">www.quasarcomunicacion.com.ar\/ceeta<\/a> <\/span><\/p>\n","protected":false},"excerpt":{"rendered":"<p>El Centro de Estudios Especializado En Trastornos de Ansiedad (CEETA) brinda algunos tips sobre c\u00f3mo tratar el miedo a los [&hellip;]<\/p>\n","protected":false},"author":2,"featured_media":0,"comment_status":"open","ping_status":"open","sticky":false,"template":"","format":"standard","meta":[],"categories":[34],"tags":[],"_links":{"self":[{"href":"https:\/\/quasarcomunicacion.com.ar\/web\/wp-json\/wp\/v2\/posts\/76"}],"collection":[{"href":"https:\/\/quasarcomunicacion.com.ar\/web\/wp-json\/wp\/v2\/posts"}],"about":[{"href":"https:\/\/quasarcomunicacion.com.ar\/web\/wp-json\/wp\/v2\/types\/post"}],"author":[{"embeddable":true,"href":"https:\/\/quasarcomunicacion.com.ar\/web\/wp-json\/wp\/v2\/users\/2"}],"replies":[{"embeddable":true,"href":"https:\/\/quasarcomunicacion.com.ar\/web\/wp-json\/wp\/v2\/comments?post=76"}],"version-history":[{"count":0,"href":"https:\/\/quasarcomunicacion.com.ar\/web\/wp-json\/wp\/v2\/posts\/76\/revisions"}],"wp:attachment":[{"href":"https:\/\/quasarcomunicacion.com.ar\/web\/wp-json\/wp\/v2\/media?parent=76"}],"wp:term":[{"taxonomy":"category","embeddable":true,"href":"https:\/\/quasarcomunicacion.com.ar\/web\/wp-json\/wp\/v2\/categories?post=76"},{"taxonomy":"post_tag","embeddable":true,"href":"https:\/\/quasarcomunicacion.com.ar\/web\/wp-json\/wp\/v2\/tags?post=76"}],"curies":[{"name":"wp","href":"https:\/\/api.w.org\/{rel}","templated":true}]}}