{"id":7596,"date":"2017-03-23T17:22:14","date_gmt":"2017-03-23T20:22:14","guid":{"rendered":"https:\/\/quasarcomunicacion.com.ar\/web\/?p=7596"},"modified":"2017-03-23T17:22:14","modified_gmt":"2017-03-23T20:22:14","slug":"expo-pyme-2017-mas-de-2000-asistentes-en-su-primera-edicion","status":"publish","type":"post","link":"https:\/\/quasarcomunicacion.com.ar\/web\/expo-pyme-2017-mas-de-2000-asistentes-en-su-primera-edicion\/","title":{"rendered":"Expo Pyme 2017: M\u00e1s de 2000 asistentes en su primera edici\u00f3n"},"content":{"rendered":"<p style=\"text-align: left;\" align=\"center\"><span style=\"font-family: Verdana; font-size: small;\">\u00a0<\/span><i style=\"font-family: Verdana; font-size: small;\">La primera Expo para el sector recibi\u00f3 m\u00e1s de 2000 asistentes con el apoyo de 90 marcas, rondas de negocios y ciclo de conferencias.<\/i><\/p>\n<p><i><span style=\"font-family: Verdana; font-size: small;\">Buenos Aires (23\/03\/2017)<\/span><\/i><span style=\"font-family: Verdana; font-size: small;\"> &#8211; Bajo el lema \u201cEl momento es ahora\u201d se desarroll\u00f3 con \u00e9xito <b>Expo Pyme 2017<\/b>, que tuvo como sponsors principales a Espacio Pyme de Banco Comafi y la compa\u00f1\u00eda de leasing The Capita Corporation el pasado jueves 16 de marzo en Auditorio Buenos Aires (Av. Pueyrred\u00f3n 2501, 2\u00b0 piso, Recoleta), con entrada libre y gratuita.<!--more--> <\/span><\/p>\n<p><a href=\"https:\/\/quasarcomunicacion.com.ar\/web\/wp-content\/uploads\/2017\/03\/expopost.gif\"><img class=\"aligncenter\" alt=\"expopost\" src=\"https:\/\/quasarcomunicacion.com.ar\/web\/wp-content\/uploads\/2017\/03\/expopost.gif\" \/><\/a><\/p>\n<p><span style=\"font-family: Verdana; font-size: small;\">Los m\u00e1s 2000 visitantes que recibi\u00f3 la expo pudieron visitar 70 Stands de diferentes rubros y un total de 90 marcas que acompa\u00f1aron esta primera edici\u00f3n. <b>Expo Pyme 2017<\/b> cont\u00f3 con el apoyo oficial del Ministerio de Producci\u00f3n, el de Ciencia , Tecnolog\u00eda e Innovaci\u00f3n Productiva de la Naci\u00f3n y de instituciones del sector, como Gema (Grupo Empresarial de Mujeres Argentinas), Ecomujeres, Empujar y Asea (Asociaci\u00f3n Argentina de Emprendedores). Andy Freire, Ministro de Modernizaci\u00f3n, Innovaci\u00f3n y Tecnolog\u00eda del Gobierno de la Ciudad de Buenos Aires, visit\u00f3 la expo, convers\u00f3 con los asistentes e hizo un recorrido por el predio. <\/span><\/p>\n<p><span style=\"font-family: Verdana; font-size: small;\">El encuentro ofreci\u00f3 a empresarios Pymes, emprendedores y p\u00fablico corporativo la posibilidad de conocer nuevas l\u00edneas de financiaci\u00f3n, las \u00faltimas tendencias en tecnolog\u00edas y en servicios y soluciones para el crecimiento de sus compa\u00f1\u00edas y las microempresas. Avaya, Comsale, WeWork y Oracle fueron algunas de las grandes marcas que se sumaron al evento. El networking se vivi\u00f3 intensamente a la largo de toda la jornada, generando y potenciando las oportunidades de negocio entre el p\u00fablico asistente y los expositores. <\/span><\/p>\n<p>&nbsp;<\/p>\n<p><span style=\"font-family: Verdana; font-size: small;\">Durante el evento se sucedieron diferentes charlas y workshops vinculados a la problem\u00e1tica del sector como: financiamiento, estrategia y planificaci\u00f3n, ventas, reintegros fiscales, tendencias econ\u00f3micas y calidad, entre otras. La jornada comenz\u00f3 desde bien temprano con la participaci\u00f3n de Joaquin Rosenvassen, Director Nacional de Productividad Pyme, quien comparti\u00f3 y detallo todos los beneficios de la nueva la \u201cLey Pyme\u201d que busca impulsar a las peque\u00f1as y medianas empresas de Argentina. <\/span><\/p>\n<p><span style=\"font-family: Verdana; font-size: small;\">Uno de los momentos m\u00e1s esperados del evento fue \u201cUn Caf\u00e9 con Tombo\u201d, un desayuno para directores y presidentes de empresas Pymes con el reconocido economista Mat\u00edas Tombolini, quien comparti\u00f3 en un exclusivo desayuno las tendencias para este a\u00f1o en materia de econom\u00eda para la Pyme. <\/span><\/p>\n<p><span style=\"font-family: Verdana; font-size: small;\">Con un \u00e9xito rotundo los organizadores ya confirmaron la realizaci\u00f3n de Expo Pyme 2018: \u201cPara la pr\u00f3xima edici\u00f3n pensamos en un evento m\u00e1s grande en todos los sentidos; m\u00e1s Stands, m\u00e1s charlas y rondas de negocios. Muchas marcas ya nos confirmaron su participaci\u00f3n en 2018 y otras ya nos contactaron para sumarse el pr\u00f3ximo a\u00f1o\u201d. Por otro lado afirman: \u201cLa Pyme genera el 80% del PBI nacional, y sabemos lo valioso que es esta expo para acompa\u00f1ar el crecimiento del sector en Argentina y toda la regi\u00f3n\u201d. <\/span><\/p>\n<p><span style=\"font-family: Verdana; font-size: small;\">Para m\u00e1s informaci\u00f3n sobre Expo Pyme en Argentina pod\u00e9s visitar la p\u00e1gina web oficial del evento www.expopyme.com.ar o enviar un mail a ventas@expopyme.com.ar <\/span><\/p>\n<p align=\"left\"><span style=\"font-size: small;\"><b><i><span style=\"font-family: Arial;\">Por otras im\u00e1genes, audios o entrevistas no dude en contactarse<\/span><\/i><\/b><\/span><\/p>\n<p align=\"center\"><span style=\"font-size: small;\"><b><i> Contactos de Prensa<\/i><\/b><\/span><\/p>\n<div align=\"left\">\n<table width=\"100%\" border=\"1\" cellpadding=\"2\" align=\"left\">\n<tbody>\n<tr>\n<td width=\"50%\">\n<p align=\"left\"><span style=\"font-size: medium;\"><strong> <span style=\"color: #808080; font-family: Arial; font-size: small;\"> Mayra Ibarra &#8211; Asistente de Cuentas<\/p>\n<p><\/span> <\/strong><\/span> <span style=\"font-size: xx-small;\"><span style=\"color: #ff0000;\"> Directo<\/span><b>: <\/b> 0230<\/span><span style=\"font-size: xx-small;\">-4664772<br \/>\n<\/span><span style=\"color: #ff0000; font-size: xx-small;\"> Skype:<\/span><span style=\"font-size: xx-small;\"> quasarcomunicacion<br \/>\n<\/span><span style=\"color: #ff0000; font-size: xx-small;\"> Twitter:<\/span><span style=\"font-size: xx-small;\"> @quasarpilar<br \/>\n<\/span><span style=\"color: #ff0000; font-size: xx-small;\"> Gr<\/span><span style=\"color: #ff0000; font-size: xx-small;\">upo y p\u00e1gina en Facebook: <\/span> <span style=\"color: #808080; font-size: xx-small;\">www.facebook.com\/<\/span><a href=\"mailto:mfipata@gmail.com\"><span style=\"font-size: xx-small;\">Quasar<\/span><\/a><span style=\"font-size: xx-small;\">Comunicacion<br \/>\n<\/span><span style=\"color: #ff0000; font-size: xx-small;\"> Web:<\/span><b><\/b> <a href=\"http:\/\/www.quasarcomunicacion.com.ar\/\"> <span style=\"font-size: xx-small;\">www.quasarcomunicacion.com.ar<\/span><\/a><\/p>\n<p align=\"left\"><span style=\"font-size: xx-small;\"> <span style=\"color: #ff0000;\">Mail<\/span><b>:<\/b><\/span><span style=\"font-size: xx-small;\"> <a href=\"mailto:fernanda@quasarcomunicacion.com.ar\"> quasar@quasarcomunicacion.com.ar<\/a><\/span><\/p>\n<\/td>\n<td width=\"50%\">\n<p align=\"right\"><span style=\"font-size: medium;\"><strong> <span style=\"color: #808080; font-family: Arial; font-size: small;\"> Lic. Mar\u00eda Fernanda Ipata &#8211; Directora<br \/>\n<\/span> <\/strong><\/span> <span style=\"font-size: xx-small;\"><span style=\"color: #ff0000;\"><br \/>\nDirecto<\/span><b>: <\/b> 0230<\/span><span style=\"font-size: xx-small;\">-4664772<\/span><span style=\"font-size: xx-small;\"><br \/>\n<\/span><span style=\"font-size: xx-small;\"> <span style=\"color: #ff0000;\">M\u00f3vil:<\/span><b> <\/b> 0230<\/span><span style=\"font-size: xx-small;\">-15-4584535<br \/>\n011-15-6096-4656 ID 558*3763<br \/>\n<\/span><span style=\"color: #ff0000; font-size: xx-small;\"> Skype:<\/span><span style=\"font-size: xx-small;\"> quasarcomunicacion<br \/>\n<\/span><span style=\"color: #ff0000; font-size: xx-small;\"> Twitter:<\/span><span style=\"font-size: xx-small;\"> @quasarpilar<br \/>\n<\/span><span style=\"color: #ff0000; font-size: xx-small;\"> Gr<\/span><span style=\"color: #ff0000; font-size: xx-small;\">upo y p\u00e1gina en Facebook: <\/span> <span style=\"color: #808080; font-size: xx-small;\">www.facebook.com\/<\/span><a href=\"mailto:mfipata@gmail.com\"><span style=\"font-size: xx-small;\">Quasar<\/span><\/a><span style=\"font-size: xx-small;\">Comunicacion<br \/>\n<\/span><span style=\"font-size: xx-small;\"> <span style=\"color: #ff0000;\">LinkedIn<\/span><b>:\u00a0 <\/b><\/span> <span style=\"font-size: xx-small;\"><b> <a href=\"http:\/\/www.linkedin.com\/in\/mfipata\"> http:\/\/www.linkedin.com\/in\/mfipata<\/a><\/b><\/span><span style=\"font-size: xx-small;\"><br \/>\n<\/span><span style=\"color: #ff0000; font-size: xx-small;\"> Web:<\/span><b><\/b> <a href=\"http:\/\/www.quasarcomunicacion.com.ar\/\"> <span style=\"font-size: xx-small;\">www.quasarcomunicacion.com.ar<\/span><\/a><span style=\"font-size: xx-small;\"><br \/>\n<\/span><span style=\"font-size: xx-small;\"> <span style=\"color: #ff0000;\"> Mail<\/span><b>:<\/b><\/span><span style=\"font-size: xx-small;\"><a href=\"mailto:fernanda@quasarcomunicacion.com.ar\"> fernanda@quasarcomunicacion.com.ar<\/a><\/span><\/p>\n<\/td>\n<\/tr>\n<\/tbody>\n<\/table>\n<\/div>\n","protected":false},"excerpt":{"rendered":"<p>\u00a0La primera Expo para el sector recibi\u00f3 m\u00e1s de 2000 asistentes con el apoyo de 90 marcas, rondas de negocios [&hellip;]<\/p>\n","protected":false},"author":2,"featured_media":7594,"comment_status":"open","ping_status":"open","sticky":false,"template":"","format":"standard","meta":[],"categories":[2],"tags":[],"_links":{"self":[{"href":"https:\/\/quasarcomunicacion.com.ar\/web\/wp-json\/wp\/v2\/posts\/7596"}],"collection":[{"href":"https:\/\/quasarcomunicacion.com.ar\/web\/wp-json\/wp\/v2\/posts"}],"about":[{"href":"https:\/\/quasarcomunicacion.com.ar\/web\/wp-json\/wp\/v2\/types\/post"}],"author":[{"embeddable":true,"href":"https:\/\/quasarcomunicacion.com.ar\/web\/wp-json\/wp\/v2\/users\/2"}],"replies":[{"embeddable":true,"href":"https:\/\/quasarcomunicacion.com.ar\/web\/wp-json\/wp\/v2\/comments?post=7596"}],"version-history":[{"count":0,"href":"https:\/\/quasarcomunicacion.com.ar\/web\/wp-json\/wp\/v2\/posts\/7596\/revisions"}],"wp:featuredmedia":[{"embeddable":true,"href":"https:\/\/quasarcomunicacion.com.ar\/web\/wp-json\/wp\/v2\/media\/7594"}],"wp:attachment":[{"href":"https:\/\/quasarcomunicacion.com.ar\/web\/wp-json\/wp\/v2\/media?parent=7596"}],"wp:term":[{"taxonomy":"category","embeddable":true,"href":"https:\/\/quasarcomunicacion.com.ar\/web\/wp-json\/wp\/v2\/categories?post=7596"},{"taxonomy":"post_tag","embeddable":true,"href":"https:\/\/quasarcomunicacion.com.ar\/web\/wp-json\/wp\/v2\/tags?post=7596"}],"curies":[{"name":"wp","href":"https:\/\/api.w.org\/{rel}","templated":true}]}}