{"id":758,"date":"2012-09-03T13:55:56","date_gmt":"2012-09-03T13:55:56","guid":{"rendered":"http:\/\/quasarcomunicacion.wordpress.com\/?p=758"},"modified":"2012-09-03T13:55:56","modified_gmt":"2012-09-03T13:55:56","slug":"secretarias-con-alta-propension-a-sufrir-trastornos-de-ansiedad","status":"publish","type":"post","link":"https:\/\/quasarcomunicacion.com.ar\/web\/secretarias-con-alta-propension-a-sufrir-trastornos-de-ansiedad\/","title":{"rendered":"Secretarias con alta propensi\u00f3n a sufrir trastornos de ansiedad"},"content":{"rendered":"<p><img loading=\"lazy\" src=\"http:\/\/www.quasarcomunicacion.com.ar\/ceeta\/2009\/secretaria.gif\" alt=\"\" width=\"300\" height=\"210\" align=\"right\" hspace=\"6\" vspace=\"6\" \/><span style=\"font-family:Verdana;font-size:small;\">Seg\u00fan el\u00a0<strong>Centro de Estudios Especializados en Trastornos de Ansiedad (CEETA)<\/strong>, en la actualidad, los trabajadores que est\u00e1n en relaci\u00f3n de dependencia son m\u00e1s proclives a sufrir trastornos de ansiedad en comparaci\u00f3n con otros que trabajan de manera independiente. Las secretarias se encuadran dentro de este grupo con grandes chances de sufrir trastornos de ansiedad.<\/span><br \/>\n<span style=\"font-family:Verdana;font-size:small;\">\u201cEsto se debe en parte a que en su labor diaria, las secretarias conviven con muchas presiones laborales y tienen que cumplir con ciertas \u00f3rdenes y exigencias, que reciben de sus jefes\u201d, explica la Lic. Gabriela Mart\u00ednez Castro, Directora del\u00a0<strong>CEETA<\/strong>.<!--more--><\/span><br \/>\n<span style=\"font-family:Verdana;font-size:small;\">\u201cAdem\u00e1s, en la actualidad, es muy com\u00fan que los trabajadores tengan que ocuparse de una gran cantidad de tareas, en un tiempo determinado y deban asumir roles que antes no les correspond\u00edan\u201d, agrega Mart\u00ednez Castro.<\/span><br \/>\n<span style=\"font-family:Verdana;font-size:small;\">Los pico de estr\u00e9s laboral afectan preferentemente a los profesionales, quienes, se esfuerzan desmedidamente y de forma sostenida en el tiempo, lo cual origina grandes riesgos de contraer enfermedades, afectando, parad\u00f3jicamente, su rendimiento laboral y su calidad de vida.<\/span><br \/>\n<span style=\"font-family:Verdana;font-size:small;\">Seg\u00fan Mart\u00ednez Castro, \u201cel trastorno de ansiedad m\u00e1s caracter\u00edstico, en estos casos, ser\u00eda el Trastorno por Ansiedad Generalizada, caracterizado por una preocupaci\u00f3n excesiva que siente la persona ante determinados hechos de la vida cotidiana, como la exigencia laboral\u201d.<\/span><\/p>\n<div align=\"center\">\n<table id=\"AutoNumber5\" width=\"90%\" border=\"0\" cellspacing=\"4\" cellpadding=\"4\">\n<tbody>\n<tr>\n<td bgcolor=\"#ECFFF9\" width=\"100%\"><em><span style=\"font-family:Verdana;font-size:xx-small;\">Especialistas del CEETA<\/span><\/em><span style=\"font-family:Verdana;font-size:xx-small;\"><em>\u00a0est\u00e1n disponible para consultas o entrevistas sobre el tema. Comunicarse al\u00a0\u00a0<img src=\"\/\/lifbcibllhkdhoafpjfnlhfpfgnpldfl\/numbers_button_skype_logo.png\" alt=\"\" \/>011-4110-0183\u00a0\u00f3 011-15-6096-4656 para concretarlas o enviar un mail a\u00a0<a href=\"mailto:fernanda@quasarcomunicacion.com.ar\">fernanda@quasarcomunicacion.com.ar<\/a><\/em><\/span><\/td>\n<\/tr>\n<\/tbody>\n<\/table>\n<\/div>\n<p><span style=\"font-family:Verdana;font-size:small;\">La especialista asegura que, \u201caquellos que no pueden sustraerse de estas preocupaciones, pueden sufrir manifestaciones de tipo f\u00edsicas, como palpitaciones, taquicardia, sudoraci\u00f3n, problemas gastrointestinales, dolores de pecho, etc. O padecimientos ps\u00edquicos, tales como preocupaci\u00f3n excesiva, irritabilidad, insomnio, tristeza y sentimientos permanentes de angustia\u201d.<\/span><br \/>\n<span style=\"font-family:Verdana;font-size:small;\">Ante este tipo de situaci\u00f3n lo primero que se debe hacer es diferenciar si se trata de una cuesti\u00f3n biol\u00f3gica o un ataque de ansiedad, lo que puede descartarse con un chequeo m\u00e9dico. \u201cSiempre hay que tener en cuenta que tal vez estamos ante un cuadro biol\u00f3gico y no ante un simple cuadro de ansiedad. Los trastornos de ansiedad, muchas veces se confunden con enfermedades, por sus s\u00edntomas\u201d, sostiene.<\/span><br \/>\n<span style=\"font-family:Verdana;font-size:small;\">\u201cCuando la persona detecta este tipo de s\u00edntomas debe ir al m\u00e9dico quien, luego de hacer los chequeos correspondientes, deriva al paciente con trastornos de ansiedad con un especialista\u201d, contin\u00faa.<br \/>\nFinalmente, se recomienda que quienes sufren de alguna de estas patolog\u00edas pidan ayuda, ya que cuando se llega a una situaci\u00f3n en la que aparece un trastorno de este tipo la persona corre el riesgo de que incapacite su vida.<\/span><\/p>\n<div align=\"center\">\n<table id=\"AutoNumber4\" width=\"90%\" border=\"0\" cellspacing=\"4\" cellpadding=\"4\">\n<tbody>\n<tr>\n<td bgcolor=\"#ECFFF9\" width=\"100%\"><em><span style=\"font-family:Verdana;font-size:xx-small;\">Especialistas del CEETA<\/span><\/em><span style=\"font-family:Verdana;font-size:xx-small;\"><em>\u00a0est\u00e1n disponible para consultas o entrevistas sobre el tema. Comunicarse al\u00a0\u00a0<img src=\"\/\/lifbcibllhkdhoafpjfnlhfpfgnpldfl\/numbers_button_skype_logo.png\" alt=\"\" \/>011-4110-0183\u00a0\u00f3 011-15-6096-4656 para concretarlas o enviar un mail a\u00a0<a href=\"mailto:fernanda@quasarcomunicacion.com.ar\">fernanda@quasarcomunicacion.com.ar<\/a><\/em><\/span><\/td>\n<\/tr>\n<\/tbody>\n<\/table>\n<\/div>\n<p><span style=\"font-family:Verdana;font-size:small;\">El\u00a0<strong>Centro de Estudios Especializados en Trastornos de Ansiedad (CEETA)<\/strong>\u00a0est\u00e1 ubicado en el Edificio Concord-Sector los Almendros-piso segundo Oficina 202. Km 50 de la ruta Panamericana ramal Pilar. Tel\u00e9fono:\u00a0\u00a0<img src=\"\/\/lifbcibllhkdhoafpjfnlhfpfgnpldfl\/numbers_button_skype_logo.png\" alt=\"\" \/>02322-667175\u00a0<a href=\"http:\/\/www.ceeta.org\/\">www.ceeta.org<\/a>\u00a0En facebook<\/span><a href=\"https:\/\/www.facebook.com\/ceeta.pilar\">https:\/\/www.facebook.com\/ceeta.pilar<\/a><\/p>\n","protected":false},"excerpt":{"rendered":"<p>Seg\u00fan el\u00a0Centro de Estudios Especializados en Trastornos de Ansiedad (CEETA), en la actualidad, los trabajadores que est\u00e1n en relaci\u00f3n de [&hellip;]<\/p>\n","protected":false},"author":2,"featured_media":0,"comment_status":"open","ping_status":"open","sticky":false,"template":"","format":"standard","meta":[],"categories":[34],"tags":[],"_links":{"self":[{"href":"https:\/\/quasarcomunicacion.com.ar\/web\/wp-json\/wp\/v2\/posts\/758"}],"collection":[{"href":"https:\/\/quasarcomunicacion.com.ar\/web\/wp-json\/wp\/v2\/posts"}],"about":[{"href":"https:\/\/quasarcomunicacion.com.ar\/web\/wp-json\/wp\/v2\/types\/post"}],"author":[{"embeddable":true,"href":"https:\/\/quasarcomunicacion.com.ar\/web\/wp-json\/wp\/v2\/users\/2"}],"replies":[{"embeddable":true,"href":"https:\/\/quasarcomunicacion.com.ar\/web\/wp-json\/wp\/v2\/comments?post=758"}],"version-history":[{"count":0,"href":"https:\/\/quasarcomunicacion.com.ar\/web\/wp-json\/wp\/v2\/posts\/758\/revisions"}],"wp:attachment":[{"href":"https:\/\/quasarcomunicacion.com.ar\/web\/wp-json\/wp\/v2\/media?parent=758"}],"wp:term":[{"taxonomy":"category","embeddable":true,"href":"https:\/\/quasarcomunicacion.com.ar\/web\/wp-json\/wp\/v2\/categories?post=758"},{"taxonomy":"post_tag","embeddable":true,"href":"https:\/\/quasarcomunicacion.com.ar\/web\/wp-json\/wp\/v2\/tags?post=758"}],"curies":[{"name":"wp","href":"https:\/\/api.w.org\/{rel}","templated":true}]}}