{"id":755,"date":"2012-08-31T14:10:10","date_gmt":"2012-08-31T14:10:10","guid":{"rendered":"http:\/\/quasarcomunicacion.wordpress.com\/?p=755"},"modified":"2012-08-31T14:10:10","modified_gmt":"2012-08-31T14:10:10","slug":"mentedeportiva-renovo-su-pagina-web","status":"publish","type":"post","link":"https:\/\/quasarcomunicacion.com.ar\/web\/mentedeportiva-renovo-su-pagina-web\/","title":{"rendered":"Mentedeportiva renov\u00f3 su p\u00e1gina web"},"content":{"rendered":"<p style=\"text-align:left;\" align=\"center\"><span style=\"font-family:Verdana;font-size:small;\">La organizaci\u00f3n\u00a0<\/span><strong>Mentedeportiva<\/strong><span style=\"font-family:Verdana;font-size:small;\">Abarcando la capacitaci\u00f3n y el asesoramiento integral a profesionales del \u00e1mbito del deporte,\u00a0<\/span><strong>Mentedeportiva<\/strong><span style=\"font-family:Verdana;font-size:small;\">\u00a0propone la incorporaci\u00f3n de nuevas t\u00e9cnicas que vinculan la actividad f\u00edsica con la psicolog\u00eda.<\/span><span style=\"font-family:Verdana;font-size:small;\">\u00a0renov\u00f3 su p\u00e1gina web, incorporando un nuevo dise\u00f1o que integra los diversos aspectos relativos a los servicios que brinda desde 2010. Pod\u00e9s navegarla en www.mentedeportiva.<!--more--><\/span><\/p>\n<p><span style=\"font-family:Verdana;font-size:small;\">En el nuevo dise\u00f1o se visualiza claramente los enlaces a las redes sociales con presencia en Facebook, Twitter y Linkedin, entre otros recursos<\/span><br \/>\n<span style=\"font-family:Verdana;font-size:small;\">Orientado a instituciones, profesionales y otros integrantes de la comunidad deportiva, el nuevo dise\u00f1o de la p\u00e1gina web permite una r\u00e1pida navegaci\u00f3n, donde los usuarios pueden encontrar la descripci\u00f3n referida a las conferencias, charlas y talleres, as\u00ed como al servicio de consultor\u00eda a distancia que brinda la Lic. Jimena Mart\u00ednez, directora de<strong>Mentedeportiva<\/strong>.<\/span><br \/>\n<span style=\"font-family:Verdana;font-size:small;\"><strong>Mente Deportiva<\/strong>, tambi\u00e9n contin\u00faa con los talleres de coaching con caballos, organizados en colaboraci\u00f3n con PACAGUA. La duraci\u00f3n de cada uno de los encuentros es de 10 a 17 horas, donde se orienta a los participantes en: Comunicaci\u00f3n asertiva, liderazgo, y trabajo en equipo para el logro de objetivos.<\/span><br \/>\n<span style=\"font-family:Verdana;font-size:small;\">Para m\u00e1s informaci\u00f3n, ingresar a\u00a0<a href=\"http:\/\/www.mentedeportiva.com.ar\/\">http:\/\/www.mentedeportiva.com.ar<\/a><\/span><\/p>\n","protected":false},"excerpt":{"rendered":"<p>La organizaci\u00f3n\u00a0MentedeportivaAbarcando la capacitaci\u00f3n y el asesoramiento integral a profesionales del \u00e1mbito del deporte,\u00a0Mentedeportiva\u00a0propone la incorporaci\u00f3n de nuevas t\u00e9cnicas que [&hellip;]<\/p>\n","protected":false},"author":2,"featured_media":0,"comment_status":"open","ping_status":"open","sticky":false,"template":"","format":"standard","meta":[],"categories":[2],"tags":[],"_links":{"self":[{"href":"https:\/\/quasarcomunicacion.com.ar\/web\/wp-json\/wp\/v2\/posts\/755"}],"collection":[{"href":"https:\/\/quasarcomunicacion.com.ar\/web\/wp-json\/wp\/v2\/posts"}],"about":[{"href":"https:\/\/quasarcomunicacion.com.ar\/web\/wp-json\/wp\/v2\/types\/post"}],"author":[{"embeddable":true,"href":"https:\/\/quasarcomunicacion.com.ar\/web\/wp-json\/wp\/v2\/users\/2"}],"replies":[{"embeddable":true,"href":"https:\/\/quasarcomunicacion.com.ar\/web\/wp-json\/wp\/v2\/comments?post=755"}],"version-history":[{"count":0,"href":"https:\/\/quasarcomunicacion.com.ar\/web\/wp-json\/wp\/v2\/posts\/755\/revisions"}],"wp:attachment":[{"href":"https:\/\/quasarcomunicacion.com.ar\/web\/wp-json\/wp\/v2\/media?parent=755"}],"wp:term":[{"taxonomy":"category","embeddable":true,"href":"https:\/\/quasarcomunicacion.com.ar\/web\/wp-json\/wp\/v2\/categories?post=755"},{"taxonomy":"post_tag","embeddable":true,"href":"https:\/\/quasarcomunicacion.com.ar\/web\/wp-json\/wp\/v2\/tags?post=755"}],"curies":[{"name":"wp","href":"https:\/\/api.w.org\/{rel}","templated":true}]}}